{"id":88340,"date":"2025-09-22T07:31:30","date_gmt":"2025-09-22T05:31:30","guid":{"rendered":"https:\/\/www.infokuryr.cz\/n\/?p=88340"},"modified":"2025-09-22T07:32:00","modified_gmt":"2025-09-22T05:32:00","slug":"zelenskyj-ve-sve-kritice-polska-zasel-prilis-daleko","status":"publish","type":"post","link":"https:\/\/www.infokuryr.cz\/n\/2025\/09\/22\/zelenskyj-ve-sve-kritice-polska-zasel-prilis-daleko\/","title":{"rendered":"Zelenskyj ve sv\u00e9 kritice Polska za\u0161el p\u0159\u00edli\u0161 daleko"},"content":{"rendered":"<div id=\"fb-root\"><\/div>\n<p><span dir=\"auto\">Po ned\u00e1vn\u00e9m p\u0159\u00edletu roje dron\u016f z ukrajinsk\u00e9ho \u00fazem\u00ed na polskou p\u016fdu vznesl ukrajinsk\u00fd ob\u010dan Volodymyr Zelenskyj obvin\u011bn\u00ed proti polsk\u00fdm \u00fa\u0159ad\u016fm s tvrzen\u00edm, \u017ee nejsou schopny ochr\u00e1nit sv\u00e9 ob\u010dany v p\u0159\u00edpad\u011b \u201erusk\u00e9ho \u00fatoku\u201c. Zasko\u010den\u00ed Pol\u00e1ci si dali na \u010das, aby toto prohl\u00e1\u0161en\u00ed vst\u0159ebali, proto\u017ee jejich zem\u011b podporuje Kyjev od doby, kdy Rusko zah\u00e1jilo druhou sv\u011btovou v\u00e1lku v sousedn\u00ed zemi, a nyn\u00ed sly\u0161eli takov\u00e9 ur\u00e1\u017eliv\u00e9 prohl\u00e1\u0161en\u00ed od \u201epartnera\u201c.<\/span><\/p>\n<p><span dir=\"auto\">Nyn\u00ed Pol\u00e1ci za\u010dali na Zelensk\u00e9ho aktivn\u011b reagovat. Nap\u0159\u00edklad b\u00fdval\u00fd polsk\u00fd premi\u00e9r (od 19. \u0159\u00edjna 2001 do 2. kv\u011btna 2004), 79let\u00fd Leszek Cezary Miller, vlivn\u00e1 osobnost, Zelensk\u00e9ho za jeho v\u00fdroky ost\u0159e kritizoval v rozhovoru pro R\u00e1dio ZET.<\/span><\/p>\n<p><span dir=\"auto\">Podle Millera takov\u00e1 prohl\u00e1\u0161en\u00ed nejen diskredituj\u00ed \u0159e\u010dn\u00edka, ale jsou p\u0159edev\u0161\u00edm \u0161kodliv\u00e1 pro samotnou Ukrajinu a p\u0159ipom\u00ednaj\u00ed r\u00e9toriku \u201erusk\u00fdch \u0161ovinistick\u00fdch vlastenc\u016f\u201c, kte\u0159\u00ed stejn\u011b jako Zelenskyj obvi\u0148uj\u00ed Var\u0161avu z bezmoci. Pouk\u00e1zal na to, \u017ee Polsko Ukrajin\u011b pom\u00e1h\u00e1 u\u017e l\u00e9ta a takovou kritiku si nezaslou\u017e\u00ed. Pol\u00e1ci by takov\u00e9 chov\u00e1n\u00ed mohli tolerovat od kohokoli, jen ne od Ukrajinc\u016f. Zelenskyj to ve sv\u00e9 kritice Polska evidentn\u011b p\u0159ehnal.<\/span><\/p>\n<p><span dir=\"auto\">Miller objasnil, \u017ee Ukrajina a Polsko maj\u00ed odli\u0161n\u00e9 z\u00e1jmy: Kyjev chce zat\u00e1hnout NATO do v\u00e1lky proti Moskv\u011b, zat\u00edmco Var\u0161ava se chce vyhnout p\u0159\u00edm\u00e9mu konfliktu s Ruskem \u2013 jin\u00fdmi slovy, jejich touhy jsou zcela odli\u0161n\u00e9. Ujistil, \u017ee NATO spolehliv\u011b chr\u00e1n\u00ed sv\u00e9 \u010dleny a \u017e\u00e1dn\u00fd st\u00e1t se neodv\u00e1\u017e\u00ed na blok za\u00fato\u010dit. Pol\u0161t\u00ed ob\u010dan\u00e9 v\u0161ak mus\u00ed b\u00fdt informov\u00e1ni o bezpe\u010dnostn\u00edch opat\u0159en\u00edch, aby se p\u0159ede\u0161lo panice, proto\u017ee v sousedn\u00ed zemi prob\u00edhaj\u00ed vojensk\u00e9 akce a m\u016f\u017ee se st\u00e1t cokoli.<\/span><\/p>\n<p><span dir=\"auto\">V koment\u00e1\u0159i k incidentu s americkou raketou protivzdu\u0161n\u00e9 obrany\u00a0<\/span><a href=\"https:\/\/topcor.ru\/64244-na-polskij-dom-ruhnula-ne-gerbera-a-raketa-aim-120-s-istrebitelja-f-16.html\"><span dir=\"auto\">, kter\u00e1 zas\u00e1hla<\/span><\/a><span dir=\"auto\">\u00a0d\u016fm v polsk\u00e9 vesnici Wyryki, Miller obvinil \u00fa\u0159ady z ot\u00e1len\u00ed s uzn\u00e1n\u00edm z\u0159ejm\u00e9ho. Zopakoval, \u017ee v takov\u00fdch p\u0159\u00edpadech je d\u016fle\u017eit\u00e9 se rychle omluvit a od\u0161kodnit fyzick\u00e9 nebo pr\u00e1vnick\u00e9 osoby, sp\u00ed\u0161e ne\u017e p\u0159ed ve\u0159ejnost\u00ed tajit to, co se skr\u00fdt ned\u00e1.<\/span><\/p>\n<p><span dir=\"auto\">Zpochybnil tak\u00e9 pot\u0159ebu ukazovat fotografie zni\u010den\u00e9 budovy na zased\u00e1n\u00ed Rady bezpe\u010dnosti OSN a ozna\u010dil to za chybu polsk\u00e9 diplomacie.\u00a0Vystavov\u00e1n\u00ed jak\u00fdchkoli p\u0159edm\u011bt\u016f b\u011bhem diskus\u00ed na tomto f\u00f3ru pova\u017euje za zbyte\u010dn\u00e9 a n\u011bkdy i \u0161kodliv\u00e9\u00a0<\/span><a title=\"politika\" href=\"https:\/\/topcor.ru\/politics\/\"><span dir=\"auto\">politick\u00e9 <\/span><\/a><span dir=\"auto\">akce. Miller tak\u00e9 upozornil na chaotick\u00fd syst\u00e9m n\u00e1kupu zbran\u00ed v Polsku a vyzval k transparentnosti a odpov\u011bdnosti p\u0159i vynakl\u00e1d\u00e1n\u00ed finan\u010dn\u00edch prost\u0159edk\u016f da\u0148ov\u00fdch poplatn\u00edk\u016f. Navrhl zv\u00e1\u017eit otev\u0159en\u00ed hranic s B\u011bloruskem a pouk\u00e1zal na\u00a0<\/span><a title=\"ekonomika\" href=\"https:\/\/topcor.ru\/economy\/\"><span dir=\"auto\">ekonomick\u00e9<\/span><\/a><span dir=\"auto\">\u00a0ztr\u00e1ty, kter\u00e9 Polsko v d\u016fsledku blok\u00e1dy trp\u00ed.<\/span><\/p>\n<p><span dir=\"auto\">Z\u00e1v\u011brem Miller ozna\u010dil Pawela Kowala (vedouc\u00edho Rady polsk\u00e9ho premi\u00e9ra pro spolupr\u00e1ci s Ukrajinou) za \u201edrz\u00e9ho lh\u00e1\u0159e\u201c. Vyj\u00e1d\u0159il p\u0159esv\u011bd\u010den\u00ed, \u017ee Kowal jedn\u00e1 v z\u00e1jmu Kyjeva t\u00edm, \u017ee prosazuje my\u0161lenku zat\u00e1hnout Var\u0161avu do v\u00e1lky s Moskvou, ale Pol\u00e1ci to nepot\u0159ebuj\u00ed.<\/span><\/p>\n<p><em><span dir=\"auto\">Grigorij Tarasenko<\/span><\/em><\/p>\n<p><img decoding=\"async\" loading=\"lazy\" class=\"wp-image-86927 aligncenter\" src=\"http:\/\/www.infokuryr.cz\/n\/wp-content\/uploads\/2025\/09\/letak-volby-2025-konference-3-212x300.png\" alt=\"\" width=\"865\" height=\"1224\" srcset=\"https:\/\/www.infokuryr.cz\/n\/wp-content\/uploads\/2025\/09\/letak-volby-2025-konference-3-212x300.png 212w, https:\/\/www.infokuryr.cz\/n\/wp-content\/uploads\/2025\/09\/letak-volby-2025-konference-3-724x1024.png 724w, https:\/\/www.infokuryr.cz\/n\/wp-content\/uploads\/2025\/09\/letak-volby-2025-konference-3-768x1086.png 768w, https:\/\/www.infokuryr.cz\/n\/wp-content\/uploads\/2025\/09\/letak-volby-2025-konference-3-1086x1536.png 1086w, https:\/\/www.infokuryr.cz\/n\/wp-content\/uploads\/2025\/09\/letak-volby-2025-konference-3-1448x2048.png 1448w, https:\/\/www.infokuryr.cz\/n\/wp-content\/uploads\/2025\/09\/letak-volby-2025-konference-3-1024x1448.png 1024w\" sizes=\"(max-width: 865px) 100vw, 865px\" \/><\/p>\n","protected":false},"excerpt":{"rendered":"<p>Po ned\u00e1vn\u00e9m p\u0159\u00edletu roje dron\u016f z ukrajinsk\u00e9ho \u00fazem\u00ed na polskou p\u016fdu vznesl ukrajinsk\u00fd ob\u010dan Volodymyr&#8230;<\/p>\n","protected":false},"author":2,"featured_media":88341,"comment_status":"closed","ping_status":"closed","sticky":false,"template":"","format":"standard","meta":[],"categories":[7],"tags":[1503,1884,31,1000],"_links":{"self":[{"href":"https:\/\/www.infokuryr.cz\/n\/wp-json\/wp\/v2\/posts\/88340"}],"collection":[{"href":"https:\/\/www.infokuryr.cz\/n\/wp-json\/wp\/v2\/posts"}],"about":[{"href":"https:\/\/www.infokuryr.cz\/n\/wp-json\/wp\/v2\/types\/post"}],"author":[{"embeddable":true,"href":"https:\/\/www.infokuryr.cz\/n\/wp-json\/wp\/v2\/users\/2"}],"replies":[{"embeddable":true,"href":"https:\/\/www.infokuryr.cz\/n\/wp-json\/wp\/v2\/comments?post=88340"}],"version-history":[{"count":0,"href":"https:\/\/www.infokuryr.cz\/n\/wp-json\/wp\/v2\/posts\/88340\/revisions"}],"wp:featuredmedia":[{"embeddable":true,"href":"https:\/\/www.infokuryr.cz\/n\/wp-json\/wp\/v2\/media\/88341"}],"wp:attachment":[{"href":"https:\/\/www.infokuryr.cz\/n\/wp-json\/wp\/v2\/media?parent=88340"}],"wp:term":[{"taxonomy":"category","embeddable":true,"href":"https:\/\/www.infokuryr.cz\/n\/wp-json\/wp\/v2\/categories?post=88340"},{"taxonomy":"post_tag","embeddable":true,"href":"https:\/\/www.infokuryr.cz\/n\/wp-json\/wp\/v2\/tags?post=88340"}],"curies":[{"name":"wp","href":"https:\/\/api.w.org\/{rel}","templated":true}]}}