{"id":88338,"date":"2025-09-22T07:27:45","date_gmt":"2025-09-22T05:27:45","guid":{"rendered":"https:\/\/www.infokuryr.cz\/n\/?p=88338"},"modified":"2025-09-22T07:29:13","modified_gmt":"2025-09-22T05:29:13","slug":"proc-anglicane-a-izrael-plati-za-stihacky-f-35-polovinu-ceske-ceny-kde-si-budete-zkorumpovani-lumpove-stavet-vily","status":"publish","type":"post","link":"https:\/\/www.infokuryr.cz\/n\/2025\/09\/22\/proc-anglicane-a-izrael-plati-za-stihacky-f-35-polovinu-ceske-ceny-kde-si-budete-zkorumpovani-lumpove-stavet-vily\/","title":{"rendered":"Pro\u010d Angli\u010dan\u00e9 a Izrael plat\u00ed za st\u00edha\u010dky F-35 polovinu \u010desk\u00e9 ceny? Kde si budete zkorumpovan\u00ed  lumpov\u00e9 stav\u011bt vily?"},"content":{"rendered":"<div id=\"fb-root\"><\/div>\n<p>P\u0159ed p\u00e1r t\u00fddny se ud\u00e1la pozoruhodn\u00e1 ud\u00e1lost. St\u00edha\u010dka britsk\u00e9 arm\u00e1dy F-35 musela kv\u016fli z\u00e1vad\u011b nouzov\u011b p\u0159ist\u00e1t v\u00a0Indii a tam str\u00e1vit n\u011bkolik t\u00fddn\u016f v\u00a0oprav\u011b. V<strong>\u00a0t\u00e9 souvislosti britsk\u00e1 m\u00e9dia opakovan\u011b p\u0159inesla informace o cen\u011b t\u011bchto letoun\u016f. Velk\u00e1 Brit\u00e1nie\u00a0<a href=\"https:\/\/www.independent.co.uk\/asia\/india\/british-fighter-jet-kerala-thiruvananthapuram-airport-b2792696.html\">zaplatila za kus 80 mil liber.<\/a>\u00a0To by bylo podle aktu\u00e1ln\u00edho kurzu zhruba 2,3 mld K\u010d. \u010cesko jen za st\u00edha\u010dky p\u0159itom zaplat\u00ed za kus 4,42mld K\u010d a je\u0161t\u011b je dostane a\u017e za \u0159adu let. Je to zlod\u011bjna ob\u0159\u00edch rozm\u011br\u016f a jak vid\u00edte \u201eseri\u00f3zn\u00ed\u201c m\u00e9dia o tom ml\u010d\u00ed.<\/strong><\/p>\n<p>Za stejnou \u010d\u00e1stku jako Brit\u00e1nie dost\u00e1v\u00e1 F35 i\u00a0 Izrael.<strong>\u00a0Levn\u011bj\u0161\u00ed je m\u00e1j\u00ed i v\u0161echny dal\u0161\u00ed zem\u011b. \u0158ecko, Rumunsko atd. atd.<em>.<\/em><\/strong><\/p>\n<p><strong>Vysv\u011btlen\u00ed n\u00e1kupu dvojn\u00e1sobn\u011b p\u0159edra\u017een\u00fdch st\u00edha\u010dek F35 mohou b\u00fdt jen 2. Jedn\u00e1 se o nucen\u00fd\u00a0 odvod prost\u0159edk\u016f z\u00a0kolonie zvan\u00e9 \u010cesko, nebo je za t\u00edm ob\u0159\u00ed korupce vl\u00e1dy Petra Fialy<em>.<\/em><\/strong><\/p>\n<p><strong>Pravd\u011bpodobn\u011b to bude kombinace obou v\u00fd\u0161e uveden\u00fdch mo\u017enost\u00ed. Pak je ale ot\u00e1zkou, kde si postav\u00ed vily na st\u00e1\u0159\u00ed \u201e\u010de\u0161t\u00ed\u201c politici, kte\u0159\u00ed o tom rozhodli<\/strong>? Vzhledem k\u00a0jejich etnick\u00e9mu p\u016fvodu bych to odhadoval na Galilejsk\u00e9 jezero, nebo mo\u017en\u00e1 etnicky vy\u010di\u0161t\u011bn\u00e9 p\u00e1smo Gaza\u2026. Tam pak budou mezi sv\u00fdmi studovat \u201eposv\u00e1tn\u00e9\u201c knihy a chechtat se \u010cech\u016fm, jak je okradli.<\/p>\n<p>Jejich m\u00edstn\u00ed lokajov\u00e9, seberou drobky ze stolu a koup\u00ed si vilku n\u011bkde v Chorvatsku, nebo \u0158ecku a tam budou vypr\u00e1v\u011bt o liber\u00e1ln\u00ed demokracii a jejich v\u00fdhod\u00e1ch\u2026.<\/p>\n<p><strong>Nebo si to \u010ce\u0161i nenechaj\u00ed l\u00edbit?<\/strong><\/p>\n<p><img decoding=\"async\" class=\"aligncenter\" src=\"https:\/\/ceskavec.com\/wp-content\/uploads\/2024\/01\/image-14.png\" \/><\/p>\n<p style=\"text-align: center;\"><em>Smlouvu o n\u00e1kupu vysoce p\u0159edra\u017een\u00fdch letoun\u016f F 35 podepsala za \u201e\u010deskou: vl\u00e1du min. Jana \u010cernochov\u00e1 ODS. Na obr\u00e1zku na demonstraci za Izrael.<\/em><\/p>\n<p><em><a href=\"https:\/\/ceskavec.com\/2025\/09\/proc-anglicane-a-izrael-plati-za-stihacky-f-35-polovinu-ceske-ceny-kde-si-budete-zkorumpovani-lumpove-stavet-vily\">Joe Nowak,<\/a> Chicago, USA<\/em><\/p>\n<p><img decoding=\"async\" loading=\"lazy\" class=\"wp-image-86739 aligncenter\" src=\"http:\/\/www.infokuryr.cz\/n\/wp-content\/uploads\/2025\/08\/volby-program-211x300.png\" alt=\"\" width=\"795\" height=\"1130\" srcset=\"https:\/\/www.infokuryr.cz\/n\/wp-content\/uploads\/2025\/08\/volby-program-211x300.png 211w, https:\/\/www.infokuryr.cz\/n\/wp-content\/uploads\/2025\/08\/volby-program-721x1024.png 721w, https:\/\/www.infokuryr.cz\/n\/wp-content\/uploads\/2025\/08\/volby-program-768x1091.png 768w, https:\/\/www.infokuryr.cz\/n\/wp-content\/uploads\/2025\/08\/volby-program-1081x1536.png 1081w, https:\/\/www.infokuryr.cz\/n\/wp-content\/uploads\/2025\/08\/volby-program-1442x2048.png 1442w, https:\/\/www.infokuryr.cz\/n\/wp-content\/uploads\/2025\/08\/volby-program-1024x1455.png 1024w\" sizes=\"(max-width: 795px) 100vw, 795px\" \/><\/p>\n","protected":false},"excerpt":{"rendered":"<p>P\u0159ed p\u00e1r t\u00fddny se ud\u00e1la pozoruhodn\u00e1 ud\u00e1lost. St\u00edha\u010dka britsk\u00e9 arm\u00e1dy F-35 musela kv\u016fli z\u00e1vad\u011b nouzov\u011b&#8230;<\/p>\n","protected":false},"author":2,"featured_media":76260,"comment_status":"closed","ping_status":"closed","sticky":false,"template":"","format":"standard","meta":[],"categories":[6],"tags":[670,1284,207,457],"_links":{"self":[{"href":"https:\/\/www.infokuryr.cz\/n\/wp-json\/wp\/v2\/posts\/88338"}],"collection":[{"href":"https:\/\/www.infokuryr.cz\/n\/wp-json\/wp\/v2\/posts"}],"about":[{"href":"https:\/\/www.infokuryr.cz\/n\/wp-json\/wp\/v2\/types\/post"}],"author":[{"embeddable":true,"href":"https:\/\/www.infokuryr.cz\/n\/wp-json\/wp\/v2\/users\/2"}],"replies":[{"embeddable":true,"href":"https:\/\/www.infokuryr.cz\/n\/wp-json\/wp\/v2\/comments?post=88338"}],"version-history":[{"count":1,"href":"https:\/\/www.infokuryr.cz\/n\/wp-json\/wp\/v2\/posts\/88338\/revisions"}],"predecessor-version":[{"id":88339,"href":"https:\/\/www.infokuryr.cz\/n\/wp-json\/wp\/v2\/posts\/88338\/revisions\/88339"}],"wp:featuredmedia":[{"embeddable":true,"href":"https:\/\/www.infokuryr.cz\/n\/wp-json\/wp\/v2\/media\/76260"}],"wp:attachment":[{"href":"https:\/\/www.infokuryr.cz\/n\/wp-json\/wp\/v2\/media?parent=88338"}],"wp:term":[{"taxonomy":"category","embeddable":true,"href":"https:\/\/www.infokuryr.cz\/n\/wp-json\/wp\/v2\/categories?post=88338"},{"taxonomy":"post_tag","embeddable":true,"href":"https:\/\/www.infokuryr.cz\/n\/wp-json\/wp\/v2\/tags?post=88338"}],"curies":[{"name":"wp","href":"https:\/\/api.w.org\/{rel}","templated":true}]}}