{"id":88334,"date":"2025-09-22T07:17:59","date_gmt":"2025-09-22T05:17:59","guid":{"rendered":"https:\/\/www.infokuryr.cz\/n\/?p=88334"},"modified":"2025-09-22T07:17:59","modified_gmt":"2025-09-22T05:17:59","slug":"netanjahu-varuje-ze-palestinsky-stat-nevznikne","status":"publish","type":"post","link":"https:\/\/www.infokuryr.cz\/n\/2025\/09\/22\/netanjahu-varuje-ze-palestinsky-stat-nevznikne\/","title":{"rendered":"Netanjahu varuje, \u017ee palestinsk\u00fd st\u00e1t \u201enevznikne\u201c"},"content":{"rendered":"<div id=\"fb-root\"><\/div>\n<h3>Izraelsk\u00fd premi\u00e9r prohl\u00e1sil, \u017ee bojoval proti \u0159e\u0161en\u00ed zalo\u017een\u00e9mu na existenci dvou st\u00e1t\u016f, a to i p\u0159es \u201eobrovsk\u00fd tlak\u201c<\/h3>\n<p><span dir=\"auto\">Palestinsk\u00fd st\u00e1t nikdy nevznikne z\u00e1padn\u011b od \u0159eky Jord\u00e1n, prohl\u00e1sil izraelsk\u00fd premi\u00e9r Benjamin Netanjahu v reakci na dotazy st\u00e1t\u016f, kter\u00e9 ned\u00e1vno uznaly Palestinu.<\/span><\/p>\n<p><span dir=\"auto\">Portugalsko n\u00e1sledovalo Velkou Brit\u00e1nii, Kanadu a Austr\u00e1lii a v ned\u011bli form\u00e1ln\u011b uznalo palestinskou st\u00e1tnost a p\u0159ipojilo se tak k rostouc\u00edmu seznamu zem\u00ed, kter\u00e9 tento krok u\u010dinily od zah\u00e1jen\u00ed izraelsk\u00e9 vojensk\u00e9 kampan\u011b proti Ham\u00e1su v Gaze.<\/span><\/p>\n<p><em><span dir=\"auto\">\u201eM\u00e1m jasn\u00fd vzkaz pro ty v\u016fdce, kte\u0159\u00ed po hr\u016fzn\u00e9m masakru 7. \u0159\u00edjna uznaj\u00ed palestinsk\u00fd st\u00e1t \u2013 d\u00e1v\u00e1te obrovskou odm\u011bnu teroru,\u201c<\/span><\/em><span dir=\"auto\">\u00a0uvedl Netanjahu ve video prohl\u00e1\u0161en\u00ed na stanici X v ned\u011bli.<\/span><\/p>\n<p><em><span dir=\"auto\">\u201eTo se nestane. Palestinsk\u00fd st\u00e1t z\u00e1padn\u011b od Jord\u00e1nu nevznikne,\u201c<\/span><\/em><span dir=\"auto\">\u00a0\u0159ekl a dodal, \u017ee tomu roky br\u00e1n\u00ed, p\u0159esto\u017ee \u010del\u00ed\u00a0<\/span><em><span dir=\"auto\">\u201eobrovsk\u00e9mu tlaku\u201c<\/span><\/em><span dir=\"auto\">\u00a0doma i v zahrani\u010d\u00ed.<\/span><\/p>\n<p><span dir=\"auto\">Ham\u00e1s za\u00fato\u010dil na Izrael 7. \u0159\u00edjna 2023, zabil p\u0159ibli\u017en\u011b 1200 lid\u00ed a v\u00edce ne\u017e 250 jich zajal jako rukojm\u00ed zp\u011bt v Gaze.<\/span><\/p>\n<p><span dir=\"auto\">Z\u00e1padn\u00ed Jeruzal\u00e9m reagoval blok\u00e1dou a rozs\u00e1hlou vojenskou operac\u00ed proti palestinsk\u00e9 enkl\u00e1v\u011b, p\u0159i n\u00ed\u017e podle m\u00edstn\u00edch zdravotnick\u00fdch \u00fa\u0159ad\u016f veden\u00fdch Ham\u00e1sem zahynulo v\u00edce ne\u017e 65 000 obyvatel Gazy.<\/span><\/p>\n<p><span dir=\"auto\">Izraelsk\u00e1 eskaluj\u00edc\u00ed vojensk\u00e1 kampa\u0148 \u010del\u00ed rostouc\u00edmu mezin\u00e1rodn\u00edmu tlaku. \u0160pan\u011blsk\u00fd premi\u00e9r Pedro S\u00e1nchez v \u00fater\u00fd zru\u0161il vojensk\u00e9 kontrakty s izraelsk\u00fdmi firmami v hodnot\u011b t\u00e9m\u011b\u0159 1 miliardy eur (1,18 miliardy dolar\u016f).<\/span><\/p>\n<p><span dir=\"auto\">Netanjahu minul\u00fd t\u00fdden varoval, \u017ee Izrael mus\u00ed za\u010d\u00edt budovat sob\u011bsta\u010dn\u011bj\u0161\u00ed ekonomiku.<\/span><em><span dir=\"auto\">v\u00e1n,\u201c<\/span><\/em><span dir=\"auto\">\u00a0\u0159ekl v ned\u011bln\u00edm projevu.\u00a0<\/span><em><span dir=\"auto\">\u201eNem\u00e1me na v\u00fdb\u011br. Alespo\u0148 v nadch\u00e1zej\u00edc\u00edch letech se budeme muset s t\u011bmito pokusy o izolaci vypo\u0159\u00e1dat.\u201c<\/span><\/em><\/p>\n<p><img decoding=\"async\" loading=\"lazy\" class=\"alignnone size-full wp-image-1185\" src=\"http:\/\/www.infokuryr.cz\/n\/wp-content\/uploads\/2021\/04\/kuryr-podpis.png\" alt=\"\" width=\"84\" height=\"24\" \/><\/p>\n<p><img decoding=\"async\" loading=\"lazy\" class=\"wp-image-86927 aligncenter\" src=\"http:\/\/www.infokuryr.cz\/n\/wp-content\/uploads\/2025\/09\/letak-volby-2025-konference-3-212x300.png\" alt=\"\" width=\"865\" height=\"1224\" srcset=\"https:\/\/www.infokuryr.cz\/n\/wp-content\/uploads\/2025\/09\/letak-volby-2025-konference-3-212x300.png 212w, https:\/\/www.infokuryr.cz\/n\/wp-content\/uploads\/2025\/09\/letak-volby-2025-konference-3-724x1024.png 724w, https:\/\/www.infokuryr.cz\/n\/wp-content\/uploads\/2025\/09\/letak-volby-2025-konference-3-768x1086.png 768w, https:\/\/www.infokuryr.cz\/n\/wp-content\/uploads\/2025\/09\/letak-volby-2025-konference-3-1086x1536.png 1086w, https:\/\/www.infokuryr.cz\/n\/wp-content\/uploads\/2025\/09\/letak-volby-2025-konference-3-1448x2048.png 1448w, https:\/\/www.infokuryr.cz\/n\/wp-content\/uploads\/2025\/09\/letak-volby-2025-konference-3-1024x1448.png 1024w\" sizes=\"(max-width: 865px) 100vw, 865px\" \/><\/p>\n","protected":false},"excerpt":{"rendered":"<p>Izraelsk\u00fd premi\u00e9r prohl\u00e1sil, \u017ee bojoval proti \u0159e\u0161en\u00ed zalo\u017een\u00e9mu na existenci dvou st\u00e1t\u016f, a to i&#8230;<\/p>\n","protected":false},"author":2,"featured_media":72149,"comment_status":"closed","ping_status":"closed","sticky":false,"template":"","format":"standard","meta":[],"categories":[7],"tags":[4537,107,312],"_links":{"self":[{"href":"https:\/\/www.infokuryr.cz\/n\/wp-json\/wp\/v2\/posts\/88334"}],"collection":[{"href":"https:\/\/www.infokuryr.cz\/n\/wp-json\/wp\/v2\/posts"}],"about":[{"href":"https:\/\/www.infokuryr.cz\/n\/wp-json\/wp\/v2\/types\/post"}],"author":[{"embeddable":true,"href":"https:\/\/www.infokuryr.cz\/n\/wp-json\/wp\/v2\/users\/2"}],"replies":[{"embeddable":true,"href":"https:\/\/www.infokuryr.cz\/n\/wp-json\/wp\/v2\/comments?post=88334"}],"version-history":[{"count":0,"href":"https:\/\/www.infokuryr.cz\/n\/wp-json\/wp\/v2\/posts\/88334\/revisions"}],"wp:featuredmedia":[{"embeddable":true,"href":"https:\/\/www.infokuryr.cz\/n\/wp-json\/wp\/v2\/media\/72149"}],"wp:attachment":[{"href":"https:\/\/www.infokuryr.cz\/n\/wp-json\/wp\/v2\/media?parent=88334"}],"wp:term":[{"taxonomy":"category","embeddable":true,"href":"https:\/\/www.infokuryr.cz\/n\/wp-json\/wp\/v2\/categories?post=88334"},{"taxonomy":"post_tag","embeddable":true,"href":"https:\/\/www.infokuryr.cz\/n\/wp-json\/wp\/v2\/tags?post=88334"}],"curies":[{"name":"wp","href":"https:\/\/api.w.org\/{rel}","templated":true}]}}