{"id":88330,"date":"2025-09-22T07:13:00","date_gmt":"2025-09-22T05:13:00","guid":{"rendered":"https:\/\/www.infokuryr.cz\/n\/?p=88330"},"modified":"2025-09-22T07:13:00","modified_gmt":"2025-09-22T05:13:00","slug":"petr-pokorny-jdeme-do-finale-aneb-za-vsechno-muze-putin","status":"publish","type":"post","link":"https:\/\/www.infokuryr.cz\/n\/2025\/09\/22\/petr-pokorny-jdeme-do-finale-aneb-za-vsechno-muze-putin\/","title":{"rendered":"Petr Pokorn\u00fd: Jdeme do fin\u00e1le, aneb za v\u0161echno m\u016f\u017ee Putin&#8230;"},"content":{"rendered":"<div id=\"fb-root\"><\/div>\n<h4>Cenzura jak v roce 1948. Nesm\u00edme zn\u00e1t nic z v\u00fdchodu, co kdyby n\u00e1hodou m\u011bli pravdu. Mus\u00edme v\u011b\u0159it &#8222;ojrobol\u0161evik\u016fm&#8220;, jako bol\u0161evik\u016fm v roce 1948.<\/h4>\n<div style=\"width: 468px;\" class=\"wp-video\"><!--[if lt IE 9]><script>document.createElement('video');<\/script><![endif]-->\n<video class=\"wp-video-shortcode\" id=\"video-88330-1\" width=\"468\" height=\"360\" preload=\"metadata\" controls=\"controls\"><source type=\"video\/mp4\" src=\"http:\/\/www.infokuryr.cz\/n\/wp-content\/uploads\/2025\/09\/pavel.mp4?_=1\" \/><a href=\"http:\/\/www.infokuryr.cz\/n\/wp-content\/uploads\/2025\/09\/pavel.mp4\">http:\/\/www.infokuryr.cz\/n\/wp-content\/uploads\/2025\/09\/pavel.mp4<\/a><\/video><\/div>\n<p>&nbsp;<\/p>\n<p>Tenkr\u00e1t n\u00e1s trestali za zpr\u00e1vy ze z\u00e1padu, nyn\u00ed z v\u00fdchodu. Tenkr\u00e1t jsme se m\u011bli b\u00e1t z\u00e1padn\u00ed imperialistick\u00e9 propagandy, nyn\u00ed se m\u00e1me b\u00e1t v\u00fdchodn\u00ed imperialistick\u00e9 propagandy.<\/p>\n<p>Tenkr\u00e1t byli ve veden\u00ed bol\u0161evici jako agent P\u00e1vek alias Petr Pavel, nyn\u00ed je ve veden\u00ed eurobol\u0161evik agent P\u00e1vek alias Petr Pavel a jemu podobn\u00ed. A rud\u00e1 kn\u00ed\u017eka ukryt\u00e1 v trezoru, kdyby se zase doba zm\u011bnila. A kdo za v\u0161echno m\u016f\u017ee? No p\u0159ece&#8230;<\/p>\n<p><a href=\"https:\/\/www.skrytapravda.cz\/z-domova\/2781-jdeme-do-finale-aneb-za-vsechno-muze-putin\">Petr Pokorn\u00fd<\/a><\/p>\n<p><img decoding=\"async\" loading=\"lazy\" class=\"wp-image-86739 aligncenter\" src=\"http:\/\/www.infokuryr.cz\/n\/wp-content\/uploads\/2025\/08\/volby-program-211x300.png\" alt=\"\" width=\"779\" height=\"1107\" srcset=\"https:\/\/www.infokuryr.cz\/n\/wp-content\/uploads\/2025\/08\/volby-program-211x300.png 211w, https:\/\/www.infokuryr.cz\/n\/wp-content\/uploads\/2025\/08\/volby-program-721x1024.png 721w, https:\/\/www.infokuryr.cz\/n\/wp-content\/uploads\/2025\/08\/volby-program-768x1091.png 768w, https:\/\/www.infokuryr.cz\/n\/wp-content\/uploads\/2025\/08\/volby-program-1081x1536.png 1081w, https:\/\/www.infokuryr.cz\/n\/wp-content\/uploads\/2025\/08\/volby-program-1442x2048.png 1442w, https:\/\/www.infokuryr.cz\/n\/wp-content\/uploads\/2025\/08\/volby-program-1024x1455.png 1024w\" sizes=\"(max-width: 779px) 100vw, 779px\" \/><\/p>\n","protected":false},"excerpt":{"rendered":"<p>Cenzura jak v roce 1948. Nesm\u00edme zn\u00e1t nic z v\u00fdchodu, co kdyby n\u00e1hodou m\u011bli pravdu&#8230;.<\/p>\n","protected":false},"author":2,"featured_media":72072,"comment_status":"closed","ping_status":"closed","sticky":false,"template":"","format":"standard","meta":[],"categories":[6],"tags":[28,851,1173,102,889],"_links":{"self":[{"href":"https:\/\/www.infokuryr.cz\/n\/wp-json\/wp\/v2\/posts\/88330"}],"collection":[{"href":"https:\/\/www.infokuryr.cz\/n\/wp-json\/wp\/v2\/posts"}],"about":[{"href":"https:\/\/www.infokuryr.cz\/n\/wp-json\/wp\/v2\/types\/post"}],"author":[{"embeddable":true,"href":"https:\/\/www.infokuryr.cz\/n\/wp-json\/wp\/v2\/users\/2"}],"replies":[{"embeddable":true,"href":"https:\/\/www.infokuryr.cz\/n\/wp-json\/wp\/v2\/comments?post=88330"}],"version-history":[{"count":1,"href":"https:\/\/www.infokuryr.cz\/n\/wp-json\/wp\/v2\/posts\/88330\/revisions"}],"predecessor-version":[{"id":88332,"href":"https:\/\/www.infokuryr.cz\/n\/wp-json\/wp\/v2\/posts\/88330\/revisions\/88332"}],"wp:featuredmedia":[{"embeddable":true,"href":"https:\/\/www.infokuryr.cz\/n\/wp-json\/wp\/v2\/media\/72072"}],"wp:attachment":[{"href":"https:\/\/www.infokuryr.cz\/n\/wp-json\/wp\/v2\/media?parent=88330"}],"wp:term":[{"taxonomy":"category","embeddable":true,"href":"https:\/\/www.infokuryr.cz\/n\/wp-json\/wp\/v2\/categories?post=88330"},{"taxonomy":"post_tag","embeddable":true,"href":"https:\/\/www.infokuryr.cz\/n\/wp-json\/wp\/v2\/tags?post=88330"}],"curies":[{"name":"wp","href":"https:\/\/api.w.org\/{rel}","templated":true}]}}