{"id":88329,"date":"2025-09-22T07:10:08","date_gmt":"2025-09-22T05:10:08","guid":{"rendered":"https:\/\/www.infokuryr.cz\/n\/?p=88329"},"modified":"2025-09-22T07:10:08","modified_gmt":"2025-09-22T05:10:08","slug":"iran-ukonci-spolupraci-s-jadernym-dozorcim-organem-osn","status":"publish","type":"post","link":"https:\/\/www.infokuryr.cz\/n\/2025\/09\/22\/iran-ukonci-spolupraci-s-jadernym-dozorcim-organem-osn\/","title":{"rendered":"\u00cdr\u00e1n ukon\u010d\u00ed spolupr\u00e1ci s jadern\u00fdm dozor\u010d\u00edm org\u00e1nem OSN"},"content":{"rendered":"<div id=\"fb-root\"><\/div>\n<h3>Teher\u00e1n uvedl, \u017ee snaha z\u00e1padoevropsk\u00fdch zem\u00ed o obnoven\u00ed sankc\u00ed zma\u0159ila ned\u00e1vnou dohodu o monitorov\u00e1n\u00ed<\/h3>\n<p><span dir=\"auto\">\u00cdr\u00e1nsk\u00fd nejvy\u0161\u0161\u00ed bezpe\u010dnostn\u00ed org\u00e1n ozn\u00e1mil pozastaven\u00ed jadern\u00e9 spolupr\u00e1ce s Mezin\u00e1rodn\u00ed agenturou pro atomovou energii (MAAE) s odvol\u00e1n\u00edm na kroky z\u00e1padoevropsk\u00fdch zem\u00ed proti \u00cdr\u00e1nsk\u00e9 isl\u00e1msk\u00e9 republice.<\/span><\/p>\n<p><span dir=\"auto\">Rada bezpe\u010dnosti OSN v p\u00e1tek hlasovala o obnoven\u00ed sankc\u00ed v\u016f\u010di \u00cdr\u00e1nu, kter\u00e9 byly pozastaveny v\u00fdm\u011bnou za omezen\u00ed jeho jadern\u00e9ho programu v dohod\u011b z roku 2015. Takzvan\u00fd mechanismus\u00a0<\/span><em><span dir=\"auto\">\u201esnapback\u201c<\/span><\/em><span dir=\"auto\">\u00a0byl minul\u00fd m\u011bs\u00edc iniciov\u00e1n Brit\u00e1ni\u00ed, Franci\u00ed a N\u011bmeckem.<\/span><\/p>\n<p><em><span dir=\"auto\">\u201eNeuv\u00e1\u017een\u00e9 kroky t\u0159\u00ed evropsk\u00fdch zem\u00ed ohledn\u011b \u00edr\u00e1nsk\u00e9 jadern\u00e9 ot\u00e1zky\u2026 fakticky pozastav\u00ed spolupr\u00e1ci s agenturou,\u201c<\/span><\/em><span dir=\"auto\">\u00a0uvedla \u00edr\u00e1nsk\u00e1 Nejvy\u0161\u0161\u00ed rada n\u00e1rodn\u00ed bezpe\u010dnosti ve sv\u00e9m prohl\u00e1\u0161en\u00ed, kter\u00e9 citovala st\u00e1tn\u00ed tiskov\u00e1 agentura IRNA.<\/span><\/p>\n<p><span dir=\"auto\">Evropsk\u00e9 zem\u011b podnikly tyto kroky navzdory spolupr\u00e1ci \u00edr\u00e1nsk\u00e9ho ministerstva zahrani\u010d\u00ed s jadern\u00fdm dozor\u010d\u00edm org\u00e1nem OSN a\u00a0<\/span><em><span dir=\"auto\">\u201ep\u0159edlo\u017een\u00ed pl\u00e1n\u016f na \u0159e\u0161en\u00ed probl\u00e9mu,\u201c<\/span><\/em><span dir=\"auto\">\u00a0uvedlo ministerstvo.<\/span><\/p>\n<p><span dir=\"auto\">Za\u010d\u00e1tkem tohoto m\u011bs\u00edce dos\u00e1hly Teher\u00e1n a MAAE dohody, kter\u00e1 by organizaci umo\u017enila obnovit inspekce \u00edr\u00e1nsk\u00fdch jadern\u00fdch za\u0159\u00edzen\u00ed. \u00cdr\u00e1n je pozastavil pot\u00e9, co Izrael a pot\u00e9 USA za\u00fato\u010dily na jeho jadern\u00e1 za\u0159\u00edzen\u00ed a obvinily ho z v\u00fdvoje jadern\u00e9 bomby \u2013 obvin\u011bn\u00ed, kter\u00e1 Isl\u00e1msk\u00e1 republika d\u016fsledn\u011b pop\u00edr\u00e1.<\/span><\/p>\n<p><span dir=\"auto\">\u00cdr\u00e1n d\u0159\u00edve souhlasil s omezen\u00edm sv\u00e9ho jadern\u00e9ho programu v\u00fdm\u011bnou za zm\u00edrn\u011bn\u00ed sankc\u00ed v r\u00e1mci Spole\u010dn\u00e9ho komplexn\u00edho ak\u010dn\u00edho pl\u00e1nu (JCPOA) z roku 2015, kter\u00fd podepsal s Ruskem, \u010c\u00ednou, USA, Franci\u00ed, Brit\u00e1ni\u00ed, N\u011bmeckem a EU. Dohoda v\u0161ak fakticky ztroskotala, kdy\u017e Washington v roce 2018, b\u011bhem prvn\u00edho funk\u010dn\u00edho obdob\u00ed prezidenta Donalda Trumpa, jednostrann\u011b odstoupil.<\/span><\/p>\n<p><span dir=\"auto\">Dne 28. srpna Brit\u00e1nie, Francie a N\u011bmecko spustily 30denn\u00ed mechanismus\u00a0<\/span><em><span dir=\"auto\">\u201esnapback\u201c<\/span><\/em><span dir=\"auto\">\u00a0v r\u00e1mci JCPOA , jeho\u017e c\u00edlem je znovu zav\u00e9st sankce zmrazen\u00e9 v r\u00e1mci dohody. P\u00e1te\u010dn\u00ed hlasov\u00e1n\u00ed Rady bezpe\u010dnosti OSN znamen\u00e1, \u017ee opat\u0159en\u00ed vstoup\u00ed v platnost 28. z\u00e1\u0159\u00ed.<\/span><\/p>\n<p><span dir=\"auto\">Rusk\u00fd vyslanec v Rad\u011b OSN Vasilij Nebenzja na zased\u00e1n\u00ed zd\u016fraznil, \u017ee Moskva rozhodnut\u00ed neuzn\u00e1v\u00e1. E3 podle n\u011bj\u00a0<\/span><em><span dir=\"auto\">\u201echronicky\u201c<\/span><\/em><span dir=\"auto\">\u00a0poru\u0161uje sv\u00e9 z\u00e1vazky vypl\u00fdvaj\u00edc\u00ed z JCPOA a nedodr\u017euje mechanismus pro \u0159e\u0161en\u00ed spor\u016f.<\/span><\/p>\n<p><em><span dir=\"auto\">\u201ePodle na\u0161eho n\u00e1zoru se \u017e\u00e1dn\u00fd postup pro obnoven\u00ed \u010dinnosti neprov\u00e1d\u00ed,\u201c<\/span><\/em><span dir=\"auto\">\u00a0\u0159ekl N\u011bbenzja a dodal, \u017ee\u00a0<\/span><em><span dir=\"auto\">\u201eRusk\u00e1 federace neuzn\u00e1v\u00e1 ani \u00fadajn\u011b podniknut\u00e9 kroky, ani \u017e\u00e1dn\u00e9 dal\u0161\u00ed kroky v t\u00e9to souvislosti.\u201c<\/span><\/em><\/p>\n<p><img decoding=\"async\" loading=\"lazy\" class=\"alignnone size-full wp-image-1185\" src=\"http:\/\/www.infokuryr.cz\/n\/wp-content\/uploads\/2021\/04\/kuryr-podpis.png\" alt=\"\" width=\"84\" height=\"24\" \/><\/p>\n<p><img decoding=\"async\" loading=\"lazy\" class=\"wp-image-86927 aligncenter\" src=\"http:\/\/www.infokuryr.cz\/n\/wp-content\/uploads\/2025\/09\/letak-volby-2025-konference-3-212x300.png\" alt=\"\" width=\"760\" height=\"1075\" srcset=\"https:\/\/www.infokuryr.cz\/n\/wp-content\/uploads\/2025\/09\/letak-volby-2025-konference-3-212x300.png 212w, https:\/\/www.infokuryr.cz\/n\/wp-content\/uploads\/2025\/09\/letak-volby-2025-konference-3-724x1024.png 724w, https:\/\/www.infokuryr.cz\/n\/wp-content\/uploads\/2025\/09\/letak-volby-2025-konference-3-768x1086.png 768w, https:\/\/www.infokuryr.cz\/n\/wp-content\/uploads\/2025\/09\/letak-volby-2025-konference-3-1086x1536.png 1086w, https:\/\/www.infokuryr.cz\/n\/wp-content\/uploads\/2025\/09\/letak-volby-2025-konference-3-1448x2048.png 1448w, https:\/\/www.infokuryr.cz\/n\/wp-content\/uploads\/2025\/09\/letak-volby-2025-konference-3-1024x1448.png 1024w\" sizes=\"(max-width: 760px) 100vw, 760px\" \/><\/p>\n","protected":false},"excerpt":{"rendered":"<p>Teher\u00e1n uvedl, \u017ee snaha z\u00e1padoevropsk\u00fdch zem\u00ed o obnoven\u00ed sankc\u00ed zma\u0159ila ned\u00e1vnou dohodu o monitorov\u00e1n\u00ed \u00cdr\u00e1nsk\u00fd&#8230;<\/p>\n","protected":false},"author":2,"featured_media":81010,"comment_status":"closed","ping_status":"closed","sticky":false,"template":"","format":"standard","meta":[],"categories":[7],"tags":[38,1431,186],"_links":{"self":[{"href":"https:\/\/www.infokuryr.cz\/n\/wp-json\/wp\/v2\/posts\/88329"}],"collection":[{"href":"https:\/\/www.infokuryr.cz\/n\/wp-json\/wp\/v2\/posts"}],"about":[{"href":"https:\/\/www.infokuryr.cz\/n\/wp-json\/wp\/v2\/types\/post"}],"author":[{"embeddable":true,"href":"https:\/\/www.infokuryr.cz\/n\/wp-json\/wp\/v2\/users\/2"}],"replies":[{"embeddable":true,"href":"https:\/\/www.infokuryr.cz\/n\/wp-json\/wp\/v2\/comments?post=88329"}],"version-history":[{"count":0,"href":"https:\/\/www.infokuryr.cz\/n\/wp-json\/wp\/v2\/posts\/88329\/revisions"}],"wp:featuredmedia":[{"embeddable":true,"href":"https:\/\/www.infokuryr.cz\/n\/wp-json\/wp\/v2\/media\/81010"}],"wp:attachment":[{"href":"https:\/\/www.infokuryr.cz\/n\/wp-json\/wp\/v2\/media?parent=88329"}],"wp:term":[{"taxonomy":"category","embeddable":true,"href":"https:\/\/www.infokuryr.cz\/n\/wp-json\/wp\/v2\/categories?post=88329"},{"taxonomy":"post_tag","embeddable":true,"href":"https:\/\/www.infokuryr.cz\/n\/wp-json\/wp\/v2\/tags?post=88329"}],"curies":[{"name":"wp","href":"https:\/\/api.w.org\/{rel}","templated":true}]}}