{"id":88317,"date":"2025-09-22T06:49:11","date_gmt":"2025-09-22T04:49:11","guid":{"rendered":"https:\/\/www.infokuryr.cz\/n\/?p=88317"},"modified":"2025-09-22T06:49:47","modified_gmt":"2025-09-22T04:49:47","slug":"izraelska-ofenziva-v-gaze-odvraci-saudskou-arabii-od-miru","status":"publish","type":"post","link":"https:\/\/www.infokuryr.cz\/n\/2025\/09\/22\/izraelska-ofenziva-v-gaze-odvraci-saudskou-arabii-od-miru\/","title":{"rendered":"Izraelsk\u00e1 ofenz\u00edva v Gaze odvrac\u00ed Sa\u00fadskou Ar\u00e1bii od m\u00edru"},"content":{"rendered":"<div id=\"fb-root\"><\/div>\n<p><strong><span dir=\"auto\">Zat\u00edmco Izrael pokra\u010duje ve sv\u00e9 rozs\u00e1hl\u00e9 ofenz\u00edv\u011b proti Ham\u00e1su v p\u00e1smu Gazy, zd\u00e1 se, \u017ee Sa\u00fadsk\u00e1 Ar\u00e1bie se poprv\u00e9 po desetilet\u00edch odkl\u00e1n\u00ed od \u00fasil\u00ed o m\u00edr.<\/span><\/strong><\/p>\n<p><span dir=\"auto\">Ofenz\u00edva, kterou minul\u00fd t\u00fdden zah\u00e1jily Izraelsk\u00e9 obrann\u00e9 s\u00edly (IDF), m\u00e1 za c\u00edl obsadit cel\u00e9 m\u011bsto Gaza. Izrael se domn\u00edv\u00e1, \u017ee ofenz\u00edva by nakonec donutila Ham\u00e1s k odzbrojen\u00ed, propu\u0161t\u011bn\u00ed v\u0161ech zb\u00fdvaj\u00edc\u00edch rukojm\u00edch a p\u0159ed\u00e1n\u00ed kontroly nad P\u00e1sem Gazy.<\/span><\/p>\n<p><span dir=\"auto\">S postupem 162. a 98. divize IDF ve m\u011bst\u011b a jeho okol\u00ed 21. z\u00e1\u0159\u00ed si \u00fatoky nad\u00e1le vy\u017e\u00e1daj\u00ed \u017eivoty dal\u0161\u00edch Palestinc\u016f.<\/span><\/p>\n<p><iframe loading=\"lazy\" src=\"https:\/\/s5.cdnstatic.space\/wp-content\/uploads\/2025\/09\/IMG_1287.mp4\" width=\"600\" height=\"338\" data-mce-fragment=\"1\"><\/iframe><\/p>\n<p><iframe loading=\"lazy\" src=\"https:\/\/s5.cdnstatic.space\/wp-content\/uploads\/2025\/09\/IMG_1290.mp4\" width=\"600\" height=\"338\" data-mce-fragment=\"1\"><\/iframe><\/p>\n<p><iframe loading=\"lazy\" src=\"https:\/\/s5.cdnstatic.space\/wp-content\/uploads\/2025\/09\/IMG_1291.mp4\" width=\"600\" height=\"338\" data-mce-fragment=\"1\"><\/iframe><\/p>\n<p><span dir=\"auto\">Ministerstvo zdravotnictv\u00ed v p\u00e1smu Gazy ozn\u00e1milo, \u017ee za posledn\u00edch 24 hodin bylo izraelskou palbou potvrzeno 75 zabit\u00fdch Palestinc\u016f a v\u00edce ne\u017e 300 zran\u011bn\u00fdch b\u011bhem stejn\u00e9ho obdob\u00ed. Po\u010det ob\u011bt\u00ed zahrnuje \u010dty\u0159i d\u0159\u00edve zabit\u00e9 osoby, jejich\u017e t\u011bla byla vyta\u017eena z trosek. Celkov\u00fd po\u010det ob\u011bt\u00ed v\u00e1lky, o nich\u017e informovali zdravotn\u00edci v Gaze, se tak zv\u00fd\u0161il na 65 283.<\/span><\/p>\n<p><span dir=\"auto\">T\u011bsn\u011b p\u0159ed ozn\u00e1men\u00edm bylo osm Palestinc\u016f, v\u010detn\u011b d\u011bt\u00ed, zabito a des\u00edtky dal\u0161\u00edch byly zran\u011bny p\u0159i izraelsk\u00e9m \u00fatoku zam\u011b\u0159en\u00e9m na \u010dtvr\u0165 Daraj v Gaze, uvedla civiln\u00ed obrana p\u00e1sma Gazy.<\/span><\/p>\n<p><iframe loading=\"lazy\" src=\"https:\/\/s5.cdnstatic.space\/wp-content\/uploads\/2025\/09\/gazaa.mp4\" width=\"600\" height=\"338\" data-mce-fragment=\"1\"><\/iframe><\/p>\n<p><iframe loading=\"lazy\" src=\"https:\/\/s5.cdnstatic.space\/wp-content\/uploads\/2025\/09\/gazaa2.mp4\" width=\"600\" height=\"338\" data-mce-fragment=\"1\"><\/iframe><\/p>\n<p><span dir=\"auto\">Navzdory rozsahu izraelsk\u00e9 ofenz\u00edvy odpor pokra\u010doval. B\u011bhem dne byly ze severn\u00ed \u010d\u00e1sti P\u00e1su p\u00e1sma na nedalek\u00e9 izraelsk\u00e9 pob\u0159e\u017en\u00ed m\u011bsto A\u0161dod odp\u00e1leny dv\u011b rakety. Izraelsk\u00e9 obrann\u00e9 s\u00edly uvedly, \u017ee jednu raketu zachytila \u200b\u200bprotivzdu\u0161n\u00e1 obrana, zat\u00edmco druh\u00e1 zas\u00e1hla otev\u0159en\u00fd prostor.<\/span><\/p>\n<p><span dir=\"auto\">Izraelsk\u00e9 obrann\u00e9 s\u00edly (IDF) samostatn\u011b uznaly, \u017ee deset jejich voj\u00e1k\u016f bylo lehce zran\u011bno, kdy\u017e se b\u011bhem operac\u00ed v severn\u00ed Gaze p\u0159evr\u00e1tilo vojensk\u00e9 vozidlo, ve kter\u00e9m se nach\u00e1zeli.<\/span><\/p>\n<p><iframe loading=\"lazy\" src=\"https:\/\/s5.cdnstatic.space\/wp-content\/uploads\/2025\/09\/gazarock-1.mp4\" width=\"600\" height=\"338\" data-mce-fragment=\"1\"><\/iframe><\/p>\n<p><span dir=\"auto\">Izraelsk\u00e1 ofenz\u00edva s kryc\u00edm n\u00e1zvem \u201eOperace Gideonovy vozy B\u201c ji\u017e podle odhad\u016f IDF vyhnala z domov\u016f v\u00edce ne\u017e polovinu z milionu Palestinc\u016f, kte\u0159\u00ed \u017eili v Gaze.<\/span><\/p>\n<p><span dir=\"auto\">To vyvolalo nap\u011bt\u00ed s Egyptem, kter\u00fd \u00fadajn\u011b pos\u00edlil svou vojenskou p\u0159\u00edtomnost na Sinajsk\u00e9m poloostrov\u011b pod\u00e9l hranice s P\u00e1smem ze strachu z velk\u00e9ho naru\u0161en\u00ed hranic Palestinci, kte\u0159\u00ed by tam byli zahn\u00e1ni do kouta IDF.<\/span><\/p>\n<p><span dir=\"auto\">Izraelsk\u00e1 vojensk\u00e1 eskalace v\u0161ak nezp\u016fsobuje nap\u011bt\u00ed pouze s Egyptem. Ned\u00e1vn\u00e1 zpr\u00e1va serveru\u00a0<\/span><a href=\"https:\/\/www.israelhayom.com\/2025\/09\/21\/israel-tells-saudis-no-normalization-until-hamas-is-defeated\/\"><span dir=\"auto\">Israel Hayom<\/span><\/a><span dir=\"auto\">\u00a0odhalila, \u017ee se Sa\u00fadsk\u00e1 Ar\u00e1bie odkl\u00e1n\u00ed od \u00fasil\u00ed o m\u00edr.<\/span><\/p>\n<p><span dir=\"auto\">Podle zpr\u00e1vy, kter\u00e1 citovala americk\u00e9 a arabsk\u00e9 diplomatick\u00e9 zdroje, byl kone\u010dn\u00fdm spou\u0161t\u011b\u010dem tohoto posunu Rij\u00e1du telefon\u00e1t mezi ministrem pro strategick\u00e9 z\u00e1le\u017eitosti Ronem Dermerem a kancel\u00e1\u0159\u00ed sa\u00fadskoarabsk\u00e9ho korunn\u00edho prince Muhammada bin Salm\u00e1na Al Sa\u00fada, kter\u00fd se uskute\u010dnil p\u0159ed n\u011bkolika t\u00fddny po krachu jedn\u00e1n\u00ed z Dauh\u00e1 o dohod\u011b o p\u0159\u00edm\u011b\u0159\u00ed v Gaze s rukojm\u00edmi.<\/span><\/p>\n<p><span dir=\"auto\">Diskuse se dotkla ned\u00e1vn\u00e9 v\u00e1lky Izraele s \u00cdr\u00e1nem, rozhovor\u016f se S\u00fdri\u00ed a situace v Libanonu, ale jej\u00edm st\u0159edem pozornosti byla Gaza.<\/span><\/p>\n<p><span dir=\"auto\">Rij\u00e1d se zeptal, jak\u00e1 je izraelsk\u00e1 strategie pro ukon\u010den\u00ed v\u00e1lky a pro den pot\u00e9. Dermer zd\u016fraznil, \u017ee Izrael je odhodl\u00e1n porazit Ham\u00e1s a zajistit, aby se u\u017e nikdy nemohl znovu objevit, a z\u00e1rove\u0148 odm\u00edtl n\u00e1vrhy na diskusi o tom, kdo by po v\u00e1lce vl\u00e1dl Gaze, a poznamenal, \u017ee Izrael je proti jak\u00e9koli roli Palestinsk\u00e9 samospr\u00e1vy.<\/span><\/p>\n<p><span dir=\"auto\">Po telefon\u00e1tu dosp\u011bli v Rij\u00e1du k z\u00e1v\u011bru, \u017ee Izrael nen\u00ed p\u0159ipraven v\u00e9st \u017e\u00e1dn\u00fd sm\u011br, kter\u00fd by zahrnoval rozhovory s Palestinskou samospr\u00e1vou o demilitarizovan\u00e9m palestinsk\u00e9m st\u00e1t\u011b, a to mo\u017en\u00e1 ani po v\u00e1lce.<\/span><\/p>\n<p><span dir=\"auto\">Arabsk\u00fd diplomat \u0159ekl serveru Israel Hayom, \u017ee Sa\u00fadsk\u00e1 Ar\u00e1bie nyn\u00ed vylu\u010duje Izrael ze sv\u00e9 vize budoucnosti regionu, kterou rozv\u00edj\u00ed se Spojen\u00fdmi st\u00e1ty.<\/span><\/p>\n<p><span dir=\"auto\">Za zm\u00ednku stoj\u00ed, \u017ee sa\u00fadskoarabsk\u00fd postoj proti normalizaci vztah\u016f s Izraelem se za\u010dal objevovat ve\u0159ejn\u011bji od \u00fatoku na veden\u00ed Ham\u00e1su v Kataru za\u010d\u00e1tkem tohoto m\u011bs\u00edce, kter\u00fd byl vn\u00edm\u00e1n jako hrozba pro v\u0161echny zem\u011b Persk\u00e9ho z\u00e1livu, v\u010detn\u011b kr\u00e1lovstv\u00ed.<\/span><\/p>\n<p><em><span dir=\"auto\">\u201eM\u00edr s Izraelem nep\u0159ipad\u00e1 v \u00favahu, proto\u017ee [izraelsk\u00fd premi\u00e9r Benjamin] Netanjahu a jeho vl\u00e1da m\u00edr necht\u011bj\u00ed. Izraeli jsme nab\u00eddli uzn\u00e1n\u00ed, bezpe\u010dnost a usm\u00ed\u0159en\u00ed, ale tato extremistick\u00e1 vl\u00e1da o m\u00edr nem\u00e1 z\u00e1jem,\u201c \u0159ekl v ned\u00e1vn\u00e9m rozhovoru pro Nas Radio sa\u00fadskoarabsk\u00fd gener\u00e1l ve v\u00fdslu\u017eb\u011b Abdall\u00e1h al-Kaht\u00e1n\u00ed a zd\u016fraznil, \u017ee k normalizaci nedojde, dokud nebude uzn\u00e1n nez\u00e1visl\u00fd palestinsk\u00fd st\u00e1t.<\/span><\/em><\/p>\n<p><span dir=\"auto\">Tento izraelsk\u00fd postoj by mohl Sa\u00fadskou Ar\u00e1bii donutit k nov\u00fdm cest\u00e1m. Gener\u00e1ln\u00ed tajemn\u00edk Hizball\u00e1hu Naim K\u00e1sem ji\u017e kr\u00e1lovstv\u00ed vyzval, aby s jeho skupinou \u201eza\u010dalo znovu\u201c a odlo\u017eilo minul\u00e9 spory stranou, aby vytvo\u0159ilo jednotnou frontu proti Izraeli. Sa\u00fadsk\u00fd vyslanec Faisal bin Farhan se hned po jeho projevu vydal do Libanonu. A\u010dkoli je n\u00e1v\u0161t\u011bva p\u0159edem pl\u00e1novan\u00e1, zpr\u00e1vy nazna\u010duj\u00ed, \u017ee by se mohl setkat s Nabihem Berrim, p\u0159edsedou parlamentu a hlavn\u00edm spojencem Hizball\u00e1hu.<\/span><\/p>\n<p><span dir=\"auto\">Izrael se ze sv\u00e9 strany zd\u00e1 b\u00fdt v\u00edce zaujat\u00fd bezpe\u010dnostn\u00ed dohodou se S\u00fdri\u00ed, jej\u00ed\u017e nov\u011b vznikaj\u00edc\u00ed islamistick\u00e1 vl\u00e1da je pravd\u011bpodobn\u011bj\u0161\u00ed, \u017ee u\u010din\u00ed kompromisy. Netanjahu 21. z\u00e1\u0159\u00ed informoval o pokroku v rozhovorech s v\u00e1lkou zni\u010denou zem\u00ed.<\/span><\/p>\n<p><em><span dir=\"auto\">\u201eNa\u0161e v\u00edt\u011bzstv\u00ed proti Hizball\u00e1hu otev\u0159ela okno k nep\u0159edstaviteln\u00fdm mo\u017enostem, a to je mo\u017enost m\u00edru s na\u0161imi sousedy na severu,\u201c uvedl premi\u00e9r. \u201eNavazujeme kontakty a se Sy\u0159any do\u0161lo k ur\u010dit\u00e9mu pokroku, ale to je st\u00e1le vize do budoucna.\u201c<\/span><\/em><\/p>\n<p><span dir=\"auto\">Netanjahu se chyst\u00e1 svolat sch\u016fzku k projedn\u00e1n\u00ed vznikaj\u00edc\u00ed bezpe\u010dnostn\u00ed dohody se S\u00fdri\u00ed, sd\u011blila o den d\u0159\u00edve\u00a0<\/span><a href=\"https:\/\/www.timesofisrael.com\/liveblog_entry\/netanyahu-says-syria-talks-progressing-peace-with-northern-neighbors-possible\/\"><span dir=\"auto\">den\u00edku The Times of Israel<\/span><\/a><span dir=\"auto\">\u00a0kancel\u00e1\u0159 jednoho z \u00fa\u010dastn\u00edk\u016f .<\/span><\/p>\n<p><span dir=\"auto\">Zpravodajsk\u00fd server pozd\u011bji s odvol\u00e1n\u00edm na vysoce postaven\u00e9ho \u00fa\u0159edn\u00edka administrativy americk\u00e9ho prezidenta Donalda Trumpa uvedl, \u017ee bezpe\u010dnostn\u00ed dohoda mezi Izraelem a S\u00fdri\u00ed je \u201ez 99 %\u201c hotov\u00e1 a \u017ee jej\u00ed ozn\u00e1men\u00ed se o\u010dek\u00e1v\u00e1 v p\u0159\u00ed\u0161t\u00edch dvou t\u00fddnech.<\/span><\/p>\n<p><em><span dir=\"auto\">\u201eJsme na 99 % hotovi. Mysl\u00edm, \u017ee v p\u0159\u00ed\u0161t\u00edch dvou t\u00fddnech, ne-li na konci t\u00fddne, budeme m\u00edt ozn\u00e1men\u00ed,\u201c \u0159ekl \u00fa\u0159edn\u00edk s t\u00edm, \u017ee hlavn\u00edmi ot\u00e1zkami, kter\u00e9 je t\u0159eba vy\u0159e\u0161it, jsou p\u0159esn\u00e9 na\u010dasov\u00e1n\u00ed ozn\u00e1men\u00ed a dom\u00e1c\u00ed okolnosti v S\u00fdrii.<\/span><\/em><\/p>\n<p><em><span dir=\"auto\">\u201eJe to opravdu ot\u00e1zka na\u010dasov\u00e1n\u00ed a tak\u00e9 toho, jak to Sy\u0159an\u00e9 sd\u011bl\u00ed sv\u00fdm lidem,\u201c dodali.<\/span><\/em><\/p>\n<p><span dir=\"auto\">Je ironi\u00ed, \u017ee syrsk\u00fd \u00fatok na Izrael nastal v dob\u011b, kdy zem\u011b za\u010dala \u010delit citeln\u00e9mu tlaku ze strany n\u011bkter\u00fdch sv\u00fdch z\u00e1padn\u00edch spojenc\u016f kv\u016fli v\u00e1lce v Gaze. 21. z\u00e1\u0159\u00ed Spojen\u00e9 kr\u00e1lovstv\u00ed, Kanada a Austr\u00e1lie ozn\u00e1mily uzn\u00e1n\u00ed \u201enez\u00e1visl\u00e9ho, suver\u00e9nn\u00edho st\u00e1tu Palestina\u201c.<\/span><\/p>\n<p><span dir=\"auto\">Izrael bude pravd\u011bpodobn\u011b pokra\u010dovat ve sv\u00e9 prob\u00edhaj\u00edc\u00ed ofenz\u00edv\u011b v Gaze, a to i p\u0159es rostouc\u00ed mezin\u00e1rodn\u00ed tlak a rostouc\u00ed nap\u011bt\u00ed s Egyptem a Sa\u00fadskou Ar\u00e1bi\u00ed. Nadch\u00e1zej\u00edc\u00ed bezpe\u010dnostn\u00ed dohoda se S\u00fdri\u00ed by Netanjahuovi poskytla velkou podporu, a to jak na mezin\u00e1rodn\u00ed, tak i na dom\u00e1c\u00ed \u00farovni. Vzhledem k ve\u0161ker\u00e9mu tomuto v\u00fdvoji se dohoda s Ham\u00e1sem jev\u00ed jako nepravd\u011bpodobn\u00e1.<\/span><\/p>\n<p><img decoding=\"async\" loading=\"lazy\" class=\"alignnone size-full wp-image-1185\" src=\"http:\/\/www.infokuryr.cz\/n\/wp-content\/uploads\/2021\/04\/kuryr-podpis.png\" alt=\"\" width=\"84\" height=\"24\" \/><\/p>\n<p><img decoding=\"async\" loading=\"lazy\" class=\"wp-image-86927 aligncenter\" src=\"http:\/\/www.infokuryr.cz\/n\/wp-content\/uploads\/2025\/09\/letak-volby-2025-konference-3-212x300.png\" alt=\"\" width=\"800\" height=\"1132\" srcset=\"https:\/\/www.infokuryr.cz\/n\/wp-content\/uploads\/2025\/09\/letak-volby-2025-konference-3-212x300.png 212w, https:\/\/www.infokuryr.cz\/n\/wp-content\/uploads\/2025\/09\/letak-volby-2025-konference-3-724x1024.png 724w, https:\/\/www.infokuryr.cz\/n\/wp-content\/uploads\/2025\/09\/letak-volby-2025-konference-3-768x1086.png 768w, https:\/\/www.infokuryr.cz\/n\/wp-content\/uploads\/2025\/09\/letak-volby-2025-konference-3-1086x1536.png 1086w, https:\/\/www.infokuryr.cz\/n\/wp-content\/uploads\/2025\/09\/letak-volby-2025-konference-3-1448x2048.png 1448w, https:\/\/www.infokuryr.cz\/n\/wp-content\/uploads\/2025\/09\/letak-volby-2025-konference-3-1024x1448.png 1024w\" sizes=\"(max-width: 800px) 100vw, 800px\" \/><\/p>\n","protected":false},"excerpt":{"rendered":"<p>Zat\u00edmco Izrael pokra\u010duje ve sv\u00e9 rozs\u00e1hl\u00e9 ofenz\u00edv\u011b proti Ham\u00e1su v p\u00e1smu Gazy, zd\u00e1 se, \u017ee&#8230;<\/p>\n","protected":false},"author":2,"featured_media":88318,"comment_status":"closed","ping_status":"closed","sticky":false,"template":"","format":"standard","meta":[],"categories":[7],"tags":[107,2752,1012],"_links":{"self":[{"href":"https:\/\/www.infokuryr.cz\/n\/wp-json\/wp\/v2\/posts\/88317"}],"collection":[{"href":"https:\/\/www.infokuryr.cz\/n\/wp-json\/wp\/v2\/posts"}],"about":[{"href":"https:\/\/www.infokuryr.cz\/n\/wp-json\/wp\/v2\/types\/post"}],"author":[{"embeddable":true,"href":"https:\/\/www.infokuryr.cz\/n\/wp-json\/wp\/v2\/users\/2"}],"replies":[{"embeddable":true,"href":"https:\/\/www.infokuryr.cz\/n\/wp-json\/wp\/v2\/comments?post=88317"}],"version-history":[{"count":0,"href":"https:\/\/www.infokuryr.cz\/n\/wp-json\/wp\/v2\/posts\/88317\/revisions"}],"wp:featuredmedia":[{"embeddable":true,"href":"https:\/\/www.infokuryr.cz\/n\/wp-json\/wp\/v2\/media\/88318"}],"wp:attachment":[{"href":"https:\/\/www.infokuryr.cz\/n\/wp-json\/wp\/v2\/media?parent=88317"}],"wp:term":[{"taxonomy":"category","embeddable":true,"href":"https:\/\/www.infokuryr.cz\/n\/wp-json\/wp\/v2\/categories?post=88317"},{"taxonomy":"post_tag","embeddable":true,"href":"https:\/\/www.infokuryr.cz\/n\/wp-json\/wp\/v2\/tags?post=88317"}],"curies":[{"name":"wp","href":"https:\/\/api.w.org\/{rel}","templated":true}]}}