{"id":88311,"date":"2025-09-22T06:22:02","date_gmt":"2025-09-22T04:22:02","guid":{"rendered":"https:\/\/www.infokuryr.cz\/n\/?p=88311"},"modified":"2025-09-22T06:22:02","modified_gmt":"2025-09-22T04:22:02","slug":"rakovina-ve-4-stadiu-u-muze-byla-vylecena-pomoci-hybridniho-ortomolekularniho-protokolu","status":"publish","type":"post","link":"https:\/\/www.infokuryr.cz\/n\/2025\/09\/22\/rakovina-ve-4-stadiu-u-muze-byla-vylecena-pomoci-hybridniho-ortomolekularniho-protokolu\/","title":{"rendered":"Rakovina ve 4. stadiu u mu\u017ee byla vyl\u00e9\u010dena pomoc\u00ed \u201ehybridn\u00edho ortomolekul\u00e1rn\u00edho protokolu\u201c"},"content":{"rendered":"<div id=\"fb-root\"><\/div>\n<p><span dir=\"auto\">Pan Jeffrey Kramer z m\u011bsta Shelby ve st\u00e1t\u011b Ohio ode\u0161el do d\u016fchodu jako advok\u00e1t v ob\u010danskopr\u00e1vn\u00edch v\u011bcech v roce 2024 pot\u00e9, co mu diagnostikovali metast\u00e1zovanou rakovinu prostaty ve 4. stadiu.<\/span><\/p>\n<p><span dir=\"auto\">Rakovina se mu mezit\u00edm roz\u0161\u00ed\u0159ila do bedern\u00edch kost\u00ed, bedern\u00ed p\u00e1te\u0159e a t\u0159\u00edseln\u00fdch lymfatick\u00fdch uzlin.<\/span><\/p>\n<p><span dir=\"auto\">Onkolog z Clevelandsk\u00e9 kliniky mu \u0159ekl, \u017ee jeho rakovina je nevyl\u00e9\u010diteln\u00e1. Jedin\u00e9, co mu nab\u00eddl, bylo p\u0159ibrzd\u011bn\u00ed nemoci na kr\u00e1tkou dobu pomoc\u00ed l\u00e9k\u016f potla\u010duj\u00edc\u00edch testosteron (injekce leuprolidu a pilulky apalutamidu), dokud jeho t\u011blo nep\u0159estane b\u00fdt citliv\u00e9 na hormony, kdy se mu stav n\u00e1sledn\u011b zhor\u0161\u00ed.<\/span><\/p>\n<p><span dir=\"auto\">Vedlej\u0161\u00ed \u00fa\u010dinky t\u00e9to l\u00e9kov\u00e9 kombinace by byly zna\u010dn\u00e9 \u2013 a potenci\u00e1ln\u011b smrteln\u00e9.<\/span><\/p>\n<p><span dir=\"auto\">Nejv\u00fdznamn\u011bj\u0161\u00ed bylo, \u017ee injekce leuprolidu by ur\u010dit\u011b demineralizovaly jeho kosti vysokou rychlost\u00ed (a\u017e o 11% ro\u010dn\u011b), co\u017e by vedlo ke zlomenin\u00e1m ky\u010dle a ztr\u00e1t\u011b pohyblivosti.<\/span><\/p>\n<p><span dir=\"auto\">Toto byl pro pana Kramera druh\u00fd z\u00e1va\u017en\u00fd probl\u00e9m s rakovinou, proto\u017ee v roce 2010 podstoupil operaci a pot\u00e9 t\u0159i m\u011bs\u00edce kombinovan\u00e9 chemoterapie a radioterapie kv\u016fli rakovin\u011b mandl\u00ed, kter\u00e1 mu na rok znemo\u017enila vykon\u00e1vat pr\u00e1vnickou praxi.<\/span><\/p>\n<p><span dir=\"auto\">Minul\u00fd podzim se pan Kramer dostal k informac\u00edm o nov\u00e9m protokolu l\u00e9\u010dby rakoviny, kter\u00fd mu m\u011bl zm\u011bnit \u017eivot.<\/span><\/p>\n<h2><span dir=\"auto\">Ortomolekul\u00e1rn\u00ed protokol l\u00e9\u010dby rakoviny<\/span><\/h2>\n<p><span dir=\"auto\">V z\u00e1\u0159ijov\u00e9m \u010dasopise\u00a0<\/span><em><span dir=\"auto\">Journal of Orthomolecular Medicine<\/span><\/em><span dir=\"auto\">\u00a0z roku 2024 byl publikov\u00e1n \u010dl\u00e1nek s nov\u00fdm recenzovan\u00fdm protokolem pro l\u00e9\u010dbu rakoviny, kter\u00fd vypracoval t\u00fdm \u0161estn\u00e1cti onkolog\u016f a l\u00e9ka\u0159sk\u00fdch v\u00fdzkumn\u00edk\u016f z USA a n\u011bkolika dal\u0161\u00edch zem\u00ed.<\/span><\/p>\n<p><span dir=\"auto\">\u010cl\u00e1nek m\u011bl n\u00e1zev \u201eZam\u011b\u0159en\u00ed se na propojen\u00ed mitochondri\u00e1ln\u00edch a kmenov\u00fdch bun\u011bk v l\u00e9\u010db\u011b rakoviny: Hybridn\u00ed ortomolekul\u00e1rn\u00ed protokol\u201c.<\/span><\/p>\n<p><span dir=\"auto\">Jeho auto\u0159i byli prominentn\u00ed odborn\u00edci v oblasti onkologie a publikovan\u00fd protokol v\u00fdznamn\u011b navazoval na 204 l\u00e9ka\u0159sk\u00fdch studi\u00ed dokumentuj\u00edc\u00edch bezpe\u010dn\u00e9 a \u00fasp\u011b\u0161n\u00e9 pou\u017eit\u00ed ka\u017ed\u00e9ho jednotliv\u00e9ho prvku protokolu in vivo (na zv\u00ed\u0159atech) i in vitro (ve zkumavce).<\/span><\/p>\n<p><span dir=\"auto\">Auto\u0159i mnoha z uveden\u00fdch studi\u00ed p\u0159edstavuj\u00ed \u0161pi\u010dku ve sv\u00e9m oboru, to jest jsou to zn\u00e1m\u00ed, vysoce citovan\u00ed l\u00e9ka\u0159i a odborn\u00edci na l\u00e9ka\u0159sk\u00fd v\u00fdzkum.<\/span><\/p>\n<p><span dir=\"auto\">\u010cl\u00e1nek odkazuje na jin\u00fd \u010dl\u00e1nek od Martineze, P. a kolektivu. Zde je \u00faryvek z abstraktu zm\u00edn\u011bn\u00e9ho \u010dl\u00e1nku, kter\u00fd vysv\u011btluje v\u011bdeck\u00e9 poznatky (pom\u011brn\u011b odborn\u00fd text):<\/span><\/p>\n<p><em><span dir=\"auto\">\u201eParadigma rakoviny je obecn\u011b zalo\u017eena na modelu somatick\u00e9 mutace a tvrd\u00ed, \u017ee rakovina je onemocn\u011bn\u00ed genetick\u00e9ho p\u016fvodu.<\/span><\/em><\/p>\n<p><em><span dir=\"auto\">Propojen\u00ed mitochondri\u00e1ln\u00edch kmenov\u00fdch bun\u011bk (MSCC) p\u0159edpokl\u00e1d\u00e1, \u017ee tumorigeneze m\u016f\u017ee b\u00fdt v\u00fdsledkem zm\u011bny mitochondri\u00ed, konkr\u00e9tn\u011b chronick\u00e9 nedostate\u010dnosti oxida\u010dn\u00ed fosforylace (OxPhos) v kmenov\u00fdch bu\u0148k\u00e1ch, kter\u00e1 tvo\u0159\u00ed rakovinov\u00e9 kmenov\u00e9 bu\u0148ky (CSC) a vede k malignit\u011b.<\/span><\/em><\/p>\n<p><em><span dir=\"auto\">P\u0159ezkouman\u00e9 d\u016fkazy nazna\u010duj\u00ed, \u017ee MSCC by mohlo poskytnout komplexn\u00ed pochopen\u00ed v\u0161ech r\u016fzn\u00fdch stadi\u00ed rakoviny.\u201c<\/span><\/em><\/p>\n<p><span dir=\"auto\">(Martinez, P.; Baghli, I.; Gourjon, G.; Seyfried, TN Propojen\u00ed mitochondri\u00ed a kmenov\u00fdch bun\u011bk: Poskytov\u00e1n\u00ed dal\u0161\u00edch vysv\u011btlen\u00ed pro pochopen\u00ed rakoviny. Metabolites 2024, 14, 229. https:\/\/doi.org\/10.3390\/metabo14<\/span><\/p>\n<h3><span dir=\"auto\">6 kl\u00ed\u010dov\u00fdch prvk\u016f protokolu<\/span><\/h3>\n<p><span dir=\"auto\">Na z\u00e1klad\u011b v\u00fdzkumu prezentovan\u00e9ho v \u010dl\u00e1nku byl vyvinut hybridn\u00ed ortomolekul\u00e1rn\u00ed protokol, kter\u00fd se op\u00edr\u00e1 o \u0161est prvk\u016f, respektive molekul:<\/span><\/p>\n<p><strong><span dir=\"auto\">1.<\/span><\/strong><span dir=\"auto\"> Terapeutick\u00e1 ketogenn\u00ed dieta s vysok\u00fdm obsahem tuk\u016f a b\u00edlkovin, ale s n\u00edzk\u00fdm obsahem sacharid\u016f.<\/span><\/p>\n<p><strong><span dir=\"auto\">2.<\/span><\/strong><span dir=\"auto\">\u00a0M\u00edrn\u00e9 cvi\u010den\u00ed (s dosa\u017een\u00edm aerobn\u00ed srde\u010dn\u00ed frekvence) po dobu 45 a\u017e 75 minut t\u0159ikr\u00e1t t\u00fddn\u011b, jako jsou cyklistika, b\u011bh, plav\u00e1n\u00ed atp.<\/span><\/p>\n<p><strong><span dir=\"auto\">3.<\/span><\/strong><span dir=\"auto\">\u00a0Vysok\u00e1 d\u00e1vka (netoxick\u00e1 hladina) vitaminu C intraven\u00f3zn\u011b, katetrem nebo implant\u00e1tem t\u0159ikr\u00e1t t\u00fddn\u011b.<\/span><\/p>\n<p><strong><span dir=\"auto\">4.<\/span><\/strong><span dir=\"auto\">\u00a0Ivermektin denn\u011b v prokazateln\u011b bezpe\u010dn\u00e9 d\u00e1vce.<\/span><\/p>\n<p><strong><span dir=\"auto\">5.<\/span><\/strong><span dir=\"auto\">\u00a0Fenbendazol (nebo mebendazol) denn\u011b v prokazateln\u011b bezpe\u010dn\u00e9 d\u00e1vce.<\/span><\/p>\n<p><strong><span dir=\"auto\">6.<\/span><\/strong><span dir=\"auto\">\u00a0Denn\u00ed vitaminov\u00e9\/miner\u00e1ln\u00ed dopl\u0148ky s bezpe\u010dn\u00fdmi hladinami vitaminu D, vitaminu K2, zinku, ho\u0159\u010d\u00edku a drasl\u00edku s laboratorn\u00edm testem ka\u017ed\u00e9 dva t\u00fddny pro monitorov\u00e1n\u00ed funkce jater a ledvin a hladin drasl\u00edku a vitaminu D pro bezpe\u010dnost.<\/span><\/p>\n<h2><span dir=\"auto\">Pr\u016fb\u011bh l\u00e9\u010dby pana Kramera nov\u00fdm protoklem<\/span><\/h2>\n<p><span dir=\"auto\">Po d\u016fkladn\u00e9m p\u0159e\u010dten\u00ed t\u00e9to zpr\u00e1vy v \u010dasopise\u00a0<\/span><em><span dir=\"auto\">Journal of Orthomolecular Medicine<\/span><\/em><span dir=\"auto\">\u00a0pan Kramer kontaktoval t\u0159i americko-kanadsk\u00e9 l\u00e9ka\u0159e, kte\u0159\u00ed byli spoluautory protokolu.<\/span><\/p>\n<p><span dir=\"auto\">Jeliko\u017e protokol je\u0161t\u011b nebyl schv\u00e1len pro klinick\u00e9 zkou\u0161ky\u00a0<\/span><em><span dir=\"auto\">\u00da\u0159adem pro kontrolu potravin a l\u00e9\u010div<\/span><\/em><span dir=\"auto\">\u00a0(FDA), vysv\u011btlili, \u017ee nemohou poskytnout pomoc bez rizika disciplin\u00e1rn\u00edch opat\u0159en\u00ed v\u010detn\u011b mo\u017en\u00e9 ztr\u00e1ty licence na v\u00fdkon l\u00e9ka\u0159sk\u00e9 praxe ze strany sv\u00fdch st\u00e1tn\u00edch nebo provin\u010dn\u00edch l\u00e9ka\u0159sk\u00fdch komis\u00ed.<\/span><\/p>\n<p><span dir=\"auto\">V odpov\u011bdi na ot\u00e1zku, kdy bude klinick\u00e1 zkou\u0161ka pro tento protokol schv\u00e1lena, byly jejich odpov\u011bdi konzistentn\u00ed: schv\u00e1len\u00ed klinick\u00e9 zkou\u0161ky by obvykle trvalo deset a\u017e dvacet let.<\/span><\/p>\n<p><span dir=\"auto\">Tak dlouh\u00e1 doba to byla iz d\u016fvodu, \u017ee \u017e\u00e1dn\u00e1 velk\u00e1 farmaceutick\u00e1 spole\u010dnost nem\u011bla ziskov\u00fd z\u00e1jem lobbovat za klinickou zkou\u0161ku protokolu zahrnuj\u00edc\u00edho levn\u00e9 l\u00e9ky, kter\u00fdm ji\u017e vypr\u0161ela patentov\u00e1 ochrana.<\/span><\/p>\n<p><span dir=\"auto\">Pan Kramer n\u00e1sledn\u011b kontaktoval Pierricka Martineze z\u00a0<\/span><em><span dir=\"auto\">Asociace pro rakovinu a metabolismus<\/span><\/em><span dir=\"auto\">\u00a0ve m\u011bst\u011b Nimes ve Francii, medic\u00ednsk\u00e9ho v\u00fdzkumn\u00edka a hlavn\u00edho autora protokolu.<\/span><\/p>\n<p><span dir=\"auto\">Ten souhlasil s poskytnut\u00edm \u201epomoci na d\u00e1lku\u201c a dohl\u00ed\u017eel na pod\u00e1v\u00e1n\u00ed cel\u00e9ho patn\u00e1ctit\u00fddenn\u00edho protokolu v\u010detn\u011b korespondence se zdravotn\u00ed sestrou, kter\u00e1 pod\u00e1vala intraven\u00f3zn\u00ed infuze megad\u00e1vek vitaminu C, kter\u00e9 byly sou\u010d\u00e1st\u00ed protokolu, a odpov\u011bd\u011bla na \u010detn\u00e9 ot\u00e1zky b\u011bhem cel\u00e9ho procesu.<\/span><\/p>\n<p><span dir=\"auto\">Ohledn\u011b toho, jak zav\u00e9st terapeutickou ketogenn\u00ed dietu, kter\u00e1 byla dal\u0161\u00ed sou\u010d\u00e1st\u00ed protokolu, byl konzultov\u00e1n licencovan\u00fd nutri\u010dn\u00ed poradce z onkologick\u00e9ho centra Clevelandsk\u00e9 kliniky v Mansfieldu ve st\u00e1t\u011b Ohio.<\/span><\/p>\n<p><span dir=\"auto\">Pan Kramer absolvoval 15-t\u00fddenn\u00ed hybridn\u00ed ortomolekul\u00e1rn\u00ed protokol 5. \u010dervna 2025 bez jak\u00fdchkoli vedlej\u0161\u00edch \u00fa\u010dink\u016f. O dva t\u00fddny pozd\u011bji absolvoval FDG-PET vy\u0161et\u0159en\u00ed v nemocnici AVITA v Galionu ve st\u00e1t\u011b Ohio.<\/span><\/p>\n<p><span dir=\"auto\">N\u00e1sleduj\u00edc\u00ed radiologick\u00e1 zpr\u00e1va neprok\u00e1zala \u017e\u00e1dn\u00e9 zn\u00e1mky aktivn\u00ed rakoviny nikde v jeho t\u011ble \u2013 ani v hlav\u011b, bedern\u00edch kostech, bedern\u00ed p\u00e1te\u0159i, hrudi ani v lymfatick\u00fdch uzlin\u00e1ch. Nic, nikde \u017e\u00e1dn\u00e1 aktivn\u00ed rakovina.<\/span><\/p>\n<p><span dir=\"auto\">Ve skute\u010dnosti trvalo radiologovi t\u00e9m\u011b\u0159 cel\u00fd t\u00fdden, ne\u017e vydal tuto zpr\u00e1vu, proto\u017ee PET vy\u0161et\u0159en\u00ed bylo na\u0159\u00edzeno k vyhodnocen\u00ed metastatick\u00e9ho\u00a0<\/span><a href=\"https:\/\/www.badatel.net\/vyvar-z-tejto-potraviny-znizuje-riziko-rakoviny-prostaty-az-o-65\/\"><span dir=\"auto\">karcinomu prostaty<\/span><\/a><span dir=\"auto\">\u00a0, kter\u00fd se pova\u017euje za nevyl\u00e9\u010diteln\u00fd stav.<\/span><\/p>\n<p><span dir=\"auto\">Mo\u017en\u00e1 nej\u00fa\u017easn\u011bj\u0161\u00ed je, \u017ee celkov\u00e9 n\u00e1klady na l\u00e9ky, vitam\u00edny a miner\u00e1ln\u00ed dopl\u0148ky stravy a infuze vitam\u00ednu C v r\u00e1mci tohoto protokolu byly m\u00e9n\u011b ne\u017e 20 000 dolar\u016f. To je jen zlomek ceny m\u011bs\u00ed\u010dn\u00edch n\u00e1klad\u016f na l\u00e9ky na \u201el\u00e9\u010dbu\u201c rakoviny, kter\u00e9 onkolog z Clevelandsk\u00e9 kliniky p\u0159edt\u00edm p\u0159edepisoval jako \u201estandardn\u00ed p\u00e9\u010di\u201c p\u0159i l\u00e9\u010db\u011b rakoviny.<\/span><\/p>\n<p><span dir=\"auto\">Pouh\u00fdch 20 000 dolar\u016f na zvr\u00e1cen\u00ed zni\u010duj\u00edc\u00ed rakoviny ve 4. stadiu a jist\u00e9 smrti byla v\u00edc ne\u017e jen v\u00fdhodn\u00e1 koup\u011b. Pro pana Kramera to byl dar z nebes.<\/span><\/p>\n<h2><span dir=\"auto\">Z\u00e1v\u011br<\/span><\/h2>\n<p><span dir=\"auto\">Velmi d\u016fle\u017eit\u00e1 pozn\u00e1mka: hybridn\u00ed ortomolekul\u00e1rn\u00ed protokol nebyl vyvinut speci\u00e1ln\u011b k l\u00e9\u010db\u011b rakoviny prostaty, ale sp\u00ed\u0161e k l\u00e9\u010db\u011b rakoviny obecn\u011b.<\/span><\/p>\n<p><span dir=\"auto\">Prvn\u00ed l\u00e9\u010dba rakoviny mandl\u00ed pana Kramera v\u00fdrazn\u011b oslabila jeho imunitn\u00ed syst\u00e9m natolik, \u017ee mu bylo ozn\u00e1meno, \u017ee bude postupn\u011b n\u00e1chyln\u011bj\u0161\u00ed k dal\u0161\u00edm druh\u016fm rakoviny, jako je rakovina prostaty, a to se samoz\u0159ejm\u011b tak\u00e9 stalo.<\/span><\/p>\n<p><span dir=\"auto\">Jeliko\u017e se t\u00edmto protokolem vyl\u00e9\u010dil, pravd\u011bpodobn\u011b by z n\u011bj mohli m\u00edt u\u017eitek i jin\u00ed pacienti s po\u0161kozen\u00fdm imunitn\u00edm syst\u00e9mem v d\u016fsledku konven\u010dn\u00edch l\u00e9\u010debn\u00fdch re\u017eim\u016f rakoviny.<\/span><\/p>\n<div class=\"code-block code-block-10\">\n<div id=\"badat-1209172728\" class=\"badat-highlight-wrapper\">\n<div id=\"badat-1179067310\"><span dir=\"auto\">Autor: Rhoda Wilsonov\u00e1, Zdroj:\u00a0<\/span><a href=\"https:\/\/expose-news.com\/2025\/09\/16\/stage-4-cancer-is-cured-by-following\/\" target=\"_blank\" rel=\"noopener\"><span dir=\"auto\">expose-news.com<\/span><\/a><\/div>\n<div>\n<img decoding=\"async\" loading=\"lazy\" class=\"wp-image-86927 aligncenter\" src=\"http:\/\/www.infokuryr.cz\/n\/wp-content\/uploads\/2025\/09\/letak-volby-2025-konference-3-212x300.png\" alt=\"\" width=\"808\" height=\"1143\" srcset=\"https:\/\/www.infokuryr.cz\/n\/wp-content\/uploads\/2025\/09\/letak-volby-2025-konference-3-212x300.png 212w, https:\/\/www.infokuryr.cz\/n\/wp-content\/uploads\/2025\/09\/letak-volby-2025-konference-3-724x1024.png 724w, https:\/\/www.infokuryr.cz\/n\/wp-content\/uploads\/2025\/09\/letak-volby-2025-konference-3-768x1086.png 768w, https:\/\/www.infokuryr.cz\/n\/wp-content\/uploads\/2025\/09\/letak-volby-2025-konference-3-1086x1536.png 1086w, https:\/\/www.infokuryr.cz\/n\/wp-content\/uploads\/2025\/09\/letak-volby-2025-konference-3-1448x2048.png 1448w, https:\/\/www.infokuryr.cz\/n\/wp-content\/uploads\/2025\/09\/letak-volby-2025-konference-3-1024x1448.png 1024w\" sizes=\"(max-width: 808px) 100vw, 808px\" \/><\/div>\n<\/div>\n<\/div>\n","protected":false},"excerpt":{"rendered":"<p>Pan Jeffrey Kramer z m\u011bsta Shelby ve st\u00e1t\u011b Ohio ode\u0161el do d\u016fchodu jako advok\u00e1t v&#8230;<\/p>\n","protected":false},"author":2,"featured_media":88312,"comment_status":"closed","ping_status":"closed","sticky":false,"template":"","format":"standard","meta":[],"categories":[7],"tags":[938,1366,21],"_links":{"self":[{"href":"https:\/\/www.infokuryr.cz\/n\/wp-json\/wp\/v2\/posts\/88311"}],"collection":[{"href":"https:\/\/www.infokuryr.cz\/n\/wp-json\/wp\/v2\/posts"}],"about":[{"href":"https:\/\/www.infokuryr.cz\/n\/wp-json\/wp\/v2\/types\/post"}],"author":[{"embeddable":true,"href":"https:\/\/www.infokuryr.cz\/n\/wp-json\/wp\/v2\/users\/2"}],"replies":[{"embeddable":true,"href":"https:\/\/www.infokuryr.cz\/n\/wp-json\/wp\/v2\/comments?post=88311"}],"version-history":[{"count":0,"href":"https:\/\/www.infokuryr.cz\/n\/wp-json\/wp\/v2\/posts\/88311\/revisions"}],"wp:featuredmedia":[{"embeddable":true,"href":"https:\/\/www.infokuryr.cz\/n\/wp-json\/wp\/v2\/media\/88312"}],"wp:attachment":[{"href":"https:\/\/www.infokuryr.cz\/n\/wp-json\/wp\/v2\/media?parent=88311"}],"wp:term":[{"taxonomy":"category","embeddable":true,"href":"https:\/\/www.infokuryr.cz\/n\/wp-json\/wp\/v2\/categories?post=88311"},{"taxonomy":"post_tag","embeddable":true,"href":"https:\/\/www.infokuryr.cz\/n\/wp-json\/wp\/v2\/tags?post=88311"}],"curies":[{"name":"wp","href":"https:\/\/api.w.org\/{rel}","templated":true}]}}