{"id":8831,"date":"2022-03-04T16:00:40","date_gmt":"2022-03-04T15:00:40","guid":{"rendered":"http:\/\/www.infokuryr.cz\/n\/?p=8831"},"modified":"2022-03-04T16:00:40","modified_gmt":"2022-03-04T15:00:40","slug":"pentagon-otevira-horkou-linku-s-moskvou","status":"publish","type":"post","link":"https:\/\/www.infokuryr.cz\/n\/2022\/03\/04\/pentagon-otevira-horkou-linku-s-moskvou\/","title":{"rendered":"Pentagon otev\u00edr\u00e1 horkou linku s Moskvou"},"content":{"rendered":"<div id=\"fb-root\"><\/div>\n<p><strong>Washington a Moskva z\u0159\u00eddily horkou linku mezi sv\u00fdmi arm\u00e1dami.\u00a0P\u0159\u00edm\u00e9 spojen\u00ed m\u00e1 zabr\u00e1nit nedorozum\u011bn\u00edm nebo nehod\u00e1m, kter\u00e9 by mohly v\u00e9st k v\u00e1lce mezi Moskvou a NATO.<\/strong><\/p>\n<p><span>Americk\u00e9 a rusk\u00e9 arm\u00e1dy vytvo\u0159ily p\u0159\u00edm\u00e9 spojen\u00ed pro vyh\u00fdb\u00e1n\u00ed se konflikt\u016fm, aby se zabr\u00e1nilo jak\u00e9mukoli nedorozum\u011bn\u00ed nebo nehod\u011b p\u0159er\u016fstaj\u00edc\u00ed ve v\u00e1lku mezi Moskvou a NATO.\u00a0Ve \u010dtvrtek to potvrdil Pentagon.\u00a0Vysok\u00fd p\u0159edstavitel americk\u00e9ho ministerstva obrany \u0159ekl na \u010dtvrte\u010dn\u00ed tiskov\u00e9 konferenci:<\/span><\/p>\n<p><strong><em>&#8222;Spojen\u00e9 st\u00e1ty maj\u00ed \u0159adu kan\u00e1l\u016f, jak diskutovat s Rusy o kritick\u00fdch bezpe\u010dnostn\u00edch ot\u00e1zk\u00e1ch b\u011bhem mimo\u0159\u00e1dn\u00e9 nebo nouzov\u00e9 situace.&#8220;<\/em><\/strong><\/p>\n<p><strong><em>&#8222;Ministerstvo obrany z\u0159\u00eddilo 1. b\u0159ezna dekonfliktn\u00ed okruh s rusk\u00fdm ministerstvem obrany, aby se zabr\u00e1nilo chybn\u00fdm kalkulac\u00edm, vojensk\u00fdm incident\u016fm a eskalaci.&#8220;<\/em><\/strong><\/p>\n<p><span>Moskva a Pentagon ji\u017e podobn\u00fd komunika\u010dn\u00ed kan\u00e1l vyu\u017eily v syrsk\u00e9m konfliktu, kde Rusko od konce roku 2015 vede na pozv\u00e1n\u00ed Dama\u0161ku protiteroristickou operaci, kter\u00e1 se ob\u010das p\u0159ekr\u00fdv\u00e1 s americk\u00fdmi silami, kter\u00e9 v zemi operuj\u00ed bez mezin\u00e1rodn\u00ed mand\u00e1t.<\/span><\/p>\n<p><span>Americk\u00e9-evropsk\u00e9 velen\u00ed bude odpov\u011bdn\u00e9 za americkou stranu hork\u00e9 linky, \u0159ekl p\u0159edstavitel Pentagonu. Ozn\u00e1men\u00ed p\u0159i\u0161lo den pot\u00e9, co \u0160v\u00e9dsko \u2013 kter\u00e9 nen\u00ed \u010dlenem NATO \u2013 obvinilo rusk\u00e1 letadla z invaze do jeho vzdu\u0161n\u00e9ho prostoru nad Gotlandsk\u00fdmi ostrovy v Baltsk\u00e9m mo\u0159i.<\/span><\/p>\n<p><span>Za\u010d\u00e1tkem tohoto t\u00fddne Pentagon novin\u00e1\u0159\u016fm \u0159ekl, \u017ee chce vytvo\u0159it p\u0159\u00edm\u00fd kan\u00e1l pro ruskou arm\u00e1du, proto\u017ee na v\u00fdchodn\u00edch hranic\u00edch aliance jsou rozm\u00edst\u011bny dal\u0161\u00ed jednotky USA a NATO.\u00a0Jen USA v posledn\u00edch t\u00fddnech vyslaly n\u011bkolik tis\u00edc voj\u00e1k\u016f do Polska, Rumunska a pobaltsk\u00fdch st\u00e1t\u016f Estonska, Loty\u0161ska a Litvy.<\/span><\/p>\n<p><span>Zat\u00edmco americk\u00fd prezident Joe Biden odsoudil rusk\u00e9 vojensk\u00e9 nasazen\u00ed na Ukrajin\u011b a uvalil dalekos\u00e1hl\u00e9 ekonomick\u00e9 a kulturn\u00ed sankce, kter\u00e9 maj\u00ed Rusko v dlouhodob\u00e9m horizontu ochromit, B\u00edl\u00fd d\u016fm zd\u016fraznil, \u017ee neexistuj\u00ed \u017e\u00e1dn\u00e9 pl\u00e1ny k povolen\u00ed jednotk\u00e1m USA nebo NATO bojovat na Ukrajin\u011b.<\/span><\/p>\n<p><span>Rusk\u00e9 jednotky byly minul\u00fd t\u00fdden nasazeny k rusk\u00e9mu sousedovi v r\u00e1mci speci\u00e1ln\u00ed vojensk\u00e9 operace s c\u00edlem demilitarizovat a denacifikovat Ukrajinu, chr\u00e1nit Don\u011bckou a Luhanskou lidovou republiku a chr\u00e1nit z\u00e1jmy rusk\u00e9 n\u00e1rodn\u00ed bezpe\u010dnosti.\u00a0Kyjev obvinil Moskvu z nevyprovokovan\u00e9 ofenz\u00edvy.<\/span><\/p>\n<p><span>EU, USA a dal\u0161\u00ed zem\u011b reagovaly bezprecedentn\u00edmi sankcemi zam\u011b\u0159en\u00fdmi na rusk\u00fd byznys a vybran\u00e9 vysok\u00e9 \u00fa\u0159edn\u00edky.\u00a0V\u011bt\u0161ina Valn\u00e9ho shrom\u00e1\u017ed\u011bn\u00ed OSN ruskou speci\u00e1ln\u00ed vojenskou operaci odsoudila.<\/span><\/p>\n<p><img decoding=\"async\" loading=\"lazy\" class=\"alignnone size-full wp-image-1185\" src=\"http:\/\/www.infokuryr.cz\/n\/wp-content\/uploads\/2021\/04\/kuryr-podpis.png\" alt=\"\" width=\"84\" height=\"24\" \/><\/p>\n<p>&nbsp;<\/p>\n","protected":false},"excerpt":{"rendered":"<p>Washington a Moskva z\u0159\u00eddily horkou linku mezi sv\u00fdmi arm\u00e1dami.\u00a0P\u0159\u00edm\u00e9 spojen\u00ed m\u00e1 zabr\u00e1nit nedorozum\u011bn\u00edm nebo nehod\u00e1m,&#8230;<\/p>\n","protected":false},"author":2,"featured_media":8832,"comment_status":"closed","ping_status":"closed","sticky":false,"template":"","format":"standard","meta":[],"categories":[7],"tags":[1994,39,380,22],"_links":{"self":[{"href":"https:\/\/www.infokuryr.cz\/n\/wp-json\/wp\/v2\/posts\/8831"}],"collection":[{"href":"https:\/\/www.infokuryr.cz\/n\/wp-json\/wp\/v2\/posts"}],"about":[{"href":"https:\/\/www.infokuryr.cz\/n\/wp-json\/wp\/v2\/types\/post"}],"author":[{"embeddable":true,"href":"https:\/\/www.infokuryr.cz\/n\/wp-json\/wp\/v2\/users\/2"}],"replies":[{"embeddable":true,"href":"https:\/\/www.infokuryr.cz\/n\/wp-json\/wp\/v2\/comments?post=8831"}],"version-history":[{"count":0,"href":"https:\/\/www.infokuryr.cz\/n\/wp-json\/wp\/v2\/posts\/8831\/revisions"}],"wp:featuredmedia":[{"embeddable":true,"href":"https:\/\/www.infokuryr.cz\/n\/wp-json\/wp\/v2\/media\/8832"}],"wp:attachment":[{"href":"https:\/\/www.infokuryr.cz\/n\/wp-json\/wp\/v2\/media?parent=8831"}],"wp:term":[{"taxonomy":"category","embeddable":true,"href":"https:\/\/www.infokuryr.cz\/n\/wp-json\/wp\/v2\/categories?post=8831"},{"taxonomy":"post_tag","embeddable":true,"href":"https:\/\/www.infokuryr.cz\/n\/wp-json\/wp\/v2\/tags?post=8831"}],"curies":[{"name":"wp","href":"https:\/\/api.w.org\/{rel}","templated":true}]}}