{"id":88304,"date":"2025-09-22T00:22:09","date_gmt":"2025-09-21T22:22:09","guid":{"rendered":"https:\/\/www.infokuryr.cz\/n\/?p=88304"},"modified":"2025-09-21T15:00:29","modified_gmt":"2025-09-21T13:00:29","slug":"ivo-sebestik-zvlastni-nacasovani-zverejneni-obsahu-masarykova-dopisu","status":"publish","type":"post","link":"https:\/\/www.infokuryr.cz\/n\/2025\/09\/22\/ivo-sebestik-zvlastni-nacasovani-zverejneni-obsahu-masarykova-dopisu\/","title":{"rendered":"Ivo \u0160ebest\u00edk: Zvl\u00e1\u0161tn\u00ed na\u010dasov\u00e1n\u00ed zve\u0159ejn\u011bn\u00ed obsahu Masarykova dopisu"},"content":{"rendered":"<div id=\"fb-root\"><\/div>\n<p><strong>Evropsk\u00e1 komise se sna\u017e\u00ed trestat Slovensko a Ma\u010farsko za nedostatek poslu\u0161nosti v\u016f\u010di liber\u00e1ln\u00ed oligarchii, jej\u00edm\u017e je ona hou\u017eevnat\u00fdm n\u00e1strojem. V t\u00e9\u017ee dob\u011b, vlastn\u011b u\u017e od n\u00e1stupu Roberta Fica do \u00fa\u0159adu slovensk\u00e9ho premi\u00e9ra, zasahuj\u00ed \u010dlenov\u00e9 Fialovy vl\u00e1dy do vnit\u0159n\u00edch z\u00e1le\u017eitost\u00ed Slovenska naprosto nevhodnou nekorektn\u00ed kritikou, co\u017e vyvrcholilo ned\u00e1vnou osobn\u00ed \u00fa\u010dast\u00ed \u010desk\u00e9ho ministra vnitra, V\u00edta Raku\u0161ana (STAN), na protivl\u00e1dn\u00ed demonstraci v Bratislav\u011b. N\u011bco takov\u00e9ho je v mezin\u00e1rodn\u00edch vztaz\u00edch neomalenost a precedentn\u00ed faux-pas.<\/strong><\/p>\n<p style=\"font-weight: 400;\">Nehled\u011b na to, \u017ee pravideln\u00fdmi \u00fa\u010dastn\u00edky demonstrac\u00ed na Slovensku, jak\u00e9 organizuj\u00ed podobn\u011b orientovan\u00e9 a motivovan\u00e9 s\u00edly, kter\u00e9 v\u00a0sou\u010dasn\u00e9 p\u0159edvolebn\u00ed \u010cesk\u00e9 republice systematicky rozb\u00edjej\u00ed m\u00edtinky i konference opozice, jsou i n\u011bkter\u00e9 popul\u00e1rn\u00ed osoby \u010desk\u00e9ho hereck\u00e9ho prost\u0159ed\u00ed, kter\u00e9 p\u0159\u00edchylnost\u00ed k\u00a0vl\u00e1d\u011b Petra Fialy nejsp\u00ed\u0161 oznamuj\u00ed sv\u016fj odchod na hereck\u00fd odpo\u010dinek. No a na samotn\u00fd vrchol t\u011bchto podivn\u00fdch aktivit vypr\u0161\u00ed \u201eausgerechnet\u201c, tedy pr\u00e1v\u011b ve chv\u00edli, kdy Evropsk\u00e1 komise tla\u010d\u00ed na Slovensko, \u00fadajn\u011b vy\u017e\u00e1dan\u00e1 dvacetilet\u00e1 lh\u016fta nutn\u00e1 pro otev\u0159en\u00ed ob\u00e1lky s \u201eposledn\u00edmi slovy\u201c prvn\u00edho \u010deskoslovensk\u00e9ho prezidenta, T. G. Masaryka. V\u00a0tomto prezidentov\u011b p\u0159ibli\u017en\u011b devades\u00e1t let odpo\u010d\u00edvaj\u00edc\u00edm dopise se mimo jin\u00fdch objevuje tak\u00e9 negativn\u00ed zm\u00ednka o slovensk\u00e9m politikovi Andreji Hlinkovi, na jakou je slovensk\u00e1 ve\u0159ejnost nebo jej\u00ed \u010d\u00e1st citliv\u00e1.<\/p>\n<p style=\"font-weight: 400;\">N\u00e1hoda nebo na\u010dasov\u00e1n\u00ed? Do parlamentn\u00edch voleb v\u00a0\u010cesk\u00e9 republice zb\u00fdvaj\u00ed necel\u00e9 t\u0159i t\u00fddny (konaj\u00ed se 3. a 4. \u0159\u00edjna). Vl\u00e1da Petra Fialy ve\u00a0st\u00e1vaj\u00edc\u00edm slo\u017een\u00ed ODS, KDU-\u010cSL, TOP-09, STAN, m\u00e1 (doufejme a v\u011b\u0159me) jen velice malou nad\u011bji na pokra\u010dov\u00e1n\u00ed ve sv\u00e9 \u010dinnosti, zcela jist\u011b nikoliv v\u00a0tomto form\u00e1tu, tak\u017ee se na posledn\u00ed chv\u00edli sna\u017e\u00ed nap\u00e1chat \u0161kody, jak\u00e9 doposud, asi pro n\u00e1val \u201eu\u017eite\u010dn\u00e9 pr\u00e1ce\u201c, nestihla zp\u016fsobit. Za \u010dty\u0159i roky toho ov\u0161em bylo v\u00edc ne\u017e dost. Komu ne\u010dest tomu ne\u010dest, ale dost mo\u017en\u00e1 j\u00ed sch\u00e1z\u00ed je\u0161t\u011b \u201et\u0159e\u0161ni\u010dka na dortu\u201c, tedy rozbit\u00ed n\u011b\u010deho, co bez v\u011bt\u0161\u00edch nedorozum\u011bn\u00ed trv\u00e1 ve velmi solidn\u00ed harmonii d\u00e9le ne\u017e tis\u00edc let!<\/p>\n<p style=\"font-weight: 400;\">Naru\u0161ov\u00e1n\u00ed \u010desko-slovensk\u00fdch vztah\u016f pat\u0159\u00ed ji\u017e dlouhodob\u011b k\u00a0transparentn\u00edm aktivit\u00e1m Fialovy vl\u00e1dy. Kdyby se tak d\u011blo v\u00a0jin\u00fdch \u010dasech, ne\u017e kter\u00e9 charakterizuj\u00ed z\u00e1sadn\u00ed rozpory mezi Evropskou komis\u00ed a slovenskou vl\u00e1dou, mohlo by se jednat \u201epouze\u201c o n\u011bjakou neodpov\u011bdnou, hloupou a zcela nepochopitelnou vnit\u0159n\u00ed animozitu \u010desk\u00e9ho kabinetu \u010di jeho \u010d\u00e1sti. Jestli\u017ee se v\u0161ak \u010desk\u00e9 nekorektn\u00ed vymezov\u00e1n\u00ed v\u016f\u010di Slovensku d\u011bje pr\u00e1v\u011b v\u00a0nep\u0159ehl\u00e9dnuteln\u00e9m kontextu n\u00e1zorov\u00e9ho st\u0159etu EK a Roberta Fica, bud\u00ed Fial\u016fv a Raku\u0161an\u016fv postup podez\u0159en\u00ed, \u017ee ve zhor\u0161ov\u00e1n\u00ed vztah\u016f se Slovenskem jedn\u00e1 op\u011bt v\u00a0ciz\u00edm z\u00e1jmu.<\/p>\n<p style=\"font-weight: 400;\">V\u00a0ciz\u00edm z\u00e1jmu maj\u00ed \u010ce\u0161i zni\u010den\u00e9 vztahy s\u00a0Ruskem i se samotn\u00fdmi Rusy. V\u00a0ciz\u00edm z\u00e1jmu dosp\u011bli k po\u0161kozen\u00ed vztah\u016f s\u00a0\u010c\u00ednou, v\u00a0ciz\u00edm z\u00e1jmu jsou drah\u00e9 energie v\u00a0\u010cR, v\u00a0ciz\u00edm z\u00e1jmu bylo t\u00e9\u017e nab\u00eddnuto a podpisem stvrzeno \u00fazem\u00ed \u010desk\u00e9ho st\u00e1tu pro jakoukoliv v\u00e1le\u010dnou avant\u00fdru ciz\u00ed mocnosti. Nota bene mimo\u0159\u00e1dn\u011b agres\u00edvn\u00ed. V\u00a0ciz\u00edm z\u00e1jmu ka\u017ed\u00fdm rokem jsou zahozen\u00e9 stovky miliard korun na konta vojensko-pr\u016fmyslov\u00e9ho komplexu, a to bez nejmen\u0161\u00edho obrann\u00e9ho smyslu, atd. atd. atd. A te\u010f prob\u00edh\u00e1 rozb\u00edjen\u00ed vztah\u016f s\u00a0nejbli\u017e\u0161\u00edm n\u00e1rodem, se kter\u00fdm \u010ce\u0161i a Moravan\u00e9 udr\u017eovali kontakty a neju\u017e\u0161\u00ed kulturn\u00ed vazby, i kdy\u017e je se Slov\u00e1ky d\u011blila st\u00e1tn\u00ed hranice? De facto takov\u00e1to hranice nikdy neexistovala. De iure n\u011bkolikr\u00e1t a tak\u00e9 i nyn\u00ed, ale de facto nikoliv. Chce ji snad Fiala nar\u00fdsovat dnes a v\u00a0podob\u011b zdi? Snad u\u017e k\u00a0tomu nebude m\u00edt p\u0159\u00edle\u017eitost.<\/p>\n<p style=\"font-weight: 400;\">Ona zm\u00ednka z\u00a0utajovan\u00e9ho Masarykova dopisu m\u016f\u017ee na Slovensku vyvolat negativn\u00ed reakce (ji\u017e se stalo) a vyvolat z\u00a0minulosti n\u011bkter\u00e9 nep\u0159\u00edjemn\u00e9 reminiscence, tak\u017ee Evropsk\u00e1 komise, kter\u00e1 se sna\u017e\u00ed dostat slovenskou vl\u00e1du pod tlak, aby se Slovensko za\u0159adilo do houfu poslu\u0161n\u00fdch st\u00e1t\u016f bez vlastn\u00edho n\u00e1zoru, m\u016f\u017ee m\u00edt z\u00a0Petra Fialy a V\u00edta Raku\u0161ana (ale i z\u00a0dal\u0161\u00edch, kte\u0159\u00ed snad, v\u011b\u0159me a doufejme, u moci kon\u010d\u00ed) velkou radost. \u010ce\u0161i jako n\u00e1stroj Evropsk\u00e9 komise proti Slovensku? Tak to by snad u\u017e byl vrchol!<\/p>\n<p style=\"font-weight: 400;\">Onen Masaryk\u016fv dopis, jak se zd\u00e1, nebyl naps\u00e1n v\u00a0roce 1937, tedy t\u011bsn\u011b p\u0159ed smrt\u00ed prezidenta, ale vznikl o t\u0159i roky d\u0159\u00edve, v\u00a0roce 1934. Dopis se nach\u00e1zel ve vlastnictv\u00ed tajemn\u00edka Masarykova syna Jana Masaryka, Anton\u00edna Sumy. Ten si \u00fadajn\u011b v\u00a0roce 2005 vym\u00ednil, \u017ee se dopis sm\u00ed otev\u0159\u00edt a\u017e po uplynut\u00ed dvaceti let. Pro\u010d ta lh\u016fta, nen\u00ed zn\u00e1mo. Otev\u0159en\u00ed ob\u00e1lky se ov\u0161em nyn\u00ed z\u00fa\u010dastnil prezident \u010cR Petr Pavel a ud\u00e1lost medi\u00e1ln\u011b zachytil \u010cesk\u00fd rozhlas. Otev\u0159en\u00ed dopisu t\u0159i t\u00fddny p\u0159ed volbami do Poslaneck\u00e9 sn\u011bmovny Parlamentu \u010cR, a v\u00a0\u010dase spor\u016f Evropsk\u00e9 komise se slovenskou vl\u00e1dou, osobn\u00ed \u00fa\u010dast osoby konkr\u00e9tn\u011b tohoto v\u00a0jist\u00e9m smyslu opravdu unik\u00e1tn\u00edho prezidenta, tedy Petra Pavla, kter\u00fd absolutn\u011b souzn\u00ed se stranami vl\u00e1dn\u00ed koalice, a medi\u00e1ln\u00ed pokryt\u00ed akce ze strany m\u00e9dia ve\u0159ejn\u00e9 slu\u017eby, \u010cesk\u00e9ho rozhlasu, rozhodn\u011b neodstra\u0148uj\u00ed otazn\u00edky, kter\u00e9 se kolem dopisu prezidenta Masaryka a n\u011bkter\u00fdch v\u011bt v\u00a0jeho obsahu vnucuj\u00ed.<\/p>\n<p style=\"font-weight: 400;\">Vztahy mezi n\u00e1rody \u010cesk\u00e9 republiky a Slovenska se budovaly d\u00e9le ne\u017e tis\u00edc let a jedno \u010dty\u0159let\u00e9 vl\u00e1dn\u00ed obdob\u00ed je na\u0161t\u011bst\u00ed nedok\u00e1\u017ee po\u0161kodit. Mezi \u201eelitami\u201c a ob\u010dany ve v\u011bt\u0161in\u011b zem\u00ed Z\u00e1padu zeje mezera, kter\u00e1 se ka\u017ed\u00fdm rokem ohromn\u011b roz\u0161i\u0159uje. Proto m\u00edn\u011bn\u00ed n\u00e1roda je t\u0159eba d\u016fsledn\u011b odd\u011blovat od politiky vl\u00e1dnouc\u00edch struktur, zejm\u00e9na kdy\u017e tyto vl\u00e1dnouc\u00ed struktury u\u017e demokracii, vlastenectv\u00ed a kulturnost ani nep\u0159edst\u00edraj\u00ed. Z\u00e1sadn\u00ed rozd\u00edl, kter\u00fd existuje mezi n\u00e1rody na stran\u011b jedn\u00e9 a jejich vl\u00e1dnouc\u00edmi strukturami na stran\u011b druh\u00e9, na\u0161t\u011bst\u00ed chr\u00e1n\u00ed uchov\u00e1n\u00ed vz\u00e1jemn\u00e9ho respektu mezi ob\u010dany EU. Kdyby lid\u00e9 posuzovali jin\u00e9 n\u00e1rody podle jejich figur a figurek u moci, Evropa by se beznad\u011bjn\u011b rozsypala. Na\u0161t\u011bst\u00ed nen\u00ed mo\u017en\u00e9 soudit Francouze podle Macrona, N\u011bmce podle Von der Leyenov\u00e9, Baerbockov\u00e9 a Merze, Brity podle Johnsona nebo Starmera, Finy podle Stubba, Italy podle Meloniov\u00e9, Estonce podle Kallasov\u00e9. Ov\u0161em ani \u010cechy podle Fialy nebo Petra Pavla. Na\u0161t\u011bst\u00ed!!!<\/p>\n<p style=\"font-weight: 400;\">P\u0159esto obecn\u011b plat\u00ed, \u017ee pokud se dva bl\u00edzk\u00e9 n\u00e1rody dostanou do spor\u016f a do konfliktu, skoro ve v\u0161ech p\u0159\u00edpadech m\u016f\u017eeme za oponou zahl\u00e9dnout ciz\u00ed velice o\u0161klivou \u010f\u00e1belsky se \u0161kleb\u00edc\u00ed tv\u00e1\u0159. Skoro v\u017edy se n\u00e1rody roze\u0161tv\u00e1vaj\u00ed na ciz\u00ed objedn\u00e1vku. Skoro poka\u017ed\u00e9 si n\u011bkdo p\u0159eje n\u011bco ze spor\u016f mezi bl\u00edzk\u00fdmi n\u00e1rody vyt\u011b\u017eit pro sebe. Ot\u0159esnou uk\u00e1zku ciz\u00edho vm\u011b\u0161ov\u00e1n\u00ed jsme mohli studovat b\u011bhem rozb\u00edjen\u00ed Jugosl\u00e1vie v\u00a0devades\u00e1t\u00fdch letech minul\u00e9ho stolet\u00ed, kdy se pustily do bratrovra\u017eedn\u00e9ho boje Chorvati a Srbov\u00e9 a zopakovali si tak s\u00a0podobnou zu\u0159ivost\u00ed zku\u0161enost z\u00a0\u010das\u016f italsk\u00e9 a n\u011bmeck\u00e9 okupace Jugosl\u00e1vie. No a stejn\u011b tak ciz\u00ed zi\u0161tn\u00fd a krajn\u011b bezohledn\u00fd vliv vyvolal c\u00edlen\u011b sou\u010dasnou v\u00e1lku vedenou na boji\u0161ti dv\u011bma n\u00e1rody poch\u00e1zej\u00edc\u00edmi z\u00a0jednoho star\u00e9ho v\u00fdchodoslovansk\u00e9ho etnika.<\/p>\n<p style=\"font-weight: 400;\">Existuje-li ciz\u00ed z\u00e1jem, ciz\u00ed objedn\u00e1vka konfliktu a jsou-li po ruce n\u011bjak\u00e9 vnit\u0159n\u00ed neshody, star\u00e9 k\u0159ivdy, nezhojen\u00e9 r\u00e1ny, n\u011bjak\u00e9 \u00fapln\u011b nevinn\u00e9 z\u00e1klady animozity, t\u0159eba i komplexy, pak ciz\u00ed moc, m\u00e1-li po ruce pen\u00edze, hodn\u011b pen\u011bz, a jin\u00e9 n\u00e1stroje, vytvo\u0159\u00ed spor, krizi, konflikt i krveprolit\u00ed mezi p\u016fvodn\u011b m\u00edrumilovn\u011b koexistuj\u00edc\u00edmi n\u00e1rody pom\u011brn\u011b snadno. Najde uvnit\u0159 n\u00e1rod\u016f osoby tou\u017e\u00edc\u00ed po kari\u00e9\u0159e a po pen\u011bz\u00edch, nej\u010dast\u011bji bezcharaktern\u00ed monstra, rozst\u0159\u00edkne prost\u0159ednictv\u00edm sv\u00fdch tajn\u00fdch slu\u017eeb, m\u00e9di\u00ed a aktivist\u016f v\u00a0zem\u00edch toxick\u00fd jed. No a ne\u0161t\u011bst\u00ed je hotovo. N\u00e1vod jako recept z\u00a0kucha\u0159sk\u00e9 knihy. \u201eA za st\u00e1l\u00e9ho m\u00edch\u00e1n\u00ed p\u0159il\u00e9v\u00e1me oleje do ohn\u011b.\u201c P\u0159esn\u011b takto hlubok\u00fd st\u00e1t a jeho evropsk\u00e9 metast\u00e1ze uva\u0159ily v\u00a0Kyjev\u011b krvavou pol\u00e9vku. Va\u0159ily ji d\u00e9le ne\u017e \u010dtvrt stolet\u00ed.<\/p>\n<p style=\"font-weight: 400;\">Tak snad se n\u011bjak\u00fdm takov\u00fdm smrteln\u00fdm jedem \u010cesko ani Slovensko otr\u00e1vit nikomu nepoda\u0159\u00ed. St\u00e1vaj\u00edc\u00edho premi\u00e9ra, Petra Fialu, vyp\u00edskali ob\u010dan\u00e9 snad \u00fapln\u011b ve v\u0161ech m\u011bstech, do kter\u00fdch se opov\u00e1\u017eil p\u0159ijet se sv\u00fdm p\u0159edvolebn\u00edm stra\u0161en\u00edm Ruskem. Nepomohli mu ani putovn\u00ed fanou\u0161ci. Zvl\u00e1\u0161t\u011b si jej vychutnali na Ostravsku, dokonce i v\u00a0Plzni. Ani v\u00a0Brn\u011b, odkud Fiala poch\u00e1z\u00ed, se mu nevedlo l\u00e9pe. Dokonce se objevila i statistika jeho \u201epopularity\u201c v\u00a0Jihomoravsk\u00e9m kraji, kde Petr Fiala mezi v\u0161emi kandid\u00e1ty obsadil kr\u00e1sn\u00e9 posledn\u00ed m\u00edsto. T\u0159eba\u017ee \u0161ance na to, \u017ee se po volb\u00e1ch \u010cesk\u00e1 republika vyd\u00e1 cestou v\u011bt\u0161\u00ed m\u00edry nez\u00e1vislosti, se rovn\u00e1 t\u00e9m\u011b\u0159 nule, p\u0159esto existuje nad\u011bje na to, \u017ee nov\u00e1 vl\u00e1da \u201ekosmetick\u00e9ho pokroku ve velice\u00a0\u00fazk\u00fdch mantinelech washingtonsk\u00e9ho hlubok\u00e9ho st\u00e1tu a Evropsk\u00e9 komise\u201c ponech\u00e1 \u00fapadku jen jeho \u0159\u00edzenou neodvratnou unijn\u00ed trajektorii, ani\u017e by p\u00e1d akcelerovala je\u0161t\u011b dom\u00e1c\u00edmi \u00fakoly a katastrofami z\u00a0pilnosti.<\/p>\n<p style=\"font-weight: 400;\"><em><strong>Ivo \u0160ebest\u00edk<br \/>\n<\/strong><\/em><em><strong>(<a href=\"http:\/\/www.noveslovo.eu\/\">Nov\u00e9 slovo<\/a>)<\/strong><\/em><\/p>\n<p><img decoding=\"async\" loading=\"lazy\" class=\"wp-image-86739 aligncenter\" src=\"http:\/\/www.infokuryr.cz\/n\/wp-content\/uploads\/2025\/08\/volby-program-211x300.png\" alt=\"\" width=\"803\" height=\"1142\" srcset=\"https:\/\/www.infokuryr.cz\/n\/wp-content\/uploads\/2025\/08\/volby-program-211x300.png 211w, https:\/\/www.infokuryr.cz\/n\/wp-content\/uploads\/2025\/08\/volby-program-721x1024.png 721w, https:\/\/www.infokuryr.cz\/n\/wp-content\/uploads\/2025\/08\/volby-program-768x1091.png 768w, https:\/\/www.infokuryr.cz\/n\/wp-content\/uploads\/2025\/08\/volby-program-1081x1536.png 1081w, https:\/\/www.infokuryr.cz\/n\/wp-content\/uploads\/2025\/08\/volby-program-1024x1455.png 1024w\" sizes=\"(max-width: 803px) 100vw, 803px\" \/><\/p>\n","protected":false},"excerpt":{"rendered":"<p>Evropsk\u00e1 komise se sna\u017e\u00ed trestat Slovensko a Ma\u010farsko za nedostatek poslu\u0161nosti v\u016f\u010di liber\u00e1ln\u00ed oligarchii, jej\u00edm\u017e&#8230;<\/p>\n","protected":false},"author":2,"featured_media":27500,"comment_status":"closed","ping_status":"closed","sticky":false,"template":"","format":"standard","meta":[],"categories":[6],"tags":[506,680,1503,265,203,7860],"_links":{"self":[{"href":"https:\/\/www.infokuryr.cz\/n\/wp-json\/wp\/v2\/posts\/88304"}],"collection":[{"href":"https:\/\/www.infokuryr.cz\/n\/wp-json\/wp\/v2\/posts"}],"about":[{"href":"https:\/\/www.infokuryr.cz\/n\/wp-json\/wp\/v2\/types\/post"}],"author":[{"embeddable":true,"href":"https:\/\/www.infokuryr.cz\/n\/wp-json\/wp\/v2\/users\/2"}],"replies":[{"embeddable":true,"href":"https:\/\/www.infokuryr.cz\/n\/wp-json\/wp\/v2\/comments?post=88304"}],"version-history":[{"count":0,"href":"https:\/\/www.infokuryr.cz\/n\/wp-json\/wp\/v2\/posts\/88304\/revisions"}],"wp:featuredmedia":[{"embeddable":true,"href":"https:\/\/www.infokuryr.cz\/n\/wp-json\/wp\/v2\/media\/27500"}],"wp:attachment":[{"href":"https:\/\/www.infokuryr.cz\/n\/wp-json\/wp\/v2\/media?parent=88304"}],"wp:term":[{"taxonomy":"category","embeddable":true,"href":"https:\/\/www.infokuryr.cz\/n\/wp-json\/wp\/v2\/categories?post=88304"},{"taxonomy":"post_tag","embeddable":true,"href":"https:\/\/www.infokuryr.cz\/n\/wp-json\/wp\/v2\/tags?post=88304"}],"curies":[{"name":"wp","href":"https:\/\/api.w.org\/{rel}","templated":true}]}}