{"id":88301,"date":"2025-09-22T00:16:50","date_gmt":"2025-09-21T22:16:50","guid":{"rendered":"https:\/\/www.infokuryr.cz\/n\/?p=88301"},"modified":"2025-09-21T14:53:23","modified_gmt":"2025-09-21T12:53:23","slug":"mgr-eva-decroix-for-president","status":"publish","type":"post","link":"https:\/\/www.infokuryr.cz\/n\/2025\/09\/22\/mgr-eva-decroix-for-president\/","title":{"rendered":"Mgr. Eva Decroix for president!"},"content":{"rendered":"<div id=\"fb-root\"><\/div>\n<h4>In\u017een\u00fd\u0159i z Afriky a d\u016fchodce Mgr. V\u00e1clav z Vyso\u010diny podporuj\u00ed Mgr. Evu Decroix v kandidatu\u0159e na pRezidentku \u010ceska. \u010cesko by si zaslou\u017eilo prvn\u00ed \u017eenskou prezidentku zrovna v podob\u011b Mgr. Decroix &#8230;<\/h4>\n<p><img decoding=\"async\" class=\"aligncenter\" src=\"https:\/\/ceskavec.com\/wp-content\/uploads\/2025\/07\/image-1.png\" \/><\/p>\n<p><img decoding=\"async\" loading=\"lazy\" class=\"aligncenter\" src=\"https:\/\/ceskavec.com\/wp-content\/uploads\/2025\/06\/image-3.png\" width=\"819\" height=\"753\" \/><\/p>\n<p><img decoding=\"async\" loading=\"lazy\" class=\"alignnone size-full wp-image-1185\" src=\"http:\/\/www.infokuryr.cz\/n\/wp-content\/uploads\/2021\/04\/kuryr-podpis.png\" alt=\"\" width=\"84\" height=\"24\" \/><\/p>\n<p><img decoding=\"async\" loading=\"lazy\" class=\"wp-image-86927 aligncenter\" src=\"http:\/\/www.infokuryr.cz\/n\/wp-content\/uploads\/2025\/09\/letak-volby-2025-konference-3-212x300.png\" alt=\"\" width=\"828\" height=\"1172\" srcset=\"https:\/\/www.infokuryr.cz\/n\/wp-content\/uploads\/2025\/09\/letak-volby-2025-konference-3-212x300.png 212w, https:\/\/www.infokuryr.cz\/n\/wp-content\/uploads\/2025\/09\/letak-volby-2025-konference-3-724x1024.png 724w, https:\/\/www.infokuryr.cz\/n\/wp-content\/uploads\/2025\/09\/letak-volby-2025-konference-3-768x1086.png 768w, https:\/\/www.infokuryr.cz\/n\/wp-content\/uploads\/2025\/09\/letak-volby-2025-konference-3-1086x1536.png 1086w, https:\/\/www.infokuryr.cz\/n\/wp-content\/uploads\/2025\/09\/letak-volby-2025-konference-3-1448x2048.png 1448w, https:\/\/www.infokuryr.cz\/n\/wp-content\/uploads\/2025\/09\/letak-volby-2025-konference-3-1024x1448.png 1024w\" sizes=\"(max-width: 828px) 100vw, 828px\" \/><\/p>\n","protected":false},"excerpt":{"rendered":"<p>In\u017een\u00fd\u0159i z Afriky a d\u016fchodce Mgr. V\u00e1clav z Vyso\u010diny podporuj\u00ed Mgr. Evu Decroix v kandidatu\u0159e&#8230;<\/p>\n","protected":false},"author":2,"featured_media":26237,"comment_status":"closed","ping_status":"closed","sticky":false,"template":"","format":"standard","meta":[],"categories":[6],"tags":[4758,1003,3584],"_links":{"self":[{"href":"https:\/\/www.infokuryr.cz\/n\/wp-json\/wp\/v2\/posts\/88301"}],"collection":[{"href":"https:\/\/www.infokuryr.cz\/n\/wp-json\/wp\/v2\/posts"}],"about":[{"href":"https:\/\/www.infokuryr.cz\/n\/wp-json\/wp\/v2\/types\/post"}],"author":[{"embeddable":true,"href":"https:\/\/www.infokuryr.cz\/n\/wp-json\/wp\/v2\/users\/2"}],"replies":[{"embeddable":true,"href":"https:\/\/www.infokuryr.cz\/n\/wp-json\/wp\/v2\/comments?post=88301"}],"version-history":[{"count":1,"href":"https:\/\/www.infokuryr.cz\/n\/wp-json\/wp\/v2\/posts\/88301\/revisions"}],"predecessor-version":[{"id":88302,"href":"https:\/\/www.infokuryr.cz\/n\/wp-json\/wp\/v2\/posts\/88301\/revisions\/88302"}],"wp:featuredmedia":[{"embeddable":true,"href":"https:\/\/www.infokuryr.cz\/n\/wp-json\/wp\/v2\/media\/26237"}],"wp:attachment":[{"href":"https:\/\/www.infokuryr.cz\/n\/wp-json\/wp\/v2\/media?parent=88301"}],"wp:term":[{"taxonomy":"category","embeddable":true,"href":"https:\/\/www.infokuryr.cz\/n\/wp-json\/wp\/v2\/categories?post=88301"},{"taxonomy":"post_tag","embeddable":true,"href":"https:\/\/www.infokuryr.cz\/n\/wp-json\/wp\/v2\/tags?post=88301"}],"curies":[{"name":"wp","href":"https:\/\/api.w.org\/{rel}","templated":true}]}}