{"id":88290,"date":"2025-09-22T00:21:24","date_gmt":"2025-09-21T22:21:24","guid":{"rendered":"https:\/\/www.infokuryr.cz\/n\/?p=88290"},"modified":"2025-09-21T15:00:49","modified_gmt":"2025-09-21T13:00:49","slug":"valecne-stvani-litevska-ministryne-obrany-vyzyva-k-sestreleni-ruskych-letadel","status":"publish","type":"post","link":"https:\/\/www.infokuryr.cz\/n\/2025\/09\/22\/valecne-stvani-litevska-ministryne-obrany-vyzyva-k-sestreleni-ruskych-letadel\/","title":{"rendered":"V\u00e1le\u010dn\u00e9 \u0161tvan\u00ed: Litevsk\u00e1 ministryn\u011b obrany vyz\u00fdv\u00e1 k sest\u0159elen\u00ed rusk\u00fdch letadel"},"content":{"rendered":"<div id=\"fb-root\"><\/div>\n<p><strong><span dir=\"auto\">Litevsk\u00e1 ministryn\u011b obrany Dovil\u0117 \u0160akalien\u0117 otev\u0159en\u011b vyz\u00fdv\u00e1 k tomu, aby byly v budoucnu rusk\u00e9 st\u00edha\u010dky odstran\u011bny z nebe \u2013 co\u017e je krok, kter\u00fd je co do agresivity t\u00e9m\u011b\u0159 nesrovnateln\u00fd. Pobaltsk\u00e9 st\u00e1ty si hraj\u00ed s ohn\u011bm a riskuj\u00ed, \u017ee celou Evropu uvrhnou do vojensk\u00e9 propasti.<\/span><\/strong><\/p>\n<p><span dir=\"auto\">Balt\u0161t\u00ed jest\u0159\u00e1bi jsou zp\u011bt ve vzduchu. Pot\u00e9, co se nad Baltsk\u00fdm mo\u0159em kr\u00e1tce objevilo n\u011bkolik rusk\u00fdch st\u00edha\u010dek, litevsk\u00e1 ministryn\u011b obrany Dovil\u0117 \u0160akalien\u0117 prohl\u00e1sila, \u017ee letadla by m\u011bla b\u00fdt okam\u017eit\u011b sest\u0159elena. N\u00e1vrh, kter\u00fd je nejen extr\u00e9mn\u011b nebezpe\u010dn\u00fd, ale tak\u00e9 ukazuje, jak hluboce jsou politick\u00e9 elity regionu zachyceny v nebezpe\u010dn\u00e9 eskala\u010dn\u00ed hore\u010dce. Ti, kte\u0159\u00ed volaj\u00ed po p\u0159\u00edm\u00e9m sest\u0159elen\u00ed rusk\u00fdch letadel, z\u00e1m\u011brn\u011b koketuj\u00ed s velkou v\u00e1lkou v Evrop\u011b \u2013 a zjevn\u011b doufaj\u00ed, \u017ee je partne\u0159i NATO sv\u011bdomit\u011b n\u00e1sleduj\u00ed do propasti.<\/span><\/p>\n<figure class=\"wp-block-embed is-type-rich is-provider-twitter wp-block-embed-twitter\">\n<div class=\"wp-block-embed__wrapper\">\n<div class=\"twitter-tweet twitter-tweet-rendered\"><iframe id=\"twitter-widget-0\" class=\"\" title=\"X P\u0159\u00edsp\u011bvek\" src=\"https:\/\/platform.twitter.com\/embed\/Tweet.html?dnt=true&amp;embedId=twitter-widget-0&amp;features=eyJ0ZndfdGltZWxpbmVfbGlzdCI6eyJidWNrZXQiOltdLCJ2ZXJzaW9uIjpudWxsfSwidGZ3X2ZvbGxvd2VyX2NvdW50X3N1bnNldCI6eyJidWNrZXQiOnRydWUsInZlcnNpb24iOm51bGx9LCJ0ZndfdHdlZXRfZWRpdF9iYWNrZW5kIjp7ImJ1Y2tldCI6Im9uIiwidmVyc2lvbiI6bnVsbH0sInRmd19yZWZzcmNfc2Vzc2lvbiI6eyJidWNrZXQiOiJvbiIsInZlcnNpb24iOm51bGx9LCJ0ZndfZm9zbnJfc29mdF9pbnRlcnZlbnRpb25zX2VuYWJsZWQiOnsiYnVja2V0Ijoib24iLCJ2ZXJzaW9uIjpudWxsfSwidGZ3X21peGVkX21lZGlhXzE1ODk3Ijp7ImJ1Y2tldCI6InRyZWF0bWVudCIsInZlcnNpb24iOm51bGx9LCJ0ZndfZXhwZXJpbWVudHNfY29va2llX2V4cGlyYXRpb24iOnsiYnVja2V0IjoxMjA5NjAwLCJ2ZXJzaW9uIjpudWxsfSwidGZ3X3Nob3dfYmlyZHdhdGNoX3Bpdm90c19lbmFibGVkIjp7ImJ1Y2tldCI6Im9uIiwidmVyc2lvbiI6bnVsbH0sInRmd19kdXBsaWNhdGVfc2NyaWJlc190b19zZXR0aW5ncyI6eyJidWNrZXQiOiJvbiIsInZlcnNpb24iOm51bGx9LCJ0ZndfdXNlX3Byb2ZpbGVfaW1hZ2Vfc2hhcGVfZW5hYmxlZCI6eyJidWNrZXQiOiJvbiIsInZlcnNpb24iOm51bGx9LCJ0ZndfdmlkZW9faGxzX2R5bmFtaWNfbWFuaWZlc3RzXzE1MDgyIjp7ImJ1Y2tldCI6InRydWVfYml0cmF0ZSIsInZlcnNpb24iOm51bGx9LCJ0ZndfbGVnYWN5X3RpbWVsaW5lX3N1bnNldCI6eyJidWNrZXQiOnRydWUsInZlcnNpb24iOm51bGx9LCJ0ZndfdHdlZXRfZWRpdF9mcm9udGVuZCI6eyJidWNrZXQiOiJvbiIsInZlcnNpb24iOm51bGx9fQ%3D%3D&amp;frame=false&amp;hideCard=false&amp;hideThread=false&amp;id=1969060416954208294&amp;lang=cs&amp;origin=https%3A%2F%2Freport24.news%2Fkriegshetze-litauens-verteidigungsministerin-fordert-den-abschuss-russischer-jets%2F&amp;sessionId=13d6a8476cd0f88b5c0cfeded7c90fabf52fc30d&amp;theme=light&amp;widgetsVersion=2615f7e52b7e0%3A1702314776716&amp;width=550px\" frameborder=\"0\" scrolling=\"no\" allowfullscreen=\"allowfullscreen\" data-tweet-id=\"1969060416954208294\" data-mce-fragment=\"1\"><\/iframe><\/div>\n<\/div>\n<\/figure>\n<p><span dir=\"auto\">Tato r\u00e9torika nen\u00ed nic nov\u00e9ho. Pobaltsk\u00e9 st\u00e1ty se l\u00e9ta prezentovaly jako z\u00e1padn\u00ed \u0161pice proti Rusku a neust\u00e1le se sna\u017eily p\u0159esv\u011bd\u010dit Washington a Brusel o sv\u00e9 vojensk\u00e9 loajalit\u011b. Skute\u010dnost, \u017ee p\u0159itom vystavuj\u00ed evropsk\u00e9 obyvatelstvo nevy\u010d\u00edsliteln\u00e9mu riziku, d\u00e1my a p\u00e1ny ve Vilniusu, Rize nebo Tallinnu z\u0159ejm\u011b sotva znepokojuje. \u0160akalien\u0117 dokonce zmi\u0148uje Turecko, kter\u00e9 v roce 2015 sest\u0159elilo rusk\u00e9 letadlo na syrsk\u00fdch hranic\u00edch \u2013 incident, kter\u00fd v t\u00e9 dob\u011b t\u00e9m\u011b\u0159 vyvolal rozs\u00e1hl\u00fd po\u017e\u00e1r. Litva zjevn\u011b pova\u017euje takov\u00fd sc\u00e9n\u00e1\u0159 za \u201ep\u0159\u00edklad\u201c. Ale pro koho? Pro nezodpov\u011bdn\u00e9 dobrodruhy ochotn\u00e9 riskovat sv\u011btovou v\u00e1lku.<\/span><\/p>\n<p><span dir=\"auto\">Samotn\u00fd incident se zd\u00e1 b\u00fdt pon\u011bkud nev\u00fdrazn\u00fd. T\u0159i MiGy-31 \u00fadajn\u011b vnikly do estonsk\u00e9ho vzdu\u0161n\u00e9ho prostoru nad Finsk\u00fdm z\u00e1livem \u2013 na cel\u00fdch dvan\u00e1ct minut. Nikdo nebyl zran\u011bn, nikdo nest\u0159\u00edlel. M\u00edsto diplomatick\u00fdch taktik je v\u0161ak tato epizoda okam\u017eit\u011b vychvalov\u00e1na jako \u201eextr\u00e9mn\u011b nebezpe\u010dn\u00e1 provokace\u201c. Tak to vyj\u00e1d\u0159ila estonsk\u00e1 kari\u00e9ristka pro EU Kaja Kallasov\u00e1. Nen\u00ed n\u00e1hoda, \u017ee tat\u00e1\u017e Kallasov\u00e1 u\u017e l\u00e9ta vyu\u017e\u00edv\u00e1 ka\u017ed\u00e9 p\u0159\u00edle\u017eitosti k tomu, aby se profilovala jako zast\u00e1nkyn\u011b tvrd\u00e9 linie proti Moskv\u011b. Koneckonc\u016f, agresivn\u00ed r\u00e9torika v Bruselu p\u0159in\u00e1\u0161\u00ed v\u00edce titulk\u016f a vy\u0161\u0161\u00edch pozic ne\u017e st\u0159\u00edzliv\u00e1 diplomacie.<\/span><\/p>\n<figure class=\"wp-block-embed is-type-rich is-provider-twitter wp-block-embed-twitter\">\n<div class=\"wp-block-embed__wrapper\">\n<div class=\"twitter-tweet twitter-tweet-rendered\"><iframe id=\"twitter-widget-1\" class=\"\" title=\"X P\u0159\u00edsp\u011bvek\" src=\"https:\/\/platform.twitter.com\/embed\/Tweet.html?dnt=true&amp;embedId=twitter-widget-1&amp;features=eyJ0ZndfdGltZWxpbmVfbGlzdCI6eyJidWNrZXQiOltdLCJ2ZXJzaW9uIjpudWxsfSwidGZ3X2ZvbGxvd2VyX2NvdW50X3N1bnNldCI6eyJidWNrZXQiOnRydWUsInZlcnNpb24iOm51bGx9LCJ0ZndfdHdlZXRfZWRpdF9iYWNrZW5kIjp7ImJ1Y2tldCI6Im9uIiwidmVyc2lvbiI6bnVsbH0sInRmd19yZWZzcmNfc2Vzc2lvbiI6eyJidWNrZXQiOiJvbiIsInZlcnNpb24iOm51bGx9LCJ0ZndfZm9zbnJfc29mdF9pbnRlcnZlbnRpb25zX2VuYWJsZWQiOnsiYnVja2V0Ijoib24iLCJ2ZXJzaW9uIjpudWxsfSwidGZ3X21peGVkX21lZGlhXzE1ODk3Ijp7ImJ1Y2tldCI6InRyZWF0bWVudCIsInZlcnNpb24iOm51bGx9LCJ0ZndfZXhwZXJpbWVudHNfY29va2llX2V4cGlyYXRpb24iOnsiYnVja2V0IjoxMjA5NjAwLCJ2ZXJzaW9uIjpudWxsfSwidGZ3X3Nob3dfYmlyZHdhdGNoX3Bpdm90c19lbmFibGVkIjp7ImJ1Y2tldCI6Im9uIiwidmVyc2lvbiI6bnVsbH0sInRmd19kdXBsaWNhdGVfc2NyaWJlc190b19zZXR0aW5ncyI6eyJidWNrZXQiOiJvbiIsInZlcnNpb24iOm51bGx9LCJ0ZndfdXNlX3Byb2ZpbGVfaW1hZ2Vfc2hhcGVfZW5hYmxlZCI6eyJidWNrZXQiOiJvbiIsInZlcnNpb24iOm51bGx9LCJ0ZndfdmlkZW9faGxzX2R5bmFtaWNfbWFuaWZlc3RzXzE1MDgyIjp7ImJ1Y2tldCI6InRydWVfYml0cmF0ZSIsInZlcnNpb24iOm51bGx9LCJ0ZndfbGVnYWN5X3RpbWVsaW5lX3N1bnNldCI6eyJidWNrZXQiOnRydWUsInZlcnNpb24iOm51bGx9LCJ0ZndfdHdlZXRfZWRpdF9mcm9udGVuZCI6eyJidWNrZXQiOiJvbiIsInZlcnNpb24iOm51bGx9fQ%3D%3D&amp;frame=false&amp;hideCard=false&amp;hideThread=false&amp;id=1969385210421649448&amp;lang=cs&amp;origin=https%3A%2F%2Freport24.news%2Fkriegshetze-litauens-verteidigungsministerin-fordert-den-abschuss-russischer-jets%2F&amp;sessionId=13d6a8476cd0f88b5c0cfeded7c90fabf52fc30d&amp;theme=light&amp;widgetsVersion=2615f7e52b7e0%3A1702314776716&amp;width=550px\" frameborder=\"0\" scrolling=\"no\" allowfullscreen=\"allowfullscreen\" data-tweet-id=\"1969385210421649448\" data-mce-fragment=\"1\"><\/iframe><\/div>\n<\/div>\n<\/figure>\n<p><span dir=\"auto\">Pobaltsk\u00e9 st\u00e1ty a Polsko nyn\u00ed op\u011bt vyz\u00fdvaj\u00ed ke konzultac\u00edm NATO podle \u010dl\u00e1nku 4. Tento mechanismus m\u011bl p\u016fvodn\u011b v\u00e9st k diskusi o probl\u00e9mech a konfliktech v r\u00e1mci Aliance, nikoli k povy\u0161ov\u00e1n\u00ed ka\u017ed\u00e9 mali\u010dkosti na existen\u010dn\u00ed hrozbu. Od za\u010d\u00e1tku v\u00e1lky na Ukrajin\u011b se v\u0161ak tento postup stal rutinou: Ka\u017ed\u00fd incident, ka\u017ed\u00fd sign\u00e1l dronu na radaru, ka\u017ed\u00e1 ne\u017e\u00e1douc\u00ed letov\u00e1 dr\u00e1ha je okam\u017eit\u011b prohl\u00e1\u0161ena za casus belli. C\u00edl je jasn\u00fd \u2013 posunout jednotky NATO bl\u00ed\u017ee k v\u00fdchodn\u00ed front\u011b, Evropu je\u0161t\u011b v\u00edce vojensky orientovat na V\u00fdchod a definitivn\u011b v z\u00e1rodku potla\u010dit jak\u00e9koli v\u00fdzvy k diplomacii.<\/span><\/p>\n<p><span dir=\"auto\">Nebezpe\u010dn\u00e9 je, \u017ee takov\u00e9 projevy nez\u016fst\u00e1vaj\u00ed bez pov\u0161imnut\u00ed. \u010c\u00edm \u010dast\u011bji politici opakuj\u00ed v\u00fdzvu k sest\u0159elen\u00ed letadel, t\u00edm v\u011bt\u0161\u00ed je nebezpe\u010d\u00ed, \u017ee p\u0159ehnan\u011b nad\u0161en\u00fd velitel nebo pilot nakonec rozkaz provede. Jeden rusk\u00fd letoun sest\u0159elen\u00fd nad Estonskem nebo Polskem \u2013 a Evropa by se b\u011bhem n\u011bkolika hodin ocitla na pokraji tot\u00e1ln\u00ed v\u00e1lky s jadernou mocnost\u00ed. Lze jen doufat, \u017ee ve Washingtonu a Berl\u00edn\u011b st\u00e1le existuje n\u011bkolik rozumn\u00fdch hlas\u016f, kter\u00e9 si uv\u011bdomuj\u00ed, \u017ee politika eskalace v Pobalt\u00ed p\u0159edstavuje hrozbu pro cel\u00fd kontinent. Vzhledem k servilnosti v\u016f\u010di zast\u00e1nc\u016fm tvrd\u00e9 linie je to v\u0161ak pochybn\u00e9.<\/span><\/p>\n<p><span dir=\"auto\">Nakonec z\u016fst\u00e1v\u00e1 ot\u00e1zkou: Kdo z t\u00e9to hry s ohn\u011bm profituje? Rozhodn\u011b ne evrop\u0161t\u00ed ob\u010dan\u00e9, kte\u0159\u00ed se pot\u00fdkaj\u00ed s rostouc\u00edmi cenami energi\u00ed, ekonomick\u00fdm poklesem a rostouc\u00ed nejistotou. Jsou to geopoliti\u010dt\u00ed mocn\u00ed, kte\u0159\u00ed se sna\u017e\u00ed prosadit sv\u00e9 z\u00e1jmy ve st\u00ednu eskalace konfliktu. Litevsk\u00e1 ministryn\u011b obrany se sice mohla dostat na tituln\u00ed str\u00e1nky novin svou v\u00fdzvou k \u00fader\u016fm. Ale to, co skute\u010dn\u011b pronesla, je dal\u0161\u00edm d\u016fkazem toho, jak daleko jsou prvky NATO ochotny zaj\u00edt, aby hovo\u0159ily o velk\u00e9 v\u00e1lce.<\/span><\/p>\n<p><img decoding=\"async\" loading=\"lazy\" class=\"alignnone size-full wp-image-1185\" src=\"http:\/\/www.infokuryr.cz\/n\/wp-content\/uploads\/2021\/04\/kuryr-podpis.png\" alt=\"\" width=\"84\" height=\"24\" \/><\/p>\n<p><img decoding=\"async\" loading=\"lazy\" class=\"wp-image-86927 aligncenter\" src=\"http:\/\/www.infokuryr.cz\/n\/wp-content\/uploads\/2025\/09\/letak-volby-2025-konference-3-212x300.png\" alt=\"\" width=\"882\" height=\"1248\" srcset=\"https:\/\/www.infokuryr.cz\/n\/wp-content\/uploads\/2025\/09\/letak-volby-2025-konference-3-212x300.png 212w, https:\/\/www.infokuryr.cz\/n\/wp-content\/uploads\/2025\/09\/letak-volby-2025-konference-3-724x1024.png 724w, https:\/\/www.infokuryr.cz\/n\/wp-content\/uploads\/2025\/09\/letak-volby-2025-konference-3-768x1086.png 768w, https:\/\/www.infokuryr.cz\/n\/wp-content\/uploads\/2025\/09\/letak-volby-2025-konference-3-1086x1536.png 1086w, https:\/\/www.infokuryr.cz\/n\/wp-content\/uploads\/2025\/09\/letak-volby-2025-konference-3-1448x2048.png 1448w, https:\/\/www.infokuryr.cz\/n\/wp-content\/uploads\/2025\/09\/letak-volby-2025-konference-3-1024x1448.png 1024w\" sizes=\"(max-width: 882px) 100vw, 882px\" \/><\/p>\n","protected":false},"excerpt":{"rendered":"<p>Litevsk\u00e1 ministryn\u011b obrany Dovil\u0117 \u0160akalien\u0117 otev\u0159en\u011b vyz\u00fdv\u00e1 k tomu, aby byly v budoucnu rusk\u00e9 st\u00edha\u010dky&#8230;<\/p>\n","protected":false},"author":2,"featured_media":88291,"comment_status":"closed","ping_status":"closed","sticky":false,"template":"","format":"standard","meta":[],"categories":[7],"tags":[457,39,9791,22],"_links":{"self":[{"href":"https:\/\/www.infokuryr.cz\/n\/wp-json\/wp\/v2\/posts\/88290"}],"collection":[{"href":"https:\/\/www.infokuryr.cz\/n\/wp-json\/wp\/v2\/posts"}],"about":[{"href":"https:\/\/www.infokuryr.cz\/n\/wp-json\/wp\/v2\/types\/post"}],"author":[{"embeddable":true,"href":"https:\/\/www.infokuryr.cz\/n\/wp-json\/wp\/v2\/users\/2"}],"replies":[{"embeddable":true,"href":"https:\/\/www.infokuryr.cz\/n\/wp-json\/wp\/v2\/comments?post=88290"}],"version-history":[{"count":0,"href":"https:\/\/www.infokuryr.cz\/n\/wp-json\/wp\/v2\/posts\/88290\/revisions"}],"wp:featuredmedia":[{"embeddable":true,"href":"https:\/\/www.infokuryr.cz\/n\/wp-json\/wp\/v2\/media\/88291"}],"wp:attachment":[{"href":"https:\/\/www.infokuryr.cz\/n\/wp-json\/wp\/v2\/media?parent=88290"}],"wp:term":[{"taxonomy":"category","embeddable":true,"href":"https:\/\/www.infokuryr.cz\/n\/wp-json\/wp\/v2\/categories?post=88290"},{"taxonomy":"post_tag","embeddable":true,"href":"https:\/\/www.infokuryr.cz\/n\/wp-json\/wp\/v2\/tags?post=88290"}],"curies":[{"name":"wp","href":"https:\/\/api.w.org\/{rel}","templated":true}]}}