{"id":88289,"date":"2025-09-22T00:21:44","date_gmt":"2025-09-21T22:21:44","guid":{"rendered":"https:\/\/www.infokuryr.cz\/n\/?p=88289"},"modified":"2025-09-21T14:19:53","modified_gmt":"2025-09-21T12:19:53","slug":"nove-poznatky-o-vypadku-proudu-ve-spanelsku-solarni-experimenty-destabilizovaly-sit","status":"publish","type":"post","link":"https:\/\/www.infokuryr.cz\/n\/2025\/09\/22\/nove-poznatky-o-vypadku-proudu-ve-spanelsku-solarni-experimenty-destabilizovaly-sit\/","title":{"rendered":"Nov\u00e9 poznatky o v\u00fdpadku proudu ve \u0160pan\u011blsku: Sol\u00e1rn\u00ed experimenty destabilizovaly s\u00ed\u0165"},"content":{"rendered":"<div id=\"fb-root\"><\/div>\n<p><strong><span dir=\"auto\">Podle v\u00fdsledk\u016f ofici\u00e1ln\u00edho vy\u0161et\u0159ov\u00e1n\u00ed zp\u016fsobilo rozs\u00e1hl\u00fd v\u00fdpadek proudu ve \u0160pan\u011blsku a Portugalsku pou\u017eit\u00ed experiment\u00e1ln\u00edho \u0159\u00eddic\u00edho syst\u00e9mu na sol\u00e1rn\u00ed farm\u011b. P\u0159edchoz\u00ed tvrzen\u00ed o \u201evz\u00e1cn\u00fdch meteorologick\u00fdch jevech\u201c nebo jak\u00e9msi druhu \u201elesn\u00edch po\u017e\u00e1r\u016f\u201c tak byla odhalena jako odv\u00e1d\u011bj\u00edc\u00ed taktika.<\/span><\/strong><\/p>\n<p><span dir=\"auto\">V\u00fdpadek proudu na Pyrenejsk\u00e9m poloostrov\u011b v dubnu 2025 nab\u00fdv\u00e1 nov\u00e9ho v\u00fdznamu. Ofici\u00e1ln\u00ed vy\u0161et\u0159ov\u00e1n\u00ed\u00a0<\/span><a href=\"https:\/\/www.pv-magazine.com\/2025\/06\/18\/spanish-grid-operator-claims-power-outage-originated-from-solar-plant\/\"><span dir=\"auto\">nazna\u010duje<\/span><\/a><span dir=\"auto\">\u00a0, \u017ee\u00a0<\/span><strong><span dir=\"auto\">neobvykl\u00e9 z\u00e1sahy v sol\u00e1rn\u00ed elektr\u00e1rn\u011b pobl\u00ed\u017e Badajozu<\/span><\/strong><span dir=\"auto\"> vyv\u00edjely masivn\u00ed tlak na s\u00ed\u0165 asi p\u016fl hodiny p\u0159ed rozs\u00e1hl\u00fdm v\u00fdpadkem. Byly zdokumentov\u00e1ny frekven\u010dn\u00ed v\u00fdkyvy 0,6 hertzu \u2013 hodnoty dostate\u010dn\u00e9 k v\u00e1\u017en\u00e9mu ohro\u017een\u00ed stability propojen\u00e9 evropsk\u00e9 s\u00edt\u011b.<\/span><\/p>\n<p><span dir=\"auto\">P\u0159\u00ed\u010dina z\u0159ejm\u011b spo\u010d\u00edv\u00e1 v experiment\u00e1ln\u00edch \u0159\u00eddic\u00edch syst\u00e9mech, kter\u00e9 byly testov\u00e1ny b\u011bhem prob\u00edhaj\u00edc\u00edho provozu. K podobn\u00fdm naru\u0161en\u00edm do\u0161lo ve stejn\u00e9m regionu o rok d\u0159\u00edve.\u00a0<\/span><strong><span dir=\"auto\">Provozovatel s\u00edt\u011b Red El\u00e9ctrica nyn\u00ed hovo\u0159il o \u201e\u0161patn\u00e9m \u0159\u00edzen\u00ed syst\u00e9mu\u201c<\/span><\/strong><span dir=\"auto\">\u00a0\u2013 co\u017e je velmi laskav\u00fd zp\u016fsob, jak popsat, jak riskantn\u00ed tyto z\u00e1sahy ve skute\u010dnosti byly. Byl to nedbal\u00fd experiment, kter\u00fd evidentn\u011b selhal.<\/span><\/p>\n<p><span dir=\"auto\">K tomu se p\u0159id\u00e1v\u00e1 selh\u00e1n\u00ed konven\u010dn\u00edch elektr\u00e1ren, kter\u00e9 m\u011bly fungovat jako z\u00e1chrann\u00e1 s\u00ed\u0165. N\u011bkolik blok\u016f plynov\u00fdch, uheln\u00fdch a jadern\u00fdch elektr\u00e1ren se automaticky vypnulo, p\u0159esto\u017ee byly ofici\u00e1ln\u011b spln\u011bny limity. To zni\u010dilo p\u00e1te\u0159 stabilizace. V\u00fdpadek proudu se pot\u00e9 rychle roz\u0161\u00ed\u0159il.\u00a0<\/span><strong><span dir=\"auto\">\u0158et\u011bzov\u00e1 reakce, o kter\u00e9 odborn\u00edci ji\u017e l\u00e9ta diskutuj\u00ed jako o riziku, kdy\u017e dominuj\u00ed zdroje energie z\u00e1visl\u00e9 na po\u010das\u00ed,<\/span><\/strong><span dir=\"auto\">\u00a0ani\u017e by byly trvale k dispozici spolehliv\u00e9 konven\u010dn\u00ed rezervy.<\/span><\/p>\n<p><span dir=\"auto\">Z politick\u00e9ho hlediska n\u00e1sledovala po v\u00fdpadku proudu obvykl\u00e1 hra na zleh\u010dov\u00e1n\u00ed v\u00fdznamu. N\u011bkter\u00e9 vl\u00e1dn\u00ed agentury pop\u0159ely jakoukoli souvislost s experimenty se sol\u00e1rn\u00ed energi\u00ed a poukazovaly na \u00fadajn\u00e9 meteorologick\u00e9 jevy.\u00a0<\/span><strong><span dir=\"auto\">Technick\u00e1 anal\u00fdza je v\u0161ak jasn\u00e1: Experiment\u00e1ln\u00ed z\u00e1sahy do syst\u00e9mu regulace sol\u00e1rn\u00ed energie zp\u016fsobily v\u00fdpadek.<\/span><\/strong><span dir=\"auto\">\u00a0V\u0161echno ostatn\u00ed pouze odv\u00e1d\u00ed pozornost od skute\u010dn\u00fdch slabin energetick\u00e9 transformace a gener\u00e1tor\u016f energie z\u00e1visl\u00fdch na po\u010das\u00ed.<\/span><\/p>\n<p><img decoding=\"async\" loading=\"lazy\" class=\"alignnone size-full wp-image-1185\" src=\"http:\/\/www.infokuryr.cz\/n\/wp-content\/uploads\/2021\/04\/kuryr-podpis.png\" alt=\"\" width=\"84\" height=\"24\" \/><\/p>\n<p><img decoding=\"async\" loading=\"lazy\" class=\"wp-image-86927 aligncenter\" src=\"http:\/\/www.infokuryr.cz\/n\/wp-content\/uploads\/2025\/09\/letak-volby-2025-konference-3-212x300.png\" alt=\"\" width=\"839\" height=\"1187\" srcset=\"https:\/\/www.infokuryr.cz\/n\/wp-content\/uploads\/2025\/09\/letak-volby-2025-konference-3-212x300.png 212w, https:\/\/www.infokuryr.cz\/n\/wp-content\/uploads\/2025\/09\/letak-volby-2025-konference-3-724x1024.png 724w, https:\/\/www.infokuryr.cz\/n\/wp-content\/uploads\/2025\/09\/letak-volby-2025-konference-3-768x1086.png 768w, https:\/\/www.infokuryr.cz\/n\/wp-content\/uploads\/2025\/09\/letak-volby-2025-konference-3-1086x1536.png 1086w, https:\/\/www.infokuryr.cz\/n\/wp-content\/uploads\/2025\/09\/letak-volby-2025-konference-3-1448x2048.png 1448w, https:\/\/www.infokuryr.cz\/n\/wp-content\/uploads\/2025\/09\/letak-volby-2025-konference-3-1024x1448.png 1024w\" sizes=\"(max-width: 839px) 100vw, 839px\" \/><\/p>\n","protected":false},"excerpt":{"rendered":"<p>Podle v\u00fdsledk\u016f ofici\u00e1ln\u00edho vy\u0161et\u0159ov\u00e1n\u00ed zp\u016fsobilo rozs\u00e1hl\u00fd v\u00fdpadek proudu ve \u0160pan\u011blsku a Portugalsku pou\u017eit\u00ed experiment\u00e1ln\u00edho \u0159\u00eddic\u00edho&#8230;<\/p>\n","protected":false},"author":2,"featured_media":77810,"comment_status":"closed","ping_status":"closed","sticky":false,"template":"","format":"standard","meta":[],"categories":[7],"tags":[285,440,6954],"_links":{"self":[{"href":"https:\/\/www.infokuryr.cz\/n\/wp-json\/wp\/v2\/posts\/88289"}],"collection":[{"href":"https:\/\/www.infokuryr.cz\/n\/wp-json\/wp\/v2\/posts"}],"about":[{"href":"https:\/\/www.infokuryr.cz\/n\/wp-json\/wp\/v2\/types\/post"}],"author":[{"embeddable":true,"href":"https:\/\/www.infokuryr.cz\/n\/wp-json\/wp\/v2\/users\/2"}],"replies":[{"embeddable":true,"href":"https:\/\/www.infokuryr.cz\/n\/wp-json\/wp\/v2\/comments?post=88289"}],"version-history":[{"count":0,"href":"https:\/\/www.infokuryr.cz\/n\/wp-json\/wp\/v2\/posts\/88289\/revisions"}],"wp:featuredmedia":[{"embeddable":true,"href":"https:\/\/www.infokuryr.cz\/n\/wp-json\/wp\/v2\/media\/77810"}],"wp:attachment":[{"href":"https:\/\/www.infokuryr.cz\/n\/wp-json\/wp\/v2\/media?parent=88289"}],"wp:term":[{"taxonomy":"category","embeddable":true,"href":"https:\/\/www.infokuryr.cz\/n\/wp-json\/wp\/v2\/categories?post=88289"},{"taxonomy":"post_tag","embeddable":true,"href":"https:\/\/www.infokuryr.cz\/n\/wp-json\/wp\/v2\/tags?post=88289"}],"curies":[{"name":"wp","href":"https:\/\/api.w.org\/{rel}","templated":true}]}}