{"id":88285,"date":"2025-09-22T00:19:16","date_gmt":"2025-09-21T22:19:16","guid":{"rendered":"https:\/\/www.infokuryr.cz\/n\/?p=88285"},"modified":"2025-09-21T14:14:00","modified_gmt":"2025-09-21T12:14:00","slug":"v-usa-neplati-pravo-saria-chcete-li-zit-podle-prava-saria-vratte-se-tam-odkud-jste-prisli","status":"publish","type":"post","link":"https:\/\/www.infokuryr.cz\/n\/2025\/09\/22\/v-usa-neplati-pravo-saria-chcete-li-zit-podle-prava-saria-vratte-se-tam-odkud-jste-prisli\/","title":{"rendered":"V USA neplat\u00ed pr\u00e1vo \u0161ar\u00eda \u2013 \u201eChcete-li \u017e\u00edt podle pr\u00e1va \u0161ar\u00eda, vra\u0165te se tam, odkud jste p\u0159i\u0161li\u201c"},"content":{"rendered":"<div id=\"fb-root\"><\/div>\n<p><strong><span dir=\"auto\">Konzervativn\u00ed z\u00e1konod\u00e1rci cht\u011bj\u00ed ve Spojen\u00fdch st\u00e1tech prosadit \u00fapln\u00fd z\u00e1kaz isl\u00e1msk\u00e9ho pr\u00e1va \u0161ar\u00eda. Argumentuj\u00ed, \u017ee v zemi svobodn\u00fdch nen\u00ed m\u00edsto pro tyto st\u0159edov\u011bk\u00e9 pr\u00e1vn\u00ed koncepty, kter\u00e9 povoluj\u00ed n\u00e1sil\u00ed p\u00e1chan\u00e9 na \u017een\u00e1ch.<\/span><\/strong><\/p>\n<p><span dir=\"auto\">Zat\u00edmco Evropa je ji\u017e dlouho na dobr\u00e9 cest\u011b k opu\u0161t\u011bn\u00ed sv\u00fdch vlastn\u00edch kulturn\u00edch ko\u0159en\u016f, n\u011bkte\u0159\u00ed politici ve Spojen\u00fdch st\u00e1tech vol\u00ed zcela jin\u00fd t\u00f3n. Republik\u00e1nsk\u00fd z\u00e1stupce Randy Fine z Floridy a jeho kolega Keith Self z Texasu\u00a0<\/span><strong><span dir=\"auto\">p\u0159edlo\u017eili n\u00e1vrh z\u00e1kona, kter\u00fd by trvale zak\u00e1zal muslim\u016fm ve Spojen\u00fdch st\u00e1tech pr\u00e1vo \u0161ar\u00eda.<\/span><\/strong><span dir=\"auto\"> N\u00e1zev je stejn\u011b jasn\u00fd jako samotn\u00e9 poselstv\u00ed: \u201e\u017d\u00e1dn\u00fd z\u00e1kon o \u0161ar\u00edi.\u201c<\/span><\/p>\n<p><span dir=\"auto\">Fine to shrnul v rozhovoru pro\u00a0<\/span><a href=\"https:\/\/www.dailywire.com\/news\/florida-congressman-introduces-bill-to-ban-sharia-law-we-are-not-going-to-become-a-muslim-nation\"><span dir=\"auto\">Daily Wire<\/span><\/a><span dir=\"auto\">\u00a0: \u201eNestaneme se muslimskou zem\u00ed. Takov\u00fdch u\u017e je dost.\u00a0<\/span><strong><span dir=\"auto\">Pokud chcete \u017e\u00edt pod \u0161ar\u00edou, vra\u0165te se tam, odkud jste p\u0159i\u0161li \u2013 ale nem\u00e1me z\u00e1jem, abyste sem p\u0159i\u0161li a dobyli na\u0161i zemi.<\/span><\/strong><span dir=\"auto\">\u00a0\u201c Jen st\u011b\u017e\u00ed by se to dalo vyj\u00e1d\u0159it jasn\u011bji. Zat\u00edmco evrop\u0161t\u00ed politici ka\u017ed\u00fd den kapituluj\u00ed p\u0159ed citlivost\u00ed isl\u00e1msk\u00fdch paraleln\u00edch spole\u010dnost\u00ed, Fine \u0159\u00edk\u00e1 to, co si mysl\u00ed miliony lid\u00ed: \u0160ar\u00eda a na\u0161e z\u00e1padn\u00ed civilizace jsou neslu\u010diteln\u00e9.<\/span><\/p>\n<p><span dir=\"auto\">Jeho texask\u00fd krajan Self s t\u00edm souhlasil: \u201e\u00a0<\/span><strong><span dir=\"auto\">Nem\u016f\u017eeme m\u00edt dva r\u016fzn\u00e9 pr\u00e1vn\u00ed syst\u00e9my. Ve Spojen\u00fdch st\u00e1tech existuje pouze jeden. Jmenuje se \u00dastava Spojen\u00fdch st\u00e1t\u016f \u2013 a samoz\u0159ejm\u011b i st\u00e1tn\u00ed z\u00e1kony.<\/span><\/strong><span dir=\"auto\"> Nem\u016f\u017eeme v\u0161ak m\u00edt dv\u011b r\u016fzn\u00e9 civilizace s r\u016fzn\u00fdmi z\u00e1kony.\u201c Jin\u00fdmi slovy, umo\u017en\u011bn\u00ed koexistence dvou pr\u00e1vn\u00edch syst\u00e9m\u016f vytv\u00e1\u0159\u00ed dva n\u00e1rody v jedn\u00e9 zemi \u2013 a t\u00edm ni\u010d\u00ed z\u00e1klady jak\u00e9koli funguj\u00edc\u00ed spole\u010dnosti.<\/span><\/p>\n<p><span dir=\"auto\">Spor m\u00e1 skute\u010dn\u00e9 pozad\u00ed: V Texasu vyvolal pl\u00e1novan\u00fd developersk\u00fd projekt \u201eEPIC City\u201c pobl\u00ed\u017e Dallasu rozruch. Kritici se ob\u00e1vali, \u017ee by toto modelov\u00e9 muslimsk\u00e9 m\u011bsto mohlo fungovat s vlastn\u00edmi strukturami \u0161ar\u00edi. Fine a Self se sna\u017e\u00ed svou legislativn\u00ed iniciativou zabr\u00e1nit pr\u00e1v\u011b takov\u00e9mu v\u00fdvoji.\u00a0<\/span><strong><span dir=\"auto\">Z\u00e1kon jasn\u011b \u0159\u00edk\u00e1: \u00dastava Spojen\u00fdch st\u00e1t\u016f je nejvy\u0161\u0161\u00edm z\u00e1konem zem\u011b a nesm\u00ed b\u00fdt podkop\u00e1v\u00e1na \u017e\u00e1dn\u00fdm ciz\u00edm pr\u00e1vn\u00edm syst\u00e9mem \u2013 zejm\u00e9na ne \u0161ar\u00edou.<\/span><\/strong><span dir=\"auto\">\u00a0\u017d\u00e1dn\u00e9mu soudu by v budoucnu nem\u011blo b\u00fdt dovoleno schvalovat rozsudky ani arbitr\u00e1\u017en\u00ed n\u00e1lezy zalo\u017een\u00e9 na isl\u00e1msk\u00e9m pr\u00e1vu.<\/span><\/p>\n<p><span dir=\"auto\">Fine tak\u00e9 pouk\u00e1zal na ned\u00e1vn\u00e9 incidenty v Dearbornu v Michiganu, kde muslimsk\u00fd starosta Abdullah Hammoud v podstat\u011b poslal k\u0159es\u0165ansk\u00e9mu ob\u010danovi vzkaz, \u017ee ve sv\u00e9m m\u011bst\u011b nen\u00ed v\u00edt\u00e1n, proto\u017ee se postavil proti ocen\u011bn\u00ed arabsko-americk\u00e9ho redaktora. Pro Finea je to jasn\u00e9: \u201e\u00a0<\/span><strong><span dir=\"auto\">Nechceme v t\u00e9to zemi opakovat tuto barbarskou filozofii z temn\u00e9ho st\u0159edov\u011bku a mus\u00edme to jednozna\u010dn\u011b objasnit: Toto nen\u00ed ve Spojen\u00fdch st\u00e1tech v\u00edt\u00e1no.<\/span><\/strong><span dir=\"auto\"> \u201c Ti, kdo k\u0159es\u0165an\u016fm v americk\u00fdch m\u011bstech odep\u00edraj\u00ed v\u00edt\u00e1n\u00ed, by se nem\u011bli divit, pokud odpov\u011b\u010f zn\u00ed: Vy sami zde nejste v\u00edt\u00e1ni.<\/span><\/p>\n<p><span dir=\"auto\">Self zase p\u0159ipomn\u011bl, co podle n\u011bj v praxi znamen\u00e1 pr\u00e1vo \u0161ar\u00eda: d\u011btsk\u00e9 s\u0148atky, bit\u00ed man\u017eelek, vra\u017edy ze cti a mrza\u010den\u00ed \u017eensk\u00fdch pohlavn\u00edch org\u00e1n\u016f.\u00a0<\/span><strong><span dir=\"auto\">V\u0161echny ty v\u011bci, kter\u00e9 z\u00e1padn\u00ed sv\u011bt r\u00e1d p\u0159ehl\u00ed\u017e\u00ed jako \u201ekulturn\u00ed rozmanitost\u201c, ale kter\u00e9 jsou prost\u011b neslu\u010diteln\u00e9 s na\u0161\u00ed civilizac\u00ed a funguj\u00edc\u00edm pr\u00e1vn\u00edm st\u00e1tem.<\/span><\/strong><\/p>\n<p><span dir=\"auto\">Nenechme se nachytat: Tato legislativn\u00ed iniciativa vyvol\u00e1 obvyklou vlnu pobou\u0159en\u00ed ze strany levicov\u00fdch m\u00e9di\u00ed a isl\u00e1msk\u00fdch organizac\u00ed. J\u00e1dro debaty je v\u0161ak jednoduch\u00e9: Bu\u010f se americk\u00e1 \u00fastava bude vztahovat na v\u0161echny, nebo se Spojen\u00e9 st\u00e1ty nakonec rozpadnou na soupe\u0159\u00edc\u00ed paraleln\u00ed sv\u011bty, jak se to ji\u017e d\u011bje v mnoha \u010d\u00e1stech Evropy.<\/span><\/p>\n<p><img decoding=\"async\" loading=\"lazy\" class=\"alignnone size-full wp-image-1185\" src=\"http:\/\/www.infokuryr.cz\/n\/wp-content\/uploads\/2021\/04\/kuryr-podpis.png\" alt=\"\" width=\"84\" height=\"24\" \/><\/p>\n<p><img decoding=\"async\" loading=\"lazy\" class=\"wp-image-86927 aligncenter\" src=\"http:\/\/www.infokuryr.cz\/n\/wp-content\/uploads\/2025\/09\/letak-volby-2025-konference-3-212x300.png\" alt=\"\" width=\"897\" height=\"1269\" srcset=\"https:\/\/www.infokuryr.cz\/n\/wp-content\/uploads\/2025\/09\/letak-volby-2025-konference-3-212x300.png 212w, https:\/\/www.infokuryr.cz\/n\/wp-content\/uploads\/2025\/09\/letak-volby-2025-konference-3-724x1024.png 724w, https:\/\/www.infokuryr.cz\/n\/wp-content\/uploads\/2025\/09\/letak-volby-2025-konference-3-768x1086.png 768w, https:\/\/www.infokuryr.cz\/n\/wp-content\/uploads\/2025\/09\/letak-volby-2025-konference-3-1086x1536.png 1086w, https:\/\/www.infokuryr.cz\/n\/wp-content\/uploads\/2025\/09\/letak-volby-2025-konference-3-1448x2048.png 1448w, https:\/\/www.infokuryr.cz\/n\/wp-content\/uploads\/2025\/09\/letak-volby-2025-konference-3-1024x1448.png 1024w\" sizes=\"(max-width: 897px) 100vw, 897px\" \/><\/p>\n","protected":false},"excerpt":{"rendered":"<p>Konzervativn\u00ed z\u00e1konod\u00e1rci cht\u011bj\u00ed ve Spojen\u00fdch st\u00e1tech prosadit \u00fapln\u00fd z\u00e1kaz isl\u00e1msk\u00e9ho pr\u00e1va \u0161ar\u00eda. Argumentuj\u00ed, \u017ee v&#8230;<\/p>\n","protected":false},"author":2,"featured_media":88286,"comment_status":"closed","ping_status":"closed","sticky":false,"template":"","format":"standard","meta":[],"categories":[7],"tags":[91,5166,37],"_links":{"self":[{"href":"https:\/\/www.infokuryr.cz\/n\/wp-json\/wp\/v2\/posts\/88285"}],"collection":[{"href":"https:\/\/www.infokuryr.cz\/n\/wp-json\/wp\/v2\/posts"}],"about":[{"href":"https:\/\/www.infokuryr.cz\/n\/wp-json\/wp\/v2\/types\/post"}],"author":[{"embeddable":true,"href":"https:\/\/www.infokuryr.cz\/n\/wp-json\/wp\/v2\/users\/2"}],"replies":[{"embeddable":true,"href":"https:\/\/www.infokuryr.cz\/n\/wp-json\/wp\/v2\/comments?post=88285"}],"version-history":[{"count":0,"href":"https:\/\/www.infokuryr.cz\/n\/wp-json\/wp\/v2\/posts\/88285\/revisions"}],"wp:featuredmedia":[{"embeddable":true,"href":"https:\/\/www.infokuryr.cz\/n\/wp-json\/wp\/v2\/media\/88286"}],"wp:attachment":[{"href":"https:\/\/www.infokuryr.cz\/n\/wp-json\/wp\/v2\/media?parent=88285"}],"wp:term":[{"taxonomy":"category","embeddable":true,"href":"https:\/\/www.infokuryr.cz\/n\/wp-json\/wp\/v2\/categories?post=88285"},{"taxonomy":"post_tag","embeddable":true,"href":"https:\/\/www.infokuryr.cz\/n\/wp-json\/wp\/v2\/tags?post=88285"}],"curies":[{"name":"wp","href":"https:\/\/api.w.org\/{rel}","templated":true}]}}