{"id":88281,"date":"2025-09-22T00:17:20","date_gmt":"2025-09-21T22:17:20","guid":{"rendered":"https:\/\/www.infokuryr.cz\/n\/?p=88281"},"modified":"2025-09-21T14:09:23","modified_gmt":"2025-09-21T12:09:23","slug":"rezignace-kvuli-obvinenim-z-pedofilie-ale-mainstreamovy-tisk-oslavuje-novozelandskeho-poslance","status":"publish","type":"post","link":"https:\/\/www.infokuryr.cz\/n\/2025\/09\/22\/rezignace-kvuli-obvinenim-z-pedofilie-ale-mainstreamovy-tisk-oslavuje-novozelandskeho-poslance\/","title":{"rendered":"Rezignace kv\u016fli obvin\u011bn\u00edm z pedofilie \u2013 ale mainstreamov\u00fd tisk oslavuje novoz\u00e9landsk\u00e9ho poslance"},"content":{"rendered":"<div id=\"fb-root\"><\/div>\n<p><strong><span dir=\"auto\">Samoz\u0159ejm\u011b by se op\u011bt jednalo jen o \u201epravicovou nen\u00e1vist\u201c, kter\u00e1 by m\u00ed\u0159ila na \u201enebin\u00e1rn\u00edho\u201c poslance. Skute\u010dnost, \u017ee pochoduje s palestinskou vlajkou na klobouku, je jen detail; z\u00e1va\u017en\u011bj\u0161\u00ed je probl\u00e9m jeho zvl\u00e1\u0161tn\u00ed \u201el\u00e1sky k d\u011btem\u201c. \u010clen Strany zelen\u00fdch se \u010dasto fot\u00ed, jak l\u00edb\u00e1 d\u011bti na \u00fasta. Na soci\u00e1ln\u00edch s\u00edt\u00edch se objevuje jako \u201eBussy\u201c, co\u017e je slangov\u00fd v\u00fdraz pro chlapeck\u00fd an\u00e1l. Pou\u017e\u00edv\u00e1 tak\u00e9 spir\u00e1lov\u00e9 logo, zn\u00e1m\u00fd symbol pedofil\u016f.<\/span><\/strong><\/p>\n<p><span dir=\"auto\">Levicov\u00e1 m\u00e9dia vyjad\u0159uj\u00ed l\u00edtost. Chud\u00e1k \u201enebin\u00e1rn\u00ed\u201c poslanec Strany zelen\u00fdch Benjamin Doyle by byl donucen rezignovat pravicovou nen\u00e1vistnou kampan\u00ed. Jeho rezignace odhaluje, do jak\u00e9 m\u00edry \u201epolitika identity\u201c ovl\u00e1dla politick\u00fd prostor v levicov\u00e9m, probuzen\u00e9m duchu doby na Nov\u00e9m Z\u00e9landu. Ve sv\u00e9m rozlu\u010dkov\u00e9m projevu Doyle kritizoval \u201enep\u0159\u00e1telsk\u00fd a toxick\u00fd parlament\u201c, kter\u00fd byl \u00fadajn\u011b stvo\u0159en pouze \u201epro b\u00edl\u00e9 mu\u017ee v modr\u00fdch oblec\u00edch\u201c. Slova, kter\u00e1 u konzervativn\u00edch pozorovatel\u016f sotva vyvol\u00e1vaj\u00ed sympatie \u2013 Doyle se toti\u017e stal zn\u00e1m\u00fdm nikoli sv\u00fdmi politick\u00fdmi \u00fasp\u011bchy, ale svou obsc\u00e9nn\u00ed sebepropagac\u00ed.<\/span><\/p>\n<h2 id=\"h-selbstbezeichnung-bussy\" class=\"wp-block-heading\"><span dir=\"auto\">Samoozna\u010den\u00ed \u201eZanepr\u00e1zdn\u011bn\u00fd\u201c<\/span><\/h2>\n<p><span dir=\"auto\">Volba jeho instagramov\u00e9 p\u0159ezd\u00edvky \u201ebiblebeltbussy\u201c vypov\u00edd\u00e1 za v\u0161e. Zat\u00edmco \u201eBible Belt\u201c ozna\u010duje tradi\u010dn\u011b k\u0159es\u0165anskou \u010d\u00e1st USA, \u201ebussy\u201c v LGBT komunit\u011b je jasn\u011b sexu\u00e1ln\u00ed term\u00edn pro mu\u017esk\u00e9 t\u011blo: ozna\u010duje chlapeck\u00fd anus (chlapeck\u00fd kundi\u010dku). Ka\u017ed\u00fd, kdo se tak ve\u0159ejn\u011b ozna\u010duje a z\u00e1rove\u0148 si n\u00e1rokuje d\u016fv\u011bru lidu jako \u010dlen parlamentu, ukazuje, do jak\u00e9 m\u00edry jsou osobn\u00ed sexualita a politick\u00e1 funkce rozmazan\u00e9. Inscenovan\u00e1 jinakost se stala \u00fast\u0159edn\u00edm bodem jeho kr\u00e1tk\u00e9 kari\u00e9ry. Stejn\u011b jako mnoho modern\u00edch levi\u010d\u00e1k\u016f nutil v\u0161echny, aby bez odporu p\u0159ijali jeho fiktivn\u00ed identitu a jeho jazykov\u00e9 k\u00f3dy.<\/span><\/p>\n<h2 id=\"h-nahe-zu-kindern-sorgte-fur-kritik\" class=\"wp-block-heading\"><span dir=\"auto\">\u201eBl\u00edzkost k d\u011btem\u201c vyvolala kritiku<\/span><\/h2>\n<p><span dir=\"auto\">Obzvl\u00e1\u0161t\u011b problematick\u00e9: Doyle se na n\u011bkolika fotografi\u00edch objevil, jak l\u00edb\u00e1 d\u011bti na \u00fasta. I kdy\u017e se takov\u00e1 gesta mohou v soukrom\u00ed vn\u00edmat odli\u0161n\u011b, ve sv\u011btle dal\u0161\u00edch odhalen\u00ed se to jev\u00ed znepokojiv\u00e9. Jeho profil na soci\u00e1ln\u00edch s\u00edt\u00edch nav\u00edc obsahuje modrou spir\u00e1lu \u2013 symbol, kter\u00fd je podle FBI spojov\u00e1n s pedofiln\u00edmi s\u00edt\u011bmi. Z pohledu zb\u00fdvaj\u00edc\u00edch konzervativc\u016f, kte\u0159\u00ed si stoj\u00ed za sv\u00fdmi hodnotami, je nep\u0159ijateln\u00e9, aby kongresman tento symbol zobrazoval vedle politick\u00fdch slogan\u016f.<\/span><\/p>\n<h2 id=\"h-bucherregal-voller-missbrauch-und-manipulation\" class=\"wp-block-heading\"><span dir=\"auto\">Knihovna pln\u00e1 zneu\u017e\u00edv\u00e1n\u00ed a manipulace<\/span><\/h2>\n<p><span dir=\"auto\">Dal\u0161\u00ed vhled do Doylova sm\u00fd\u0161len\u00ed poskytuj\u00ed knihy, kter\u00e9 byly viditeln\u00e9 na jeho poli\u010dce b\u011bhem televizn\u00edho rozhovoru. N\u00e1zvy jako\u00a0<\/span><em><span dir=\"auto\">My Absolute Darling<\/span><\/em><span dir=\"auto\">\u00a0(zneu\u017e\u00edv\u00e1n\u00ed \u010dtrn\u00e1ctilet\u00e9ho),\u00a0<\/span><em><span dir=\"auto\">Educated<\/span><\/em><span dir=\"auto\">\u00a0(zneu\u017e\u00edv\u00e1n\u00ed v rodinn\u00e9m prost\u0159ed\u00ed) a\u00a0<\/span><em><span dir=\"auto\">Insatiable<\/span><\/em><span dir=\"auto\">\u00a0(sexu\u00e1ln\u00ed manipulace s mladou \u017eenou) odhaluj\u00ed jasn\u00fd vzorec: p\u0159\u00edb\u011bhy o kontrole, zneu\u017e\u00edv\u00e1n\u00ed a zni\u010den\u00e9m d\u011btstv\u00ed. Samoz\u0159ejm\u011b se jedn\u00e1 o fikci \u2013 ale d\u016fsledn\u00e9 obklopov\u00e1n\u00ed se takov\u00fdm materi\u00e1lem tak\u00e9 sv\u011bd\u010d\u00ed o osobn\u00ed fascinaci. X zde analyzuje, kter\u00e9 knihy m\u00e1 gentleman evidentn\u011b r\u00e1d.<\/span><\/p>\n<figure class=\"wp-block-embed is-type-rich is-provider-twitter wp-block-embed-twitter\">\n<div class=\"wp-block-embed__wrapper\">\n<div class=\"twitter-tweet twitter-tweet-rendered\"><iframe id=\"twitter-widget-0\" class=\"\" title=\"X P\u0159\u00edsp\u011bvek\" src=\"https:\/\/platform.twitter.com\/embed\/Tweet.html?dnt=true&amp;embedId=twitter-widget-0&amp;features=eyJ0ZndfdGltZWxpbmVfbGlzdCI6eyJidWNrZXQiOltdLCJ2ZXJzaW9uIjpudWxsfSwidGZ3X2ZvbGxvd2VyX2NvdW50X3N1bnNldCI6eyJidWNrZXQiOnRydWUsInZlcnNpb24iOm51bGx9LCJ0ZndfdHdlZXRfZWRpdF9iYWNrZW5kIjp7ImJ1Y2tldCI6Im9uIiwidmVyc2lvbiI6bnVsbH0sInRmd19yZWZzcmNfc2Vzc2lvbiI6eyJidWNrZXQiOiJvbiIsInZlcnNpb24iOm51bGx9LCJ0ZndfZm9zbnJfc29mdF9pbnRlcnZlbnRpb25zX2VuYWJsZWQiOnsiYnVja2V0Ijoib24iLCJ2ZXJzaW9uIjpudWxsfSwidGZ3X21peGVkX21lZGlhXzE1ODk3Ijp7ImJ1Y2tldCI6InRyZWF0bWVudCIsInZlcnNpb24iOm51bGx9LCJ0ZndfZXhwZXJpbWVudHNfY29va2llX2V4cGlyYXRpb24iOnsiYnVja2V0IjoxMjA5NjAwLCJ2ZXJzaW9uIjpudWxsfSwidGZ3X3Nob3dfYmlyZHdhdGNoX3Bpdm90c19lbmFibGVkIjp7ImJ1Y2tldCI6Im9uIiwidmVyc2lvbiI6bnVsbH0sInRmd19kdXBsaWNhdGVfc2NyaWJlc190b19zZXR0aW5ncyI6eyJidWNrZXQiOiJvbiIsInZlcnNpb24iOm51bGx9LCJ0ZndfdXNlX3Byb2ZpbGVfaW1hZ2Vfc2hhcGVfZW5hYmxlZCI6eyJidWNrZXQiOiJvbiIsInZlcnNpb24iOm51bGx9LCJ0ZndfdmlkZW9faGxzX2R5bmFtaWNfbWFuaWZlc3RzXzE1MDgyIjp7ImJ1Y2tldCI6InRydWVfYml0cmF0ZSIsInZlcnNpb24iOm51bGx9LCJ0ZndfbGVnYWN5X3RpbWVsaW5lX3N1bnNldCI6eyJidWNrZXQiOnRydWUsInZlcnNpb24iOm51bGx9LCJ0ZndfdHdlZXRfZWRpdF9mcm9udGVuZCI6eyJidWNrZXQiOiJvbiIsInZlcnNpb24iOm51bGx9fQ%3D%3D&amp;frame=false&amp;hideCard=false&amp;hideThread=false&amp;id=1908404191149912251&amp;lang=de&amp;origin=https%3A%2F%2Freport24.news%2Fruecktritt-wegen-paedovorwuerfen-doch-systempresse-feiert-neuseelaendischen-abgeordneten%2F&amp;sessionId=bf542c62b5846b93e86d5443403936d078f06de1&amp;theme=light&amp;widgetsVersion=2615f7e52b7e0%3A1702314776716&amp;width=550px\" frameborder=\"0\" scrolling=\"no\" allowfullscreen=\"allowfullscreen\" data-tweet-id=\"1908404191149912251\" data-mce-fragment=\"1\"><\/iframe><\/div>\n<\/div>\n<\/figure>\n<h2 id=\"h-politische-opferrolle-statt-verantwortung\" class=\"wp-block-heading\"><span dir=\"auto\">Role politick\u00e9 ob\u011bti m\u00edsto odpov\u011bdnosti<\/span><\/h2>\n<p><span dir=\"auto\">M\u00edsto aby se Doyle t\u011bmito obvin\u011bn\u00edmi v\u00e1\u017en\u011b zab\u00fdval, uch\u00fdlil se do role ob\u011bti.\u00a0<\/span><a href=\"https:\/\/www.1news.co.nz\/2025\/09\/19\/hostile-and-toxic-benjamin-doyle-blasts-parliament-in-valedictory-speech\/\" target=\"_blank\" rel=\"noreferrer noopener\"><span dir=\"auto\">Ve sv\u00e9m promo\u010dn\u00edm projevu<\/span><\/a><span dir=\"auto\"> prohl\u00e1sil, \u017ee parlament byl \u201evytvo\u0159en koloni\u00e1ln\u00edmi vl\u00e1dci\u201c, a proto nen\u00ed vhodn\u00fd pro lidi, jako je on. Mluvil o \u201enen\u00e1visti a n\u00e1sil\u00ed\u201c nam\u00ed\u0159en\u00e9m proti n\u011bmu a ofici\u00e1ln\u011b od\u016fvodnil svou rezignaci obavami o sv\u00e9 d\u00edt\u011b. Tuto verzi reprodukovala \u0159ada mainstreamov\u00fdch m\u00e9di\u00ed. Zapomn\u011bl v\u0161ak zm\u00ednit, \u017ee s\u00e1m zat\u00ed\u017eil politick\u00fd establishment sv\u00fdm vlastn\u00edm obsc\u00e9nn\u00edm vystoupen\u00edm.<\/span><\/p>\n<p><span dir=\"auto\">Doyle, kter\u00fd vypad\u00e1 jako geneticky \u010dist\u00fd Brit, tvrd\u00ed, \u017ee je \u010d\u00e1ste\u010dn\u011b Maor. Podle na\u0161eho v\u00fdzkumu je na Nov\u00e9m Z\u00e9landu \u010dasto kulturn\u011b a soci\u00e1ln\u011b dosta\u010duj\u00edc\u00ed genealogick\u00e1 p\u0159\u00edslu\u0161nost (whakapapa) ke konkr\u00e9tn\u00edmu iwi, aby se \u010dlov\u011bk mohl naz\u00fdvat Maorem \u2013 bez ohledu na vzhled. Je v\u0161ak pravd\u011bpodobn\u00e9, \u017ee si sv\u016fj etnick\u00fd p\u016fvod vymyslel, stejn\u011b jako svou \u00fadajnou sexu\u00e1ln\u00ed orientaci.<\/span><\/p>\n<h2 id=\"h-ein-symbol-fur-den-zustand-der-grunen\" class=\"wp-block-heading\"><span dir=\"auto\">Symbol st\u00e1tu Zelen\u00fdch<\/span><\/h2>\n<p><span dir=\"auto\">M\u00edsto toho, aby se Zelen\u00ed na Nov\u00e9m Z\u00e9landu a po cel\u00e9m sv\u011bt\u011b zam\u011b\u0159ovali na klasick\u00e1 zelen\u00e1 t\u00e9mata, jako je ochrana \u017eivotn\u00edho prost\u0159ed\u00ed, nad\u00e1le p\u0159itahuj\u00ed osobnosti, kter\u00e9 up\u0159ednost\u0148uj\u00ed svou sexu\u00e1ln\u00ed identitu p\u0159ed v\u0161\u00edm ostatn\u00edm. Ani na Nov\u00e9m Z\u00e9landu ji\u017e populace nen\u00ed ochotna toto bezpochyby akceptovat. \u00dasp\u011b\u0161n\u00e1 petice zam\u011b\u0159en\u00e1 konkr\u00e9tn\u011b na Doyla a Zelen\u00e9 po\u017eadovala dal\u0161\u00ed vy\u0161et\u0159ov\u00e1n\u00ed:\u00a0<\/span><a href=\"https:\/\/www.change.org\/p\/investigate-benjamin-doyle-and-the-green-party-for-alleged-child-exploitation\" target=\"_blank\" rel=\"noreferrer noopener\"><span dir=\"auto\">Vy\u0161et\u0159it Benjamina Doyla a Stranu zelen\u00fdch za \u00fadajn\u00e9 vyko\u0159is\u0165ov\u00e1n\u00ed d\u011bt\u00ed.<\/span><\/a><\/p>\n<p><img decoding=\"async\" loading=\"lazy\" class=\"alignnone size-full wp-image-1185\" src=\"http:\/\/www.infokuryr.cz\/n\/wp-content\/uploads\/2021\/04\/kuryr-podpis.png\" alt=\"\" width=\"84\" height=\"24\" \/><\/p>\n<p><img decoding=\"async\" loading=\"lazy\" class=\"wp-image-86927 aligncenter\" src=\"http:\/\/www.infokuryr.cz\/n\/wp-content\/uploads\/2025\/09\/letak-volby-2025-konference-3-212x300.png\" alt=\"\" width=\"806\" height=\"1141\" srcset=\"https:\/\/www.infokuryr.cz\/n\/wp-content\/uploads\/2025\/09\/letak-volby-2025-konference-3-212x300.png 212w, https:\/\/www.infokuryr.cz\/n\/wp-content\/uploads\/2025\/09\/letak-volby-2025-konference-3-724x1024.png 724w, https:\/\/www.infokuryr.cz\/n\/wp-content\/uploads\/2025\/09\/letak-volby-2025-konference-3-768x1086.png 768w, https:\/\/www.infokuryr.cz\/n\/wp-content\/uploads\/2025\/09\/letak-volby-2025-konference-3-1086x1536.png 1086w, https:\/\/www.infokuryr.cz\/n\/wp-content\/uploads\/2025\/09\/letak-volby-2025-konference-3-1448x2048.png 1448w, https:\/\/www.infokuryr.cz\/n\/wp-content\/uploads\/2025\/09\/letak-volby-2025-konference-3-1024x1448.png 1024w\" sizes=\"(max-width: 806px) 100vw, 806px\" \/><\/p>\n","protected":false},"excerpt":{"rendered":"<p>Samoz\u0159ejm\u011b by se op\u011bt jednalo jen o \u201epravicovou nen\u00e1vist\u201c, kter\u00e1 by m\u00ed\u0159ila na \u201enebin\u00e1rn\u00edho\u201c poslance&#8230;.<\/p>\n","protected":false},"author":2,"featured_media":88282,"comment_status":"closed","ping_status":"closed","sticky":false,"template":"","format":"standard","meta":[],"categories":[7],"tags":[158,302,4914,428,103],"_links":{"self":[{"href":"https:\/\/www.infokuryr.cz\/n\/wp-json\/wp\/v2\/posts\/88281"}],"collection":[{"href":"https:\/\/www.infokuryr.cz\/n\/wp-json\/wp\/v2\/posts"}],"about":[{"href":"https:\/\/www.infokuryr.cz\/n\/wp-json\/wp\/v2\/types\/post"}],"author":[{"embeddable":true,"href":"https:\/\/www.infokuryr.cz\/n\/wp-json\/wp\/v2\/users\/2"}],"replies":[{"embeddable":true,"href":"https:\/\/www.infokuryr.cz\/n\/wp-json\/wp\/v2\/comments?post=88281"}],"version-history":[{"count":0,"href":"https:\/\/www.infokuryr.cz\/n\/wp-json\/wp\/v2\/posts\/88281\/revisions"}],"wp:featuredmedia":[{"embeddable":true,"href":"https:\/\/www.infokuryr.cz\/n\/wp-json\/wp\/v2\/media\/88282"}],"wp:attachment":[{"href":"https:\/\/www.infokuryr.cz\/n\/wp-json\/wp\/v2\/media?parent=88281"}],"wp:term":[{"taxonomy":"category","embeddable":true,"href":"https:\/\/www.infokuryr.cz\/n\/wp-json\/wp\/v2\/categories?post=88281"},{"taxonomy":"post_tag","embeddable":true,"href":"https:\/\/www.infokuryr.cz\/n\/wp-json\/wp\/v2\/tags?post=88281"}],"curies":[{"name":"wp","href":"https:\/\/api.w.org\/{rel}","templated":true}]}}