{"id":88271,"date":"2025-09-22T00:12:38","date_gmt":"2025-09-21T22:12:38","guid":{"rendered":"https:\/\/www.infokuryr.cz\/n\/?p=88271"},"modified":"2025-09-21T14:50:06","modified_gmt":"2025-09-21T12:50:06","slug":"sila-atlantik-nemecke-mocenske-sny-z-pouste-nova-miliardova-pustina-ve-fazi-planovani","status":"publish","type":"post","link":"https:\/\/www.infokuryr.cz\/n\/2025\/09\/22\/sila-atlantik-nemecke-mocenske-sny-z-pouste-nova-miliardova-pustina-ve-fazi-planovani\/","title":{"rendered":"Sila Atlantik: N\u011bmeck\u00e9 mocensk\u00e9 sny z pou\u0161t\u011b \u2013 nov\u00e1 miliardov\u00e1 pustina ve f\u00e1zi pl\u00e1nov\u00e1n\u00ed"},"content":{"rendered":"<div id=\"fb-root\"><\/div>\n<p><strong><span dir=\"auto\">Zat\u00edmco n\u011bmeck\u00fd feder\u00e1ln\u00ed rozpo\u010det lze pokr\u00fdt pouze obrovsk\u00fdm mno\u017estv\u00edm nov\u00e9ho dluhu, pen\u00edze se op\u011bt uvol\u0148uj\u00ed na nesmysln\u00e9 a \u0161\u00edlen\u00e9 projekty. Sol\u00e1rn\u00ed a v\u011btrn\u00e1 energie z Maroka m\u00e1 b\u00fdt p\u0159esm\u011brov\u00e1na do N\u011bmecka.<\/span><\/strong><\/p>\n<p><span dir=\"auto\">N\u011bmeck\u00e1 energetick\u00e1 politika p\u0159ipom\u00edn\u00e1 dobrodru\u017en\u00e9 h\u0159i\u0161t\u011b pro megalomansk\u00e9 my\u0161lenky. Pot\u00e9, co byly lesy vyk\u00e1ceny pro v\u011btrn\u00e9 turb\u00edny, sol\u00e1rn\u00ed panely pokryly \u00farodn\u00e1 pole a jadern\u00e9 elektr\u00e1rny byly z\u00e1m\u011brn\u011b odstaveny, se nyn\u00ed chyst\u00e1 dal\u0161\u00ed trik: elekt\u0159ina z marock\u00e9 pou\u0161t\u011b m\u00e1 \u00fadajn\u011b zachr\u00e1nit N\u011bmecko. Sol\u00e1rn\u00ed a v\u011btrn\u00e1 energie m\u00e1 b\u00fdt do Evropy dod\u00e1v\u00e1na p\u0159\u00edmo t\u00e9m\u011b\u0159 4 800 kilometr\u016f dlouh\u00fdm kabelem \u2013 zvan\u00fdm \u201e\u00a0<\/span><a href=\"https:\/\/www.focus.de\/finanzen\/endlich-guenstiger-oekostrom-mega-projekt-soll-ihre-stromrechnung-senken_af051e87-a488-402d-ba49-2953d2831ed6.html\"><span dir=\"auto\">Sila Atlantic<\/span><\/a><span dir=\"auto\">\u00a0\u201c \u2013 \u00fadajn\u011b za \u00fa\u010delem urychlen\u00ed energetick\u00e9 transformace a sn\u00ed\u017een\u00ed cen. Ka\u017ed\u00fd, kdo se pod\u00edv\u00e1 na detaily, si rychle uv\u011bdom\u00ed: kope se nov\u00e1 dota\u010dn\u00ed j\u00e1ma, jej\u00ed\u017e p\u0159\u00ednos pro lidi a ekonomiku je v\u00edce ne\u017e pochybn\u00fd.<\/span><\/p>\n<p><span dir=\"auto\">Projekt p\u0159edpokl\u00e1d\u00e1 dod\u00e1vku p\u0159ibli\u017en\u011b 26 terawatthodin elekt\u0159iny ro\u010dn\u011b. To je mno\u017estv\u00ed, kter\u00e9 pokr\u00fdv\u00e1 pouh\u00fdch p\u011bt procent n\u011bmeck\u00e9 spot\u0159eby \u2013 a nav\u00edc (stejn\u011b jako v N\u011bmecku) se elekt\u0159ina bude vyr\u00e1b\u011bt pouze tehdy, kdy\u017e sv\u00edt\u00ed slunce a fouk\u00e1 v\u00edtr. Na toto zvl\u00e1dnuteln\u00e9 mno\u017estv\u00ed se m\u00e1 investovat 30 a\u017e 40 miliard eur. K tomu se p\u0159id\u00e1vaj\u00ed pr\u016fb\u011b\u017en\u00e9 provozn\u00ed n\u00e1klady. Ztr\u00e1ty p\u0159i p\u0159enosu jsou pevn\u011b pl\u00e1nov\u00e1ny: I ta nejmodern\u011bj\u0161\u00ed technologie stejnosm\u011brn\u00e9ho proudu vysok\u00e9ho nap\u011bt\u00ed absorbuje na takov\u00e9 vzd\u00e1lenosti p\u0159ibli\u017en\u011b 20 procent. K tomu se p\u0159id\u00e1vaj\u00ed m\u011bn\u00edrny, rozvodny a kilometry p\u0159enosov\u00fdch veden\u00ed p\u0159es Portugalsko, \u0160pan\u011blsko, Francii, Belgii a Nizozemsko, ne\u017e se elekt\u0159ina v\u016fbec dostane do N\u011bmecka. To, co se sem nakonec dostane, je pravd\u011bpodobn\u011b ne\u00fam\u011brn\u00e9 gigantick\u00fdm v\u00fddaj\u016fm.<\/span><\/p>\n<figure class=\"wp-block-embed is-type-rich is-provider-twitter wp-block-embed-twitter\">\n<div class=\"wp-block-embed__wrapper\">\n<div class=\"twitter-tweet twitter-tweet-rendered\"><iframe id=\"twitter-widget-0\" class=\"\" title=\"X P\u0159\u00edsp\u011bvek\" src=\"https:\/\/platform.twitter.com\/embed\/Tweet.html?dnt=true&amp;embedId=twitter-widget-0&amp;features=eyJ0ZndfdGltZWxpbmVfbGlzdCI6eyJidWNrZXQiOltdLCJ2ZXJzaW9uIjpudWxsfSwidGZ3X2ZvbGxvd2VyX2NvdW50X3N1bnNldCI6eyJidWNrZXQiOnRydWUsInZlcnNpb24iOm51bGx9LCJ0ZndfdHdlZXRfZWRpdF9iYWNrZW5kIjp7ImJ1Y2tldCI6Im9uIiwidmVyc2lvbiI6bnVsbH0sInRmd19yZWZzcmNfc2Vzc2lvbiI6eyJidWNrZXQiOiJvbiIsInZlcnNpb24iOm51bGx9LCJ0ZndfZm9zbnJfc29mdF9pbnRlcnZlbnRpb25zX2VuYWJsZWQiOnsiYnVja2V0Ijoib24iLCJ2ZXJzaW9uIjpudWxsfSwidGZ3X21peGVkX21lZGlhXzE1ODk3Ijp7ImJ1Y2tldCI6InRyZWF0bWVudCIsInZlcnNpb24iOm51bGx9LCJ0ZndfZXhwZXJpbWVudHNfY29va2llX2V4cGlyYXRpb24iOnsiYnVja2V0IjoxMjA5NjAwLCJ2ZXJzaW9uIjpudWxsfSwidGZ3X3Nob3dfYmlyZHdhdGNoX3Bpdm90c19lbmFibGVkIjp7ImJ1Y2tldCI6Im9uIiwidmVyc2lvbiI6bnVsbH0sInRmd19kdXBsaWNhdGVfc2NyaWJlc190b19zZXR0aW5ncyI6eyJidWNrZXQiOiJvbiIsInZlcnNpb24iOm51bGx9LCJ0ZndfdXNlX3Byb2ZpbGVfaW1hZ2Vfc2hhcGVfZW5hYmxlZCI6eyJidWNrZXQiOiJvbiIsInZlcnNpb24iOm51bGx9LCJ0ZndfdmlkZW9faGxzX2R5bmFtaWNfbWFuaWZlc3RzXzE1MDgyIjp7ImJ1Y2tldCI6InRydWVfYml0cmF0ZSIsInZlcnNpb24iOm51bGx9LCJ0ZndfbGVnYWN5X3RpbWVsaW5lX3N1bnNldCI6eyJidWNrZXQiOnRydWUsInZlcnNpb24iOm51bGx9LCJ0ZndfdHdlZXRfZWRpdF9mcm9udGVuZCI6eyJidWNrZXQiOiJvbiIsInZlcnNpb24iOm51bGx9fQ%3D%3D&amp;frame=false&amp;hideCard=false&amp;hideThread=false&amp;id=1968927388642804003&amp;lang=cs&amp;origin=https%3A%2F%2Freport24.news%2Fsila-atlantik-deutschlands-stromtraeume-aus-der-wueste-ein-neues-milliardengrab-in-planung%2F&amp;sessionId=4f658f8ec820a4fd577a8cc5ee462ffa90a961c6&amp;theme=light&amp;widgetsVersion=2615f7e52b7e0%3A1702314776716&amp;width=550px\" frameborder=\"0\" scrolling=\"no\" allowfullscreen=\"allowfullscreen\" data-tweet-id=\"1968927388642804003\" data-mce-fragment=\"1\"><\/iframe><\/div>\n<\/div>\n<\/figure>\n<p><span dir=\"auto\">Politick\u00e1 idealizace v\u011bci nezlep\u0161\u00ed. Maroko sice m\u016f\u017ee p\u0159edst\u00edrat stabiln\u00ed podm\u00ednky, ale ti, kdo se dobrovoln\u011b dost\u00e1vaj\u00ed do nov\u00fdch z\u00e1vislost\u00ed, se ze Severn\u00edho proudu nic nepou\u010dili. Z\u00edtra by mohl kabel zneu\u017e\u00edt p\u0159evrat, islamistick\u00e1 vl\u00e1da nebo prost\u011b politick\u00fd oportunismus (jakou pozici m\u00e1 N\u011bmecko v konfliktu o Z\u00e1padn\u00ed Saharu?).<\/span><\/p>\n<p><span dir=\"auto\">A pak je tu poh\u00e1dka o klesaj\u00edc\u00edch cen\u00e1ch elekt\u0159iny. Des\u00edtky let se \u0159\u00edkalo, \u017ee v\u011btrn\u00e1 a sol\u00e1rn\u00ed energie jsou zdarma. Skute\u010dn\u00fd v\u00fdsledek: N\u011bmecko nyn\u00ed plat\u00ed t\u00e9m\u011b\u0159 nejvy\u0161\u0161\u00ed ceny elekt\u0159iny na sv\u011bt\u011b. Ka\u017ed\u00fd, kdo v\u011b\u0159\u00ed, \u017ee dovoz elekt\u0159iny z Afriky N\u011bmc\u016fm n\u00e1hle p\u0159inese levn\u011bj\u0161\u00ed \u00fa\u010dty, bu\u010f ztratil kontakt s realitou, nebo se \u00famysln\u011b sna\u017e\u00ed ve\u0159ejnost uv\u00e9st v omyl. Obzvl\u00e1\u0161t\u011b absurdn\u00ed se to st\u00e1v\u00e1 ve srovn\u00e1n\u00ed s alternativami. Ned\u00e1vno odstaven\u00e9 jadern\u00e9 elektr\u00e1rny by dod\u00e1valy stejn\u00e9 mno\u017estv\u00ed elekt\u0159iny \u2013 spolehliv\u011b, schopn\u00e9 z\u00e1kladn\u00edho zat\u00ed\u017een\u00ed a bez 5 000 kilometr\u016f kabel\u016f p\u0159es polovinu kontinentu. Za pl\u00e1novan\u00e9 miliardy se provozn\u00ed doba mohla snadno prodlou\u017eit a\u017e do poloviny stolet\u00ed. To ale nebylo politicky \u017e\u00e1douc\u00ed.<\/span><\/p>\n<p><span dir=\"auto\">\u201eSila Atlantik\u201c je symptomem politiky, kter\u00e1 nechce \u0159e\u0161it sv\u00e9 vlastn\u00ed energetick\u00e9 probl\u00e9my, ale m\u00edsto toho vytv\u00e1\u0159\u00ed st\u00e1le nov\u00e9 z\u00e1vislosti. Projekt, kter\u00fd nem\u00e1 dod\u00e1vat elekt\u0159inu d\u0159\u00edve ne\u017e na konci 30. let 21. stolet\u00ed (mo\u017en\u00e1, mo\u017en\u00e1 ne), zat\u00edmco N\u011bmecko se ji\u017e pot\u00fdk\u00e1 s temn\u00fdmi obdob\u00edmi, chaosem v roz\u0161i\u0159ov\u00e1n\u00ed s\u00edt\u011b a rostouc\u00edmi cenami, nen\u00ed \u0159e\u0161en\u00edm, ale sou\u010d\u00e1st\u00ed probl\u00e9mu. T\u011bchto 30 a\u017e 40 miliard eur pravd\u011bpodobn\u011b stejn\u011b nebude sta\u010dit. Stejn\u011b jako u mnoha jin\u00fdch infrastrukturn\u00edch projekt\u016f (BER, Stuttgart 21 atd.) se n\u00e1klady pravd\u011bpodobn\u011b prudce zv\u00fd\u0161\u00ed a harmonogramy se zpozd\u00ed. A kdo by to m\u011bl platit? Pr\u016fm\u011brn\u00fd N\u011bmec.<\/span><\/p>\n<p><img decoding=\"async\" loading=\"lazy\" class=\"alignnone size-full wp-image-1185\" src=\"http:\/\/www.infokuryr.cz\/n\/wp-content\/uploads\/2021\/04\/kuryr-podpis.png\" alt=\"\" width=\"84\" height=\"24\" \/><\/p>\n<p><img decoding=\"async\" loading=\"lazy\" class=\"wp-image-86927 aligncenter\" src=\"http:\/\/www.infokuryr.cz\/n\/wp-content\/uploads\/2025\/09\/letak-volby-2025-konference-3-212x300.png\" alt=\"\" width=\"832\" height=\"1177\" srcset=\"https:\/\/www.infokuryr.cz\/n\/wp-content\/uploads\/2025\/09\/letak-volby-2025-konference-3-212x300.png 212w, https:\/\/www.infokuryr.cz\/n\/wp-content\/uploads\/2025\/09\/letak-volby-2025-konference-3-724x1024.png 724w, https:\/\/www.infokuryr.cz\/n\/wp-content\/uploads\/2025\/09\/letak-volby-2025-konference-3-768x1086.png 768w, https:\/\/www.infokuryr.cz\/n\/wp-content\/uploads\/2025\/09\/letak-volby-2025-konference-3-1086x1536.png 1086w, https:\/\/www.infokuryr.cz\/n\/wp-content\/uploads\/2025\/09\/letak-volby-2025-konference-3-1448x2048.png 1448w, https:\/\/www.infokuryr.cz\/n\/wp-content\/uploads\/2025\/09\/letak-volby-2025-konference-3-1024x1448.png 1024w\" sizes=\"(max-width: 832px) 100vw, 832px\" \/><\/p>\n","protected":false},"excerpt":{"rendered":"<p>Zat\u00edmco n\u011bmeck\u00fd feder\u00e1ln\u00ed rozpo\u010det lze pokr\u00fdt pouze obrovsk\u00fdm mno\u017estv\u00edm nov\u00e9ho dluhu, pen\u00edze se op\u011bt uvol\u0148uj\u00ed&#8230;<\/p>\n","protected":false},"author":2,"featured_media":88272,"comment_status":"closed","ping_status":"closed","sticky":false,"template":"","format":"standard","meta":[],"categories":[7],"tags":[285,848,84],"_links":{"self":[{"href":"https:\/\/www.infokuryr.cz\/n\/wp-json\/wp\/v2\/posts\/88271"}],"collection":[{"href":"https:\/\/www.infokuryr.cz\/n\/wp-json\/wp\/v2\/posts"}],"about":[{"href":"https:\/\/www.infokuryr.cz\/n\/wp-json\/wp\/v2\/types\/post"}],"author":[{"embeddable":true,"href":"https:\/\/www.infokuryr.cz\/n\/wp-json\/wp\/v2\/users\/2"}],"replies":[{"embeddable":true,"href":"https:\/\/www.infokuryr.cz\/n\/wp-json\/wp\/v2\/comments?post=88271"}],"version-history":[{"count":0,"href":"https:\/\/www.infokuryr.cz\/n\/wp-json\/wp\/v2\/posts\/88271\/revisions"}],"wp:featuredmedia":[{"embeddable":true,"href":"https:\/\/www.infokuryr.cz\/n\/wp-json\/wp\/v2\/media\/88272"}],"wp:attachment":[{"href":"https:\/\/www.infokuryr.cz\/n\/wp-json\/wp\/v2\/media?parent=88271"}],"wp:term":[{"taxonomy":"category","embeddable":true,"href":"https:\/\/www.infokuryr.cz\/n\/wp-json\/wp\/v2\/categories?post=88271"},{"taxonomy":"post_tag","embeddable":true,"href":"https:\/\/www.infokuryr.cz\/n\/wp-json\/wp\/v2\/tags?post=88271"}],"curies":[{"name":"wp","href":"https:\/\/api.w.org\/{rel}","templated":true}]}}