{"id":88269,"date":"2025-09-22T00:12:13","date_gmt":"2025-09-21T22:12:13","guid":{"rendered":"https:\/\/www.infokuryr.cz\/n\/?p=88269"},"modified":"2025-09-21T13:55:05","modified_gmt":"2025-09-21T11:55:05","slug":"pakistan-rozsiruje-jaderny-destnik-nad-saudskou-arabii","status":"publish","type":"post","link":"https:\/\/www.infokuryr.cz\/n\/2025\/09\/22\/pakistan-rozsiruje-jaderny-destnik-nad-saudskou-arabii\/","title":{"rendered":"P\u00e1kist\u00e1n roz\u0161i\u0159uje jadern\u00fd de\u0161tn\u00edk nad Sa\u00fadskou Ar\u00e1bi\u00ed"},"content":{"rendered":"<div id=\"fb-root\"><\/div>\n<p><strong><span dir=\"auto\">P\u00e1kist\u00e1n a Sa\u00fadsk\u00e1 Ar\u00e1bie podepsaly obrannou dohodu, kter\u00e1 jde daleko za hranice pouh\u00e9 symboliky. Poprv\u00e9 bylo ofici\u00e1ln\u011b potvrzeno, \u017ee sa\u00fadsk\u00e1 monarchie bude v budoucnu pod p\u00e1kist\u00e1nsk\u00fdm jadern\u00fdm de\u0161tn\u00edkem. Jedn\u00e1 se o v\u00fdvoj, kter\u00fd trvale zm\u011bn\u00ed rovnov\u00e1hu sil v regionu.<\/span><\/strong><\/p>\n<p><span dir=\"auto\">Ob\u011b zem\u011b jsou po cel\u00e1 desetilet\u00ed \u00fazce propojeny, co se t\u00fd\u010de bezpe\u010dnostn\u00ed politiky. P\u00e1kist\u00e1n\u0161t\u00ed voj\u00e1ci slou\u017e\u00ed ve velk\u00e9m po\u010dtu v sa\u00fadsk\u00e9 arm\u00e1d\u011b, \u010dasto na kl\u00ed\u010dov\u00fdch pozic\u00edch. Bez t\u00e9to nevysloven\u00e9 podpory by arm\u00e1da kr\u00e1lovstv\u00ed sotva byla dostate\u010dn\u011b siln\u00e1, aby mohla konkurovat jako region\u00e1ln\u00ed mocnost. Z\u00e1rove\u0148 to byla Sa\u00fadsk\u00e1 Ar\u00e1bie, kter\u00e1 po l\u00e9ta podporovala Isl\u00e1m\u00e1b\u00e1d \u0161t\u011bdr\u00fdmi finan\u010dn\u00edmi injekcemi, kdy\u017e byl p\u00e1kist\u00e1nsk\u00fd jadern\u00fd program mezin\u00e1rodn\u011b izolov\u00e1n a sankcionov\u00e1n. I tehdy byly tyto pen\u00edze neofici\u00e1ln\u011b pova\u017eov\u00e1ny za strategickou investici \u2013 p\u0159edem na den, kdy bude isl\u00e1msk\u00e1 bomba pot\u0159eba i v Persk\u00e9m z\u00e1livu.<\/span><\/p>\n<figure class=\"wp-block-embed is-type-rich is-provider-twitter wp-block-embed-twitter\">\n<div class=\"wp-block-embed__wrapper\">\n<div class=\"twitter-tweet twitter-tweet-rendered\"><iframe id=\"twitter-widget-0\" class=\"\" title=\"X P\u0159\u00edsp\u011bvek\" src=\"https:\/\/platform.twitter.com\/embed\/Tweet.html?dnt=true&amp;embedId=twitter-widget-0&amp;features=eyJ0ZndfdGltZWxpbmVfbGlzdCI6eyJidWNrZXQiOltdLCJ2ZXJzaW9uIjpudWxsfSwidGZ3X2ZvbGxvd2VyX2NvdW50X3N1bnNldCI6eyJidWNrZXQiOnRydWUsInZlcnNpb24iOm51bGx9LCJ0ZndfdHdlZXRfZWRpdF9iYWNrZW5kIjp7ImJ1Y2tldCI6Im9uIiwidmVyc2lvbiI6bnVsbH0sInRmd19yZWZzcmNfc2Vzc2lvbiI6eyJidWNrZXQiOiJvbiIsInZlcnNpb24iOm51bGx9LCJ0ZndfZm9zbnJfc29mdF9pbnRlcnZlbnRpb25zX2VuYWJsZWQiOnsiYnVja2V0Ijoib24iLCJ2ZXJzaW9uIjpudWxsfSwidGZ3X21peGVkX21lZGlhXzE1ODk3Ijp7ImJ1Y2tldCI6InRyZWF0bWVudCIsInZlcnNpb24iOm51bGx9LCJ0ZndfZXhwZXJpbWVudHNfY29va2llX2V4cGlyYXRpb24iOnsiYnVja2V0IjoxMjA5NjAwLCJ2ZXJzaW9uIjpudWxsfSwidGZ3X3Nob3dfYmlyZHdhdGNoX3Bpdm90c19lbmFibGVkIjp7ImJ1Y2tldCI6Im9uIiwidmVyc2lvbiI6bnVsbH0sInRmd19kdXBsaWNhdGVfc2NyaWJlc190b19zZXR0aW5ncyI6eyJidWNrZXQiOiJvbiIsInZlcnNpb24iOm51bGx9LCJ0ZndfdXNlX3Byb2ZpbGVfaW1hZ2Vfc2hhcGVfZW5hYmxlZCI6eyJidWNrZXQiOiJvbiIsInZlcnNpb24iOm51bGx9LCJ0ZndfdmlkZW9faGxzX2R5bmFtaWNfbWFuaWZlc3RzXzE1MDgyIjp7ImJ1Y2tldCI6InRydWVfYml0cmF0ZSIsInZlcnNpb24iOm51bGx9LCJ0ZndfbGVnYWN5X3RpbWVsaW5lX3N1bnNldCI6eyJidWNrZXQiOnRydWUsInZlcnNpb24iOm51bGx9LCJ0ZndfdHdlZXRfZWRpdF9mcm9udGVuZCI6eyJidWNrZXQiOiJvbiIsInZlcnNpb24iOm51bGx9fQ%3D%3D&amp;frame=false&amp;hideCard=false&amp;hideThread=false&amp;id=1968707534312587280&amp;lang=cs&amp;origin=https%3A%2F%2Freport24.news%2Fpakistan-spannt-den-nuklearen-schutzschirm-ueber-saudi-arabien%2F&amp;sessionId=f69d075b219be2b81526b8ec18047d880e41b57a&amp;theme=light&amp;widgetsVersion=2615f7e52b7e0%3A1702314776716&amp;width=550px\" frameborder=\"0\" scrolling=\"no\" allowfullscreen=\"allowfullscreen\" data-tweet-id=\"1968707534312587280\" data-mce-fragment=\"1\"><\/iframe><\/div>\n<\/div>\n<\/figure>\n<p><span dir=\"auto\">S\u00a0<\/span><a href=\"https:\/\/www.cnn.com\/2025\/09\/17\/middleeast\/saudi-arabia-pakistan-defense-pact-intl-hnk\"><span dir=\"auto\">novou smlouvou<\/span><\/a><span dir=\"auto\">\u00a0tento den alespo\u0148 politicky za\u010dal. Isl\u00e1m\u00e1b\u00e1d jednozna\u010dn\u011b prohl\u00e1sil, \u017ee \u00fatok na Sa\u00fadskou Ar\u00e1bii bude od nyn\u011bj\u0161ka pova\u017eov\u00e1n za \u00fatok na P\u00e1kist\u00e1n. Zda by to Sa\u00fad\u016fm skute\u010dn\u011b poskytlo p\u0159\u00edstup k hlavic\u00edm, nen\u00ed jasn\u00e9 \u2013 ale pouh\u00e1 mo\u017enost dramaticky m\u011bn\u00ed strategickou situaci. Izrael se sv\u00fdm neofici\u00e1ln\u00edm, ale v\u0161eobecn\u011b zn\u00e1m\u00fdm jadern\u00fdm arzen\u00e1lem tak ztrat\u00ed \u010d\u00e1st sv\u00e9 vojensk\u00e9 p\u0159evahy v regionu. A Teher\u00e1n tak\u00e9 pochop\u00ed poselstv\u00ed: Sunnitsk\u00e1 aliance m\u00e1 nyn\u00ed vlastn\u00ed jadernou p\u00e1ku.<\/span><\/p>\n<p><span dir=\"auto\">Pro Washington je to facka, kterou lze jen t\u011b\u017eko ignorovat. USA po cel\u00e1 desetilet\u00ed garantovaly bezpe\u010dnost Sa\u00fad\u016f a na opl\u00e1tku ropa spolehliv\u011b proudila na Z\u00e1pad. Nest\u00e1l\u00e1 bl\u00edzkov\u00fdchodn\u00ed politika posledn\u00edch let, nezam\u011bniteln\u00e9 up\u0159ednost\u0148ov\u00e1n\u00ed izraelsk\u00fdch z\u00e1jm\u016f a rostouc\u00ed ned\u016fv\u011bra Rij\u00e1du v\u0161ak zanechaly sv\u00e9 stopy. S P\u00e1kist\u00e1nem jako vojensk\u00fdm partnerem monarchie signalizuje, \u017ee se ji\u017e nespol\u00e9h\u00e1 pouze na americk\u00e9 z\u00e1vazky. Muslim\u0161t\u00ed brat\u0159i v duchu jsou prost\u011b d\u016fle\u017eit\u011bj\u0161\u00ed ne\u017e jac\u00edkoli \u201enev\u011b\u0159\u00edc\u00ed\u201c.<\/span><\/p>\n<p><span dir=\"auto\">Ofici\u00e1ln\u011b ob\u011b strany zd\u016fraz\u0148uj\u00ed, \u017ee dohoda je logick\u00fdm pokra\u010dov\u00e1n\u00edm dlouhodob\u00fdch rozhovor\u016f a nen\u00ed nam\u00ed\u0159ena proti \u017e\u00e1dn\u00e9 konkr\u00e9tn\u00ed zemi. Ka\u017ed\u00fd ale v\u00ed, \u017ee je do n\u00ed zapojen jak Izrael, tak \u00cdr\u00e1n. A v Rij\u00e1du si lid\u00e9 pravd\u011bpodobn\u011b ji\u017e dlouho kladou ot\u00e1zku: Pro\u010d v\u00e1\u017en\u011b uva\u017eovat o normalizaci vztah\u016f s Tel Avivem, kdy\u017e nyn\u00ed maj\u00ed vlastn\u00ed jadern\u00fd odstra\u0161uj\u00edc\u00ed s\u00edlu?<\/span><\/p>\n<p><span dir=\"auto\">Dohoda ukazuje, jak rychle se mohou geopolitick\u00e9 sou\u0159adnice posunout, kdy\u017e se star\u00e1 spojenectv\u00ed stanou k\u0159ehk\u00fdmi. Sa\u00fadsk\u00e1 Ar\u00e1bie a P\u00e1kist\u00e1n po cel\u00e1 desetilet\u00ed ti\u0161e spolupracovaly v pozad\u00ed \u2013 nyn\u00ed se otev\u0159en\u011b prezentuj\u00ed jako strategi\u010dt\u00ed partne\u0159i. Jadern\u00fd de\u0161tn\u00edk, kter\u00fd Isl\u00e1m\u00e1b\u00e1d nasazoval, pravd\u011bpodobn\u011b vrhne dlouh\u00fd st\u00edn. Pokud nap\u0159\u00edklad \u00cdr\u00e1nem podporovan\u00e9 jemensk\u00e9 milice Ansar All\u00e1h (H\u00fat\u00edov\u00e9) znovu za\u00fato\u010d\u00ed na sa\u00fadsk\u00e9 c\u00edle, Rij\u00e1d a Isl\u00e1m\u00e1b\u00e1d by to mohly interpretovat jako \u00edr\u00e1nsk\u00fd \u00fatok \u2013 a odpov\u00eddaj\u00edc\u00edm zp\u016fsobem reagovat.<\/span><\/p>\n<p><img decoding=\"async\" loading=\"lazy\" class=\"alignnone size-full wp-image-1185\" src=\"http:\/\/www.infokuryr.cz\/n\/wp-content\/uploads\/2021\/04\/kuryr-podpis.png\" alt=\"\" width=\"84\" height=\"24\" \/><\/p>\n<p><img decoding=\"async\" loading=\"lazy\" class=\"wp-image-86927 aligncenter\" src=\"http:\/\/www.infokuryr.cz\/n\/wp-content\/uploads\/2025\/09\/letak-volby-2025-konference-3-212x300.png\" alt=\"\" width=\"800\" height=\"1132\" srcset=\"https:\/\/www.infokuryr.cz\/n\/wp-content\/uploads\/2025\/09\/letak-volby-2025-konference-3-212x300.png 212w, https:\/\/www.infokuryr.cz\/n\/wp-content\/uploads\/2025\/09\/letak-volby-2025-konference-3-724x1024.png 724w, https:\/\/www.infokuryr.cz\/n\/wp-content\/uploads\/2025\/09\/letak-volby-2025-konference-3-768x1086.png 768w, https:\/\/www.infokuryr.cz\/n\/wp-content\/uploads\/2025\/09\/letak-volby-2025-konference-3-1086x1536.png 1086w, https:\/\/www.infokuryr.cz\/n\/wp-content\/uploads\/2025\/09\/letak-volby-2025-konference-3-1448x2048.png 1448w, https:\/\/www.infokuryr.cz\/n\/wp-content\/uploads\/2025\/09\/letak-volby-2025-konference-3-1024x1448.png 1024w\" sizes=\"(max-width: 800px) 100vw, 800px\" \/><\/p>\n<div id=\"repor-1113d219b746ccdf790ac6721c864289\" class=\"repor-1113d219b746ccdf790ac6721c864289 repor-inarticle6\">\n<div id=\"repor-53174278\" class=\"repor-inarticle6\"><\/div>\n<\/div>\n","protected":false},"excerpt":{"rendered":"<p>P\u00e1kist\u00e1n a Sa\u00fadsk\u00e1 Ar\u00e1bie podepsaly obrannou dohodu, kter\u00e1 jde daleko za hranice pouh\u00e9 symboliky. Poprv\u00e9&#8230;<\/p>\n","protected":false},"author":2,"featured_media":88270,"comment_status":"closed","ping_status":"closed","sticky":false,"template":"","format":"standard","meta":[],"categories":[7],"tags":[9790,129,1012],"_links":{"self":[{"href":"https:\/\/www.infokuryr.cz\/n\/wp-json\/wp\/v2\/posts\/88269"}],"collection":[{"href":"https:\/\/www.infokuryr.cz\/n\/wp-json\/wp\/v2\/posts"}],"about":[{"href":"https:\/\/www.infokuryr.cz\/n\/wp-json\/wp\/v2\/types\/post"}],"author":[{"embeddable":true,"href":"https:\/\/www.infokuryr.cz\/n\/wp-json\/wp\/v2\/users\/2"}],"replies":[{"embeddable":true,"href":"https:\/\/www.infokuryr.cz\/n\/wp-json\/wp\/v2\/comments?post=88269"}],"version-history":[{"count":0,"href":"https:\/\/www.infokuryr.cz\/n\/wp-json\/wp\/v2\/posts\/88269\/revisions"}],"wp:featuredmedia":[{"embeddable":true,"href":"https:\/\/www.infokuryr.cz\/n\/wp-json\/wp\/v2\/media\/88270"}],"wp:attachment":[{"href":"https:\/\/www.infokuryr.cz\/n\/wp-json\/wp\/v2\/media?parent=88269"}],"wp:term":[{"taxonomy":"category","embeddable":true,"href":"https:\/\/www.infokuryr.cz\/n\/wp-json\/wp\/v2\/categories?post=88269"},{"taxonomy":"post_tag","embeddable":true,"href":"https:\/\/www.infokuryr.cz\/n\/wp-json\/wp\/v2\/tags?post=88269"}],"curies":[{"name":"wp","href":"https:\/\/api.w.org\/{rel}","templated":true}]}}