{"id":88267,"date":"2025-09-22T00:11:17","date_gmt":"2025-09-21T22:11:17","guid":{"rendered":"https:\/\/www.infokuryr.cz\/n\/?p=88267"},"modified":"2025-09-21T13:52:05","modified_gmt":"2025-09-21T11:52:05","slug":"zakaz-antify-nizozemsko-zakazuje-levicove-kriminalniky","status":"publish","type":"post","link":"https:\/\/www.infokuryr.cz\/n\/2025\/09\/22\/zakaz-antify-nizozemsko-zakazuje-levicove-kriminalniky\/","title":{"rendered":"Z\u00e1kaz Antify: Nizozemsko zakazuje levicov\u00e9 krimin\u00e1ln\u00edky"},"content":{"rendered":"<div id=\"fb-root\"><\/div>\n<p><strong><span dir=\"auto\">Nizozemsko se stalo prvn\u00ed evropskou zem\u00ed, kter\u00e1 schv\u00e1lila parlamentn\u00ed n\u00e1vrh na klasifikaci Antify jako teroristick\u00e9 organizace. Navazuje tak na p\u0159\u00edstup americk\u00e9 administrativy za Donalda Trumpa, kter\u00e1 tuto skupinu ji\u017e za takovou ozna\u010dila. Tento krok p\u0159edstavuje zlomov\u00fd bod proti mocensk\u00fdm mechanism\u016fm, kter\u00e9 potla\u010duj\u00ed opozi\u010dn\u00ed hlasy v Evrop\u011b. V zem\u00edch, jako je N\u011bmecko a Francie, roste tlak na vl\u00e1dy, kter\u00e9 vnucuj\u00ed svou politiku bez souhlasu obyvatelstva. P\u0159\u00edpad by mohl vyvolat dal\u0161\u00ed v\u00fdvoj a v\u00e9st k politik\u00e1m, kter\u00e9 up\u0159ednost\u0148uj\u00ed n\u00e1rodn\u00ed z\u00e1jmy.<\/span><\/strong><\/p>\n<p><span dir=\"auto\">Nizozemsk\u00fd parlament ned\u00e1vno schv\u00e1lil n\u00e1vrh vyz\u00fdvaj\u00edc\u00ed vl\u00e1du ke klasifikaci\u00a0<\/span><a href=\"https:\/\/nltimes.nl\/2025\/09\/19\/dutch-parliament-wants-follow-us-example-label-antifa-terrorist-organization\"><span dir=\"auto\">Antify jako teroristick\u00e9 organizace<\/span><\/a><span dir=\"auto\">\u00a0. N\u00e1vrh p\u0159edlo\u017eil Geert Wilders z PVV, kter\u00fd byl schv\u00e1len velkou v\u011bt\u0161inou. Debatu vyvolalo\u00a0<\/span><a href=\"https:\/\/report24.news\/europas-linksextreme-zittern-us-terroreinstufung-trifft-alle-antifa-unterstuetzer\/\"><span dir=\"auto\">ned\u00e1vn\u00e9 rozhodnut\u00ed USA<\/span><\/a><span dir=\"auto\">\u00a0, kdy prezident Trump klasifikoval Antifu jako \u201ev\u00fdznamnou teroristickou organizaci\u201c po vra\u017ed\u011b Charlieho Kirka. Trump to od\u016fvodnil zapojen\u00edm skupiny do n\u00e1sil\u00ed a nepokoj\u016f, kter\u00e9 pova\u017euje za hrozbu pro ve\u0159ejn\u00fd po\u0159\u00e1dek. V Nizozemsku\u00a0<\/span><a href=\"https:\/\/bnonews.com\/index.php\/2025\/09\/dutch-parliament-adopts-motion-to-classify-antifa-as-a-terrorist-organization\" target=\"_blank\" rel=\"noreferrer noopener\"><span dir=\"auto\">zast\u00e1nci<\/span><\/a><span dir=\"auto\">\u00a0z\u00e1kazu argumentovali, \u017ee Antifa podkop\u00e1v\u00e1 demokracii n\u00e1siln\u00fdmi \u010diny, jako jsou \u00fatoky na policisty, politiky a demonstrace nelevicov\u00fdch extremist\u016f.<\/span><\/p>\n<p><span dir=\"auto\">V N\u011bmecku Antifa ned\u00e1vno zp\u016fsobila masivn\u00ed v\u00fdpadek proudu v Berl\u00edn\u011b \u017eh\u00e1\u0159sk\u00fdm \u00fatokem na elektrickou s\u00ed\u0165, co\u017e byl evidentn\u011b teroristick\u00fd \u010din \u2013 ale Friedrich Merz a jeho levicov\u00e1 vl\u00e1da ho jen ignorovali. V N\u011bmecku je Antifa st\u00e1le chr\u00e1n\u011bna st\u00e1tem.<\/span><\/p>\n<p><span dir=\"auto\">Rozhodnut\u00ed v Nizozemsku p\u0159ich\u00e1z\u00ed v dob\u011b, kdy (z\u00e1pado)evropsk\u00e9 vl\u00e1dy \u010del\u00ed st\u00e1le v\u011bt\u0161\u00ed nespokojenosti ve\u0159ejnosti. V N\u011bmecku koalice semafor\u016f prosazuje politiky, jako je deindustrializace pro ochranu klimatu a masov\u00e1 migrace, kter\u00e9 se setk\u00e1vaj\u00ed s velk\u00fdm odporem. Pr\u016fzkumy ve\u0159ejn\u00e9ho m\u00edn\u011bn\u00ed ukazuj\u00ed, \u017ee v\u011bt\u0161ina ob\u010dan\u016f odm\u00edt\u00e1 deindustrializaci, kter\u00e1 je poh\u00e1n\u011bna vysok\u00fdmi n\u00e1klady na energie a z\u00e1vislost\u00ed na nespolehliv\u00e9 a p\u0159eru\u0161ovan\u00e9 zelen\u00e9 elekt\u0159in\u011b. Podobn\u00e1 situace je v Rakousku, kde odklon od levn\u00e9ho rusk\u00e9ho plynu vede k masivn\u00edmu ekonomick\u00e9mu tlaku. Francie a Anglie za\u017e\u00edvaj\u00ed podobn\u00e9 konflikty, kdy vl\u00e1dy p\u0159ij\u00edmaj\u00ed opat\u0159en\u00ed, kter\u00e1 ignoruj\u00ed v\u016fli v\u011bt\u0161iny.<\/span><\/p>\n<p><span dir=\"auto\">Vl\u00e1dnouc\u00ed koalice jedn\u00e9 strany v z\u00e1padn\u00ed Evrop\u011b se p\u0159i prosazov\u00e1n\u00ed sv\u00e9 agendy spol\u00e9haj\u00ed na s\u00ed\u0165 nevl\u00e1dn\u00edch organizac\u00ed (=vl\u00e1dn\u00edch podp\u016frn\u00fdch organizac\u00ed), st\u00e1tem financovan\u00fdch m\u00e9di\u00ed a zpolitizovan\u00e9 justice. Antifa hraje d\u016fle\u017eitou roli t\u00edm, \u017ee p\u016fsob\u00ed jako pouli\u010dn\u00ed milice a zastra\u0161uje opozici. Demonstrace proti pandemick\u00e9 politice nebo neleg\u00e1ln\u00ed masov\u00e9 migraci byly \u010dasto naru\u0161ov\u00e1ny protidemonstracemi Antify, kter\u00e9 eskalovaly v n\u00e1sil\u00ed.<\/span><\/p>\n<p><span dir=\"auto\">Akce nelevicov\u00fdch politik\u016f byly naru\u0161ov\u00e1ny a odp\u016frci levicov\u00e9 politiky byli p\u0159epadeni zezadu. V USA Trump tento mechanismus prolomil izolac\u00ed Antify a vy\u0161et\u0159ov\u00e1n\u00edm jej\u00edho financov\u00e1n\u00ed. Skupiny financovan\u00e9 Sorosem, kter\u00e9 podporuj\u00ed podobn\u00e9 aktivity v Evrop\u011b, se nyn\u00ed ocitnou pod tlakem. St\u00e1tn\u00ed financov\u00e1n\u00ed Antify, kter\u00e9 je zde b\u011b\u017en\u00e9, tak\u00e9 vyvol\u00e1 v USA obrovsk\u00e9 podr\u00e1\u017ed\u011bn\u00ed.<\/span><\/p>\n<p><span dir=\"auto\">Nizozemsk\u00fd krok by mohl spustit \u0159et\u011bzovou reakci. V N\u011bmecku opozi\u010dn\u00ed strany ji\u017e volaj\u00ed po podobn\u00fdch opat\u0159en\u00edch, proto\u017ee Antifa je spojov\u00e1na s masivn\u00edmi zlo\u010diny. Zpolitizovan\u00e1 justice dosud takov\u00e9 skupiny chr\u00e1nila a z\u00e1rove\u0148 pron\u00e1sledovala kritiky vl\u00e1dy. Anglie by mohla n\u00e1sledovat tento p\u0159\u00edklad, kde politika labourist\u016f vede k nap\u011bt\u00ed s m\u00edstn\u00edm obyvatelstvem. V\u016fle lidu, kter\u00e1 se odr\u00e1\u017e\u00ed ve volb\u00e1ch a pr\u016fzkumech ve\u0159ejn\u00e9ho m\u00edn\u011bn\u00ed, po\u017eaduje odklon od sebevra\u017eedn\u00fdch ideologi\u00ed, kter\u00e9 podporuj\u00ed deindustrializaci a sou\u010dasnou islamizaci.<\/span><\/p>\n<p><span dir=\"auto\">(Z\u00e1pado)evropsk\u00e9 vl\u00e1dy v\u0161ude na sv\u011bt\u011b postr\u00e1daj\u00ed \u0161irokou podporu. Vl\u00e1dy se to sna\u017eily skr\u00fdt kontrolou narativ\u016f. Nevl\u00e1dn\u00ed organizace tyto narativy \u0161\u00ed\u0159\u00ed, m\u00e9dia je zesiluj\u00ed a soudnictv\u00ed pron\u00e1sleduje disidenty \u2013 jak je jasn\u011b vid\u011bt na Bj\u00f6rnu H\u00f6ckem, kter\u00fd byl odsouzen za n\u011bco, co je Stran\u011b zelen\u00fdch odpu\u0161t\u011bno. Dovolil si \u0159\u00edct \u201eV\u0161e pro N\u011bmecko\u201c. To je samoz\u0159ejm\u011b naprosto nep\u0159ijateln\u00e9. Nebo monstrproces s Michaelem Ballwegem, kter\u00fd byl dev\u011bt m\u011bs\u00edc\u016f dr\u017een ve vy\u0161et\u0159ovac\u00ed vazb\u011b za to, \u017ee omylem zkreslil cenu ps\u00ed deky.<\/span><\/p>\n<p><span dir=\"auto\">Se z\u00e1kazem Antify by se tento syst\u00e9m mohl zhroutit. V Nizozemsku n\u00e1vrh signalizuje n\u00e1vrat k politice rozumu. Politice, kter\u00e1 up\u0159ednost\u0148uje dom\u00e1c\u00ed z\u00e1jmy. To by zajistilo dod\u00e1vky energie, regulovalo migraci a deeskalaci soci\u00e1ln\u00edch konflikt\u016f. Prvn\u00ed kostka domina padla. Evropa \u010del\u00ed p\u0159\u00edle\u017eitosti osvobodit se od vl\u00e1dy radik\u00e1ln\u00edch men\u0161in a obnovit skute\u010dnou demokracii, kter\u00e1 realizuje v\u016fli panovn\u00edka \u2013 lidu.<\/span><\/p>\n<p><a href=\"https:\/\/report24.news\/antifa-verbot-niederlande-verbieten-die-schlaegertrupps-der-linken\/\"><em><span dir=\"auto\">Od Chrise Vebera<\/span><\/em><\/a><\/p>\n<p><img decoding=\"async\" loading=\"lazy\" class=\"wp-image-86927 aligncenter\" src=\"http:\/\/www.infokuryr.cz\/n\/wp-content\/uploads\/2025\/09\/letak-volby-2025-konference-3-212x300.png\" alt=\"\" width=\"852\" height=\"1206\" srcset=\"https:\/\/www.infokuryr.cz\/n\/wp-content\/uploads\/2025\/09\/letak-volby-2025-konference-3-212x300.png 212w, https:\/\/www.infokuryr.cz\/n\/wp-content\/uploads\/2025\/09\/letak-volby-2025-konference-3-724x1024.png 724w, https:\/\/www.infokuryr.cz\/n\/wp-content\/uploads\/2025\/09\/letak-volby-2025-konference-3-768x1086.png 768w, https:\/\/www.infokuryr.cz\/n\/wp-content\/uploads\/2025\/09\/letak-volby-2025-konference-3-1086x1536.png 1086w, https:\/\/www.infokuryr.cz\/n\/wp-content\/uploads\/2025\/09\/letak-volby-2025-konference-3-1448x2048.png 1448w, https:\/\/www.infokuryr.cz\/n\/wp-content\/uploads\/2025\/09\/letak-volby-2025-konference-3-1024x1448.png 1024w\" sizes=\"(max-width: 852px) 100vw, 852px\" \/><\/p>\n","protected":false},"excerpt":{"rendered":"<p>Nizozemsko se stalo prvn\u00ed evropskou zem\u00ed, kter\u00e1 schv\u00e1lila parlamentn\u00ed n\u00e1vrh na klasifikaci Antify jako teroristick\u00e9&#8230;<\/p>\n","protected":false},"author":2,"featured_media":88268,"comment_status":"closed","ping_status":"closed","sticky":false,"template":"","format":"standard","meta":[],"categories":[7],"tags":[70,376,720],"_links":{"self":[{"href":"https:\/\/www.infokuryr.cz\/n\/wp-json\/wp\/v2\/posts\/88267"}],"collection":[{"href":"https:\/\/www.infokuryr.cz\/n\/wp-json\/wp\/v2\/posts"}],"about":[{"href":"https:\/\/www.infokuryr.cz\/n\/wp-json\/wp\/v2\/types\/post"}],"author":[{"embeddable":true,"href":"https:\/\/www.infokuryr.cz\/n\/wp-json\/wp\/v2\/users\/2"}],"replies":[{"embeddable":true,"href":"https:\/\/www.infokuryr.cz\/n\/wp-json\/wp\/v2\/comments?post=88267"}],"version-history":[{"count":0,"href":"https:\/\/www.infokuryr.cz\/n\/wp-json\/wp\/v2\/posts\/88267\/revisions"}],"wp:featuredmedia":[{"embeddable":true,"href":"https:\/\/www.infokuryr.cz\/n\/wp-json\/wp\/v2\/media\/88268"}],"wp:attachment":[{"href":"https:\/\/www.infokuryr.cz\/n\/wp-json\/wp\/v2\/media?parent=88267"}],"wp:term":[{"taxonomy":"category","embeddable":true,"href":"https:\/\/www.infokuryr.cz\/n\/wp-json\/wp\/v2\/categories?post=88267"},{"taxonomy":"post_tag","embeddable":true,"href":"https:\/\/www.infokuryr.cz\/n\/wp-json\/wp\/v2\/tags?post=88267"}],"curies":[{"name":"wp","href":"https:\/\/api.w.org\/{rel}","templated":true}]}}