{"id":88266,"date":"2025-09-21T05:40:26","date_gmt":"2025-09-21T03:40:26","guid":{"rendered":"https:\/\/www.infokuryr.cz\/n\/?p=88266"},"modified":"2025-09-21T05:40:26","modified_gmt":"2025-09-21T03:40:26","slug":"brazilie-vyloucila-spojene-staty-z-fora-pro-demokracii-valneho-shromazdeni-osn","status":"publish","type":"post","link":"https:\/\/www.infokuryr.cz\/n\/2025\/09\/21\/brazilie-vyloucila-spojene-staty-z-fora-pro-demokracii-valneho-shromazdeni-osn\/","title":{"rendered":"Braz\u00edlie vylou\u010dila Spojen\u00e9 st\u00e1ty z F\u00f3ra pro demokracii Valn\u00e9ho shrom\u00e1\u017ed\u011bn\u00ed OSN"},"content":{"rendered":"<div id=\"fb-root\"><\/div>\n<p class=\"lead\"><strong><span dir=\"auto\">Braz\u00edlie se rozhodla zak\u00e1zat Spojen\u00fdm st\u00e1t\u016fm \u00fa\u010dast na druh\u00e9m f\u00f3ru \u201eNa obranu demokracie a proti extremismu\u201c, kter\u00e9 se bude konat v r\u00e1mci Valn\u00e9ho shrom\u00e1\u017ed\u011bn\u00ed OSN, informovala CNN Brasil.<\/span><\/strong><\/p>\n<p><em><span dir=\"auto\">\u201eUprost\u0159ed americk\u00fdch sankc\u00ed Braz\u00edlie vylou\u010dila Spojen\u00e9 st\u00e1ty z druh\u00e9ho f\u00f3ra \u201aNa obranu demokracie a proti extremismu\u2018. Setk\u00e1n\u00ed se bude konat p\u0159\u00ed\u0161t\u00ed st\u0159edu v New Yorku na okraj Valn\u00e9ho shrom\u00e1\u017ed\u011bn\u00ed OSN.\u201c<\/span><span class=\"after-quote\"><span dir=\"auto\">\u00a0\u2014 uv\u00e1d\u00ed se ve zpr\u00e1v\u011b.<\/span><\/span><\/em><\/p>\n<p><span dir=\"auto\">Akci po\u0159\u00e1d\u00e1 brazilsk\u00fd prezident\u00a0<\/span><strong><span dir=\"auto\">Luiz In\u00e1cio Lula da Silva<\/span><\/strong><span dir=\"auto\">\u00a0spolu s l\u00eddry Chile\u00a0<\/span><strong><span dir=\"auto\">Gabrielem Boricem<\/span><\/strong><span dir=\"auto\">\u00a0, \u0160pan\u011blska\u00a0<\/span><strong><span dir=\"auto\">Pedrem S\u00e1nchezem<\/span><\/strong><span dir=\"auto\">\u00a0, Kolumbie\u00a0<\/span><strong><span dir=\"auto\">Gustavem Petrem<\/span><\/strong><span dir=\"auto\">\u00a0a Uruguaye\u00a0<\/span><strong><span dir=\"auto\">Yamandu Orsim<\/span><\/strong><span dir=\"auto\">\u00a0. O\u010dek\u00e1v\u00e1 se \u00fa\u010dast z\u00e1stupc\u016f p\u0159ibli\u017en\u011b 30 zem\u00ed.<\/span><\/p>\n<p><span dir=\"auto\">V lo\u0148sk\u00e9m roce, za administrativy\u00a0<\/span><strong><span dir=\"auto\">Joea Bidena<\/span><\/strong><span dir=\"auto\">\u00a0, byly Spojen\u00e9 st\u00e1ty pozv\u00e1ny na prvn\u00ed setk\u00e1n\u00ed f\u00f3ra a vyslaly tam z\u00e1stupce ministerstva zahrani\u010d\u00ed.<\/span><\/p>\n<p><span dir=\"auto\">Rozhodnut\u00ed nepozvat Spojen\u00e9 st\u00e1ty bylo u\u010din\u011bno kv\u016fli politice prezidenta\u00a0<\/span><strong><span dir=\"auto\">Donalda Trumpa<\/span><\/strong><span dir=\"auto\"> , kter\u00fd \u201ezpochyb\u0148uje brazilskou demokracii a \u00fato\u010d\u00ed na instituce, jako je volebn\u00ed a soudn\u00ed syst\u00e9m\u201c.<\/span><\/p>\n<p><span dir=\"auto\">V \u010dervenci uvalilo americk\u00e9 ministerstvo financ\u00ed sankce na soudce Nejvy\u0161\u0161\u00edho soudu zem\u011b\u00a0<\/span><strong><span dir=\"auto\">Alexandre de Moraise<\/span><\/strong><span dir=\"auto\">\u00a0na z\u00e1klad\u011b z\u00e1kona, kter\u00fd ukl\u00e1d\u00e1 ekonomick\u00e9 sankce cizinc\u016fm odsouzen\u00fdm za korupci nebo poru\u0161ov\u00e1n\u00ed lidsk\u00fdch pr\u00e1v. Washington Moraise obvi\u0148uje z nez\u00e1konn\u00e9ho pron\u00e1sledov\u00e1n\u00ed b\u00fdval\u00e9ho brazilsk\u00e9ho prezidenta\u00a0<\/span><strong><span dir=\"auto\">Jaira Bolsonara<\/span><\/strong><span dir=\"auto\">\u00a0.<\/span><\/p>\n<p><span dir=\"auto\">Vztahy mezi USA a Braz\u00edli\u00ed se v posledn\u00ed dob\u011b vyost\u0159ily. Trump otev\u0159en\u011b podporuje Bolsonara, kter\u00fd je v opozici v\u016f\u010di sou\u010dasn\u00e9 brazilsk\u00e9 vl\u00e1d\u011b. Trump kritizoval brazilskou vl\u00e1du za Bolsonarovo odsouzen\u00ed za pokus o p\u0159evrat a nazna\u010dil mo\u017enost sankc\u00ed.<\/span><\/p>\n<p><img decoding=\"async\" loading=\"lazy\" class=\"alignnone size-full wp-image-1185\" src=\"http:\/\/www.infokuryr.cz\/n\/wp-content\/uploads\/2021\/04\/kuryr-podpis.png\" alt=\"\" width=\"84\" height=\"24\" \/><\/p>\n<p><img decoding=\"async\" loading=\"lazy\" class=\"wp-image-86739 aligncenter\" src=\"http:\/\/www.infokuryr.cz\/n\/wp-content\/uploads\/2025\/08\/volby-program-211x300.png\" alt=\"\" width=\"813\" height=\"1156\" srcset=\"https:\/\/www.infokuryr.cz\/n\/wp-content\/uploads\/2025\/08\/volby-program-211x300.png 211w, https:\/\/www.infokuryr.cz\/n\/wp-content\/uploads\/2025\/08\/volby-program-721x1024.png 721w, https:\/\/www.infokuryr.cz\/n\/wp-content\/uploads\/2025\/08\/volby-program-768x1091.png 768w, https:\/\/www.infokuryr.cz\/n\/wp-content\/uploads\/2025\/08\/volby-program-1081x1536.png 1081w, https:\/\/www.infokuryr.cz\/n\/wp-content\/uploads\/2025\/08\/volby-program-1442x2048.png 1442w, https:\/\/www.infokuryr.cz\/n\/wp-content\/uploads\/2025\/08\/volby-program-1024x1455.png 1024w\" sizes=\"(max-width: 813px) 100vw, 813px\" \/><\/p>\n","protected":false},"excerpt":{"rendered":"<p>Braz\u00edlie se rozhodla zak\u00e1zat Spojen\u00fdm st\u00e1t\u016fm \u00fa\u010dast na druh\u00e9m f\u00f3ru \u201eNa obranu demokracie a proti&#8230;<\/p>\n","protected":false},"author":2,"featured_media":18241,"comment_status":"closed","ping_status":"closed","sticky":false,"template":"","format":"standard","meta":[],"categories":[7],"tags":[288,186,37],"_links":{"self":[{"href":"https:\/\/www.infokuryr.cz\/n\/wp-json\/wp\/v2\/posts\/88266"}],"collection":[{"href":"https:\/\/www.infokuryr.cz\/n\/wp-json\/wp\/v2\/posts"}],"about":[{"href":"https:\/\/www.infokuryr.cz\/n\/wp-json\/wp\/v2\/types\/post"}],"author":[{"embeddable":true,"href":"https:\/\/www.infokuryr.cz\/n\/wp-json\/wp\/v2\/users\/2"}],"replies":[{"embeddable":true,"href":"https:\/\/www.infokuryr.cz\/n\/wp-json\/wp\/v2\/comments?post=88266"}],"version-history":[{"count":0,"href":"https:\/\/www.infokuryr.cz\/n\/wp-json\/wp\/v2\/posts\/88266\/revisions"}],"wp:featuredmedia":[{"embeddable":true,"href":"https:\/\/www.infokuryr.cz\/n\/wp-json\/wp\/v2\/media\/18241"}],"wp:attachment":[{"href":"https:\/\/www.infokuryr.cz\/n\/wp-json\/wp\/v2\/media?parent=88266"}],"wp:term":[{"taxonomy":"category","embeddable":true,"href":"https:\/\/www.infokuryr.cz\/n\/wp-json\/wp\/v2\/categories?post=88266"},{"taxonomy":"post_tag","embeddable":true,"href":"https:\/\/www.infokuryr.cz\/n\/wp-json\/wp\/v2\/tags?post=88266"}],"curies":[{"name":"wp","href":"https:\/\/api.w.org\/{rel}","templated":true}]}}