{"id":88221,"date":"2025-09-21T00:15:58","date_gmt":"2025-09-20T22:15:58","guid":{"rendered":"https:\/\/www.infokuryr.cz\/n\/?p=88221"},"modified":"2025-09-20T10:24:07","modified_gmt":"2025-09-20T08:24:07","slug":"carodejnice-jsou-vzdy-jen-ti-druzi-zlo-je-mezi-nami-kazdodenni-realitou","status":"publish","type":"post","link":"https:\/\/www.infokuryr.cz\/n\/2025\/09\/21\/carodejnice-jsou-vzdy-jen-ti-druzi-zlo-je-mezi-nami-kazdodenni-realitou\/","title":{"rendered":"\u201e\u010carod\u011bjnice\u201c jsou v\u017edy jen ti druz\u00ed \u2013 zlo je mezi n\u00e1mi ka\u017edodenn\u00ed realitou"},"content":{"rendered":"<div id=\"fb-root\"><\/div>\n<p><strong><span dir=\"auto\">A\u017e do osv\u00edcenstv\u00ed byly \u017eeny v Evrop\u011b odsuzov\u00e1ny a popravov\u00e1ny jako \u201e\u010darod\u011bjnice\u201c. Tyto doby jsou na\u0161t\u011bst\u00ed pry\u010d \u2013 ale dne\u0161n\u00ed vra\u017ed\u011bn\u00ed se \u0159\u00edd\u00ed p\u0159esn\u011b stejn\u00fdm vzorem. Dok\u00e1\u017eeme rozpoznat masovou hysterii, ne\u017e bude p\u0159\u00edli\u0161 pozd\u011b?<\/span><\/strong><\/p>\n<p><span dir=\"auto\">Tehdej\u0161\u00ed \u201ekonspira\u010dn\u00ed teorie\u201c. \u010carod\u011bjnice byla klasick\u00fdm ob\u011btn\u00edm ber\u00e1nkem. Byla projek\u010dn\u00ed plochou pro kolektivn\u00ed obavy neosv\u00edcen\u00e9 spole\u010dnosti. Ve srovn\u00e1n\u00ed s dne\u0161n\u00edmi formami soci\u00e1ln\u00edho vylou\u010den\u00ed existuj\u00ed d\u011bsiv\u00e9 paralely.<\/span><\/p>\n<h3><strong><span dir=\"auto\">V\u011bd\u011bl\/a bys to?<\/span><\/strong><\/h3>\n<ul>\n<li><span dir=\"auto\">Hlavn\u00edm obvin\u011bn\u00edm proti \u00fadajn\u00fdm \u010darod\u011bjnic\u00edm byla manipulace s po\u010das\u00edm (kl\u00ed\u010dov\u00e9 slovo: klimatick\u00e9 h\u0159\u00ed\u0161nice)<\/span><\/li>\n<li><span dir=\"auto\">Ti, kte\u0159\u00ed mysleli nez\u00e1visle a vyjad\u0159ovali sv\u00e9 n\u00e1zory nahlas, byli s v\u011bt\u0161\u00ed pravd\u011bpodobnost\u00ed podez\u0159\u00edv\u00e1ni z \u010darod\u011bjnictv\u00ed (kl\u00ed\u010dov\u00e9 slovo: later\u00e1ln\u00ed my\u0161len\u00ed)<\/span><\/li>\n<li><span dir=\"auto\">Polovina v\u0161ech \u010darod\u011bjnick\u00fdch proces\u016f v Evrop\u011b \u2013 p\u0159ibli\u017en\u011b 25 000 \u2013 se konala v n\u011bmecky mluv\u00edc\u00edch zem\u00edch.<\/span><\/li>\n<li><span dir=\"auto\">V\u011bt\u0161ina \u010darod\u011bjnick\u00fdch proces\u016f se nekonala v \u201etemn\u00e9m st\u0159edov\u011bku\u201c, ale v ran\u00e9m novov\u011bku.<\/span><\/li>\n<li><span dir=\"auto\">\u010carod\u011bjnick\u00e9 procesy nepodl\u00e9haly c\u00edrkevn\u00ed inkvizici, ale p\u0159ev\u00e1\u017en\u011b sv\u011btsk\u00fdm soud\u016fm.<\/span><\/li>\n<\/ul>\n<p><span dir=\"auto\">V pozdn\u00edm st\u0159edov\u011bku se objevil koncept, kter\u00fd po stalet\u00ed formoval Evropu: p\u0159edstava tajn\u00e9 skupiny lid\u00ed \u00fadajn\u011b spojen\u00fdch s \u010f\u00e1blem. Tyto \u201e\u010darod\u011bjnice\u201c byly pokryty bizarn\u00edmi atributy. \u0158\u00edkalo se, \u017ee soulo\u017e\u00ed s d\u00e9mony, l\u00e9taj\u00ed v noci na ko\u0161\u0165atech, \u00fa\u010dastn\u00ed se tajn\u00fdch sch\u016fzek a rozs\u00e9vaj\u00ed chaos pomoc\u00ed magie.<\/span><\/p>\n<p><span dir=\"auto\">I tehdy konstrukt \u010darod\u011bjnice slou\u017eil m\u00e9n\u011b k popisu skute\u010dn\u00fdch \u010din\u016f ne\u017e k vylou\u010den\u00ed. Jak\u00e9koli chov\u00e1n\u00ed vn\u00edman\u00e9 jako deviantn\u00ed se mohlo st\u00e1t d\u016fvodem k podez\u0159en\u00ed. \u010casto sta\u010dila pouh\u00e1 z\u00e1vist a z\u00e1\u0161\u0165 k ozna\u010den\u00ed vesni\u010dana za \u010darod\u011bjnici. \u010carod\u011bjnick\u00e1 m\u00e1nie byla soci\u00e1ln\u00edm mechanismem nejen k hanoben\u00ed lid\u00ed, ale doslova k jejich d\u00e9monizaci.<\/span><\/p>\n<p><span dir=\"auto\">Jednou z posledn\u00edch \u017een obvin\u011bn\u00fdch z \u010darod\u011bjnictv\u00ed a popraven\u00fdch v Evrop\u011b byla \u0160v\u00fdcarka Anna G\u00f6ldi. Pracovala jako slu\u017eebn\u00e1 pro bohat\u00e9ho l\u00e9ka\u0159e a soudce. Za mo\u017en\u00fd motiv obvin\u011bn\u00ed je pova\u017eov\u00e1na af\u00e9ra s jej\u00edm zam\u011bstnavatelem. Navzdory cenzu\u0159e vyvolal G\u00f6ldiho proces v roce 1782 ve\u0159ejn\u00e9 pobou\u0159en\u00ed i za hranicemi \u0160v\u00fdcarska.<\/span><\/p>\n<h3 id=\"h-parallelen-zur-gegenwart\" class=\"wp-block-heading\"><span dir=\"auto\">Paralely se sou\u010dasnost\u00ed<\/span><\/h3>\n<p><span dir=\"auto\">Ka\u017ed\u00fd, kdo se domn\u00edv\u00e1, \u017ee hon na \u010darod\u011bjnice je pouze poz\u016fstatkem minulosti, se m\u00fdl\u00ed. S podobn\u00fdmi psychosoci\u00e1ln\u00edmi vzorci se setk\u00e1v\u00e1me i dnes, by\u0165 v nov\u00e9 podob\u011b. Konspira\u010dn\u00ed fantazie o \u201epop\u00edra\u010d\u00edch v\u011bdy\u201c, \u201eezoteric\u00edch\u201c nebo \u201epravicov\u00fdch extremistech\u201c nyn\u00ed dominuj\u00ed politick\u00fdm debat\u00e1m a soci\u00e1ln\u00edm m\u00e9di\u00edm. Stejn\u011b jako kdysi \u010darod\u011bjnice, i n\u011bkter\u00e9 skupiny jsou nyn\u00ed obvi\u0148ov\u00e1ny z iracion\u00e1ln\u00edho my\u0161len\u00ed a destruktivn\u00edch \u00famysl\u016f.<\/span><\/p>\n<p><span dir=\"auto\">T\u011bm, kdo sm\u00fd\u0161lej\u00ed jinak, je p\u0159ipisov\u00e1na mor\u00e1ln\u00ed m\u00e9n\u011bcennost, je jim odep\u00edr\u00e1na komunikace a ospravedl\u0148ov\u00e1no jejich vylou\u010den\u00ed. Stejn\u011b jako p\u0159ed 500 lety v\u00edra v \u010darod\u011bjnictv\u00ed do\u010dasn\u011b stabilizovala soci\u00e1ln\u00ed soudr\u017enost prost\u0159ednictv\u00edm obrazu spole\u010dn\u00e9ho nep\u0159\u00edtele, i dne\u0161n\u00ed ob\u011btn\u00ed ber\u00e1nci slou\u017e\u00ed k udr\u017een\u00ed interpreta\u010dn\u00ed suverenity nad masami.<\/span><\/p>\n<p><span dir=\"auto\">Monstr\u00f3zn\u00ed procesy s \u010darod\u011bjnicemi se ji\u017e nekonaj\u00ed na tr\u017ei\u0161t\u00edch, ale v digit\u00e1ln\u00edm prostoru. Jeden neopatrn\u00fd cit\u00e1t, jeden nepopul\u00e1rn\u00ed n\u00e1zor, jedno nekonformn\u00ed chov\u00e1n\u00ed \u2013 a za\u010d\u00edn\u00e1 bou\u0159e sra\u010dek. \u201eKultura zru\u0161en\u00ed\u201c vytla\u010duje ne\u017e\u00e1douc\u00ed hlasy z ve\u0159ejn\u00e9 sf\u00e9ry. Ti, kte\u0159\u00ed jsou ozna\u010deni za \u201epoliticky nekorektn\u00ed\u201c, n\u011bkdy p\u0159ijdou o pr\u00e1ci nebo o svou spole\u010denskou existenci.<\/span><\/p>\n<figure class=\"wp-block-embed is-type-rich is-provider-twitter wp-block-embed-twitter\">\n<div class=\"wp-block-embed__wrapper\">\n<div class=\"twitter-tweet twitter-tweet-rendered\"><iframe id=\"twitter-widget-0\" class=\"\" title=\"X P\u0159\u00edsp\u011bvek\" src=\"https:\/\/platform.twitter.com\/embed\/Tweet.html?dnt=true&amp;embedId=twitter-widget-0&amp;features=eyJ0ZndfdGltZWxpbmVfbGlzdCI6eyJidWNrZXQiOltdLCJ2ZXJzaW9uIjpudWxsfSwidGZ3X2ZvbGxvd2VyX2NvdW50X3N1bnNldCI6eyJidWNrZXQiOnRydWUsInZlcnNpb24iOm51bGx9LCJ0ZndfdHdlZXRfZWRpdF9iYWNrZW5kIjp7ImJ1Y2tldCI6Im9uIiwidmVyc2lvbiI6bnVsbH0sInRmd19yZWZzcmNfc2Vzc2lvbiI6eyJidWNrZXQiOiJvbiIsInZlcnNpb24iOm51bGx9LCJ0ZndfZm9zbnJfc29mdF9pbnRlcnZlbnRpb25zX2VuYWJsZWQiOnsiYnVja2V0Ijoib24iLCJ2ZXJzaW9uIjpudWxsfSwidGZ3X21peGVkX21lZGlhXzE1ODk3Ijp7ImJ1Y2tldCI6InRyZWF0bWVudCIsInZlcnNpb24iOm51bGx9LCJ0ZndfZXhwZXJpbWVudHNfY29va2llX2V4cGlyYXRpb24iOnsiYnVja2V0IjoxMjA5NjAwLCJ2ZXJzaW9uIjpudWxsfSwidGZ3X3Nob3dfYmlyZHdhdGNoX3Bpdm90c19lbmFibGVkIjp7ImJ1Y2tldCI6Im9uIiwidmVyc2lvbiI6bnVsbH0sInRmd19kdXBsaWNhdGVfc2NyaWJlc190b19zZXR0aW5ncyI6eyJidWNrZXQiOiJvbiIsInZlcnNpb24iOm51bGx9LCJ0ZndfdXNlX3Byb2ZpbGVfaW1hZ2Vfc2hhcGVfZW5hYmxlZCI6eyJidWNrZXQiOiJvbiIsInZlcnNpb24iOm51bGx9LCJ0ZndfdmlkZW9faGxzX2R5bmFtaWNfbWFuaWZlc3RzXzE1MDgyIjp7ImJ1Y2tldCI6InRydWVfYml0cmF0ZSIsInZlcnNpb24iOm51bGx9LCJ0ZndfbGVnYWN5X3RpbWVsaW5lX3N1bnNldCI6eyJidWNrZXQiOnRydWUsInZlcnNpb24iOm51bGx9LCJ0ZndfdHdlZXRfZWRpdF9mcm9udGVuZCI6eyJidWNrZXQiOiJvbiIsInZlcnNpb24iOm51bGx9fQ%3D%3D&amp;frame=false&amp;hideCard=false&amp;hideThread=false&amp;id=1269382518362509313&amp;lang=cs&amp;origin=https%3A%2F%2Freport24.news%2Fhexen-sind-immer-nur-die-anderen-das-boese-ist-eine-alltaegliche-realitaet-mitten-unter-uns%2F&amp;sessionId=6b5065c8803688fb33929300bf49642f5ac74fc5&amp;theme=light&amp;widgetsVersion=2615f7e52b7e0%3A1702314776716&amp;width=550px\" frameborder=\"0\" scrolling=\"no\" allowfullscreen=\"allowfullscreen\" data-tweet-id=\"1269382518362509313\" data-mce-fragment=\"1\"><\/iframe><\/div>\n<\/div>\n<\/figure>\n<p><span dir=\"auto\">Fascinuj\u00edc\u00ed p\u0159\u00edklad, nad kter\u00fdm by i ti nejp\u0159\u00edsn\u011bj\u0161\u00ed inkvizito\u0159i kroutili hlavou: V \u010dervnu 2020 byla zrzav\u00e1 autorka fantasy J. K. Rowlingov\u00e1 online davem ozna\u010dena za \u201etransfobn\u00ed\u201c, proto\u017ee v\u011b\u0159\u00ed ve skute\u010dnou existenci \u017een. N\u011bkte\u0159\u00ed transgender fanou\u0161ci prohl\u00e1sili, \u017ee na protest ji\u017e nebudou \u010d\u00edst jej\u00ed knihy. V\u00fdznamn\u00ed aktivist\u00e9 za lidsk\u00e1 pr\u00e1va ve\u0159ejn\u011b vyj\u00e1d\u0159ili sv\u00e9 zklam\u00e1n\u00ed nad osobn\u00edmi n\u00e1zory Rowlingov\u00e9. Online \u00fatoky se nezastavily jen u ur\u00e1\u017eek \u2013 trollov\u00e9 j\u00ed dokonce vyhro\u017eovali smrt\u00ed. Pozoruhodn\u00e1 je nejen absurdita obvin\u011bn\u00ed, ale tak\u00e9 to, jak snadno lze \u010dlov\u011bka vylou\u010dit a pomluvit kliknut\u00edm my\u0161i.<\/span><\/p>\n<h3 id=\"h-ein-wiederkehrendes-muster\" class=\"wp-block-heading\"><span dir=\"auto\">Opakuj\u00edc\u00ed se vzorec<\/span><\/h3>\n<p><span dir=\"auto\">Obzvl\u00e1\u0161t\u011b v\u00fdbu\u0161n\u00e9: Ve jm\u00e9nu boje proti \u201enen\u00e1visti a podn\u011bcov\u00e1n\u00ed\u201c se objevuj\u00ed nov\u00e9 formy nen\u00e1visti. Online f\u00f3ra a soci\u00e1ln\u00ed s\u00edt\u011b, kter\u00e9 propaguj\u00ed toleranci, se m\u011bn\u00ed v ar\u00e9ny nespoutan\u00e9 agrese. Stereotypy nep\u0159\u00e1tel, kter\u00e9 tam m\u00e9dia \u0161\u00ed\u0159\u00ed, maj\u00ed skute\u010dn\u00e9 d\u016fsledky \u2013 jako v zdokumentovan\u00fdch p\u0159\u00edpadech u\u010ditel\u016f, l\u00e9ka\u0159\u016f a soudc\u016f skeptick\u00fdch v\u016f\u010di o\u010dkov\u00e1n\u00ed. P\u0159i\u0161li o pr\u00e1ci, proto\u017ee zpochyb\u0148ovali politicky \u017e\u00e1douc\u00ed narativ.<\/span><\/p>\n<p><span dir=\"auto\">A\u0165 u\u017e jde o \u010darod\u011bjnick\u00e9 procesy nebo \u0161\u00edlen\u00e9 bou\u0159e \u2013 vzorec je stejn\u00fd. Nejde prim\u00e1rn\u011b o mor\u00e1ln\u00ed \u201ep\u0159estupek\u201c jednotlivce, ale o uklid\u0148ov\u00e1n\u00ed neklidn\u00e9 komunity. V j\u00e1dru jde o moc a kontrolu nad ve\u0159ejn\u00fdm m\u00edn\u011bn\u00edm. Spole\u010dnosti vl\u00e1dne ten, kdo ur\u010duje, kdo je pova\u017eov\u00e1n za sou\u010d\u00e1st komunity a kdo by m\u011bl b\u00fdt vylou\u010den. Moc mas je z\u00e1m\u011brn\u011b vyu\u017e\u00edv\u00e1na k vytv\u00e1\u0159en\u00ed a kultivaci obraz\u016f soci\u00e1ln\u00edho nep\u0159\u00edtele. V tomto sv\u011btle d\u00e9monizace vypov\u00eddaj\u00ed m\u00e9n\u011b o \u00fadajn\u00fdch \u201e\u010darod\u011bjnic\u00edch\u201c, \u201epoliticky nekorektn\u00edch\u201c nebo \u201ekonspira\u010dn\u00edch teoretic\u00edch\u201c ne\u017e o obav\u00e1ch a z\u00e1jmech t\u011bch, kte\u0159\u00ed tyto obrazy vytv\u00e1\u0159ej\u00ed.<\/span><\/p>\n<p><span dir=\"auto\">Historie n\u00e1s u\u010d\u00ed, \u017ee mechanismy hled\u00e1n\u00ed ob\u011btn\u00edch ber\u00e1nk\u016f konflikty ne\u0159e\u0161\u00ed \u2013 sp\u00ed\u0161e je vytv\u00e1\u0159ej\u00ed. T\u00edm mohou zp\u016fsobit obrovsk\u00e9 a nenapraviteln\u00e9 \u0161kody. Ot\u00e1zkou nen\u00ed, zda takov\u00e9 mechanismy dok\u00e1\u017eeme n\u011bkdy zcela p\u0159ekonat, proto\u017ee jsou v\u00fdsledkem masov\u00e9ho \u0161\u00edlenstv\u00ed \u2013 z\u00e1kladn\u00edho jevu, kter\u00fd se neust\u00e1le opakuje v nov\u00fdch podob\u00e1ch. Kl\u00ed\u010dov\u00e1 ot\u00e1zka sp\u00ed\u0161e zn\u00ed: Dovolujeme si b\u00fdt natolik zaslepeni, \u017ee se sami st\u00e1v\u00e1me sou\u010d\u00e1st\u00ed rozzloben\u00e9 masy?<\/span><\/p>\n<p><a href=\"https:\/\/report24.news\/hexen-sind-immer-nur-die-anderen-das-boese-ist-eine-alltaegliche-realitaet-mitten-unter-uns\/\">Report24<\/a><\/p>\n<p><img decoding=\"async\" loading=\"lazy\" class=\"wp-image-86927 aligncenter\" src=\"http:\/\/www.infokuryr.cz\/n\/wp-content\/uploads\/2025\/09\/letak-volby-2025-konference-3-212x300.png\" alt=\"\" width=\"832\" height=\"1177\" srcset=\"https:\/\/www.infokuryr.cz\/n\/wp-content\/uploads\/2025\/09\/letak-volby-2025-konference-3-212x300.png 212w, https:\/\/www.infokuryr.cz\/n\/wp-content\/uploads\/2025\/09\/letak-volby-2025-konference-3-724x1024.png 724w, https:\/\/www.infokuryr.cz\/n\/wp-content\/uploads\/2025\/09\/letak-volby-2025-konference-3-768x1086.png 768w, https:\/\/www.infokuryr.cz\/n\/wp-content\/uploads\/2025\/09\/letak-volby-2025-konference-3-1086x1536.png 1086w, https:\/\/www.infokuryr.cz\/n\/wp-content\/uploads\/2025\/09\/letak-volby-2025-konference-3-1448x2048.png 1448w, https:\/\/www.infokuryr.cz\/n\/wp-content\/uploads\/2025\/09\/letak-volby-2025-konference-3-1024x1448.png 1024w\" sizes=\"(max-width: 832px) 100vw, 832px\" \/><\/p>\n","protected":false},"excerpt":{"rendered":"<p>A\u017e do osv\u00edcenstv\u00ed byly \u017eeny v Evrop\u011b odsuzov\u00e1ny a popravov\u00e1ny jako \u201e\u010darod\u011bjnice\u201c. Tyto doby jsou&#8230;<\/p>\n","protected":false},"author":2,"featured_media":79272,"comment_status":"closed","ping_status":"closed","sticky":false,"template":"","format":"standard","meta":[],"categories":[7],"tags":[9785,1503,4815,2385],"_links":{"self":[{"href":"https:\/\/www.infokuryr.cz\/n\/wp-json\/wp\/v2\/posts\/88221"}],"collection":[{"href":"https:\/\/www.infokuryr.cz\/n\/wp-json\/wp\/v2\/posts"}],"about":[{"href":"https:\/\/www.infokuryr.cz\/n\/wp-json\/wp\/v2\/types\/post"}],"author":[{"embeddable":true,"href":"https:\/\/www.infokuryr.cz\/n\/wp-json\/wp\/v2\/users\/2"}],"replies":[{"embeddable":true,"href":"https:\/\/www.infokuryr.cz\/n\/wp-json\/wp\/v2\/comments?post=88221"}],"version-history":[{"count":1,"href":"https:\/\/www.infokuryr.cz\/n\/wp-json\/wp\/v2\/posts\/88221\/revisions"}],"predecessor-version":[{"id":88222,"href":"https:\/\/www.infokuryr.cz\/n\/wp-json\/wp\/v2\/posts\/88221\/revisions\/88222"}],"wp:featuredmedia":[{"embeddable":true,"href":"https:\/\/www.infokuryr.cz\/n\/wp-json\/wp\/v2\/media\/79272"}],"wp:attachment":[{"href":"https:\/\/www.infokuryr.cz\/n\/wp-json\/wp\/v2\/media?parent=88221"}],"wp:term":[{"taxonomy":"category","embeddable":true,"href":"https:\/\/www.infokuryr.cz\/n\/wp-json\/wp\/v2\/categories?post=88221"},{"taxonomy":"post_tag","embeddable":true,"href":"https:\/\/www.infokuryr.cz\/n\/wp-json\/wp\/v2\/tags?post=88221"}],"curies":[{"name":"wp","href":"https:\/\/api.w.org\/{rel}","templated":true}]}}