{"id":88219,"date":"2025-09-21T00:15:24","date_gmt":"2025-09-20T22:15:24","guid":{"rendered":"https:\/\/www.infokuryr.cz\/n\/?p=88219"},"modified":"2025-09-20T09:11:26","modified_gmt":"2025-09-20T07:11:26","slug":"vysetrovani-izraelske-sily-zabily-temer-3-000-lidi-hledajicich-pomoc-v-gaze","status":"publish","type":"post","link":"https:\/\/www.infokuryr.cz\/n\/2025\/09\/21\/vysetrovani-izraelske-sily-zabily-temer-3-000-lidi-hledajicich-pomoc-v-gaze\/","title":{"rendered":"Vy\u0161et\u0159ov\u00e1n\u00ed: Izraelsk\u00e9 s\u00edly zabily t\u00e9m\u011b\u0159 3 000 lid\u00ed hledaj\u00edc\u00edch pomoc v Gaze"},"content":{"rendered":"<div id=\"fb-root\"><\/div>\n<div class=\"elementor-element elementor-element-1fb4c2c elementor-widget elementor-widget-theme-post-content\" data-id=\"1fb4c2c\" data-element_type=\"widget\" data-widget_type=\"theme-post-content.default\">\n<div class=\"elementor-widget-container\">\n<p><strong><span dir=\"auto\">\u201eTyto opakovan\u00e9 \u00fatoky p\u0159edstavuj\u00ed z\u00e1va\u017en\u00e9 poru\u0161en\u00ed mezin\u00e1rodn\u00edho humanit\u00e1rn\u00edho pr\u00e1va a pravd\u011bpodobn\u011b se rovnaj\u00ed v\u00e1le\u010dn\u00fdm zlo\u010din\u016fm, zlo\u010din\u016fm proti lidskosti a genocid\u011b.\u201c<\/span><\/strong><\/p>\n<p><a href=\"https:\/\/www.thenewhumanitarian.org\/news\/2025\/09\/18\/israel-forces-gaza-aid-seekers-killed\" target=\"_blank\" rel=\"noreferrer noopener\"><span dir=\"auto\">Vy\u0161et\u0159ov\u00e1n\u00ed<\/span><\/a><span dir=\"auto\">\u00a0zve\u0159ejn\u011bn\u00e9 ve st\u0159edu den\u00edkem\u00a0<a href=\"https:\/\/www.thenewhumanitarian.org\/news\/2025\/09\/18\/israel-forces-gaza-aid-seekers-killed\" target=\"_blank\" rel=\"noreferrer noopener\"><em>The New Humanitarian<\/em><\/a>\u00a0zjistilo, \u017ee izraelsk\u00e9 s\u00edly za posledn\u00edch 23 m\u011bs\u00edc\u016f\u00a0<\/span><strong><span dir=\"auto\">zabily t\u00e9m\u011b\u0159 3 000 palestinsk\u00fdch \u017eadatel\u016f o pomoc<\/span><\/strong><span dir=\"auto\">\u00a0a\u00a0<\/span><strong><span dir=\"auto\">zranily t\u00e9m\u011b\u0159 20 000 dal\u0161\u00edch<\/span><\/strong><span dir=\"auto\">\u00a0. Tyto \u010diny jsou sou\u010d\u00e1st\u00ed toho, co USA podporovan\u00e9 \u00fatoky na p\u00e1smo Gazy ozna\u010duj\u00ed za \u201egenocidn\u00ed vyhlazen\u00ed\u201c.<\/span><\/p>\n<p><span dir=\"auto\">Vy\u0161et\u0159ov\u00e1n\u00ed chronologicky dokumentuje zabit\u00ed\u00a0<\/span><strong><span dir=\"auto\">2 957 Palestinc\u016f<\/span><\/strong><span dir=\"auto\">\u00a0a zran\u011bn\u00ed\u00a0<\/span><strong><span dir=\"auto\">19 866<\/span><\/strong><span dir=\"auto\">\u00a0lid\u00ed.<\/span><\/p>\n<h2 class=\"wp-block-heading\"><span dir=\"auto\">Systematick\u00e9 \u00fatoky na ty, kte\u0159\u00ed hledaj\u00ed pomoc<\/span><\/h2>\n<p><span dir=\"auto\">Mezi ob\u011b\u0165mi je t\u00e9m\u011b\u0159\u00a0<\/span><strong><span dir=\"auto\">1 000 Palestinc\u016f<\/span><\/strong><span dir=\"auto\">\u00a0, kte\u0159\u00ed byli podle\u00a0<\/span><a href=\"https:\/\/news.un.org\/en\/story\/2025\/07\/1152011\" target=\"_blank\" rel=\"noreferrer noopener\"><span dir=\"auto\">\u00fa\u0159edn\u00edk\u016f OSN pro lidsk\u00e1 pr\u00e1va<\/span><\/a><span dir=\"auto\">\u00a0zabiti\u00a0v m\u00edstech, kde byla poskytnuta pomoc\u00a0<\/span><em><span dir=\"auto\">Nadace pro humanit\u00e1rn\u00ed pomoc v Gaze (GHF), nebo v jejich bl\u00edzkosti. Izrael\u0161t\u00ed voj\u00e1ci p\u0159iznali,\u00a0<\/span><\/em><strong><span dir=\"auto\">\u017ee dostali rozkazy<\/span><\/strong><span dir=\"auto\">\u00a0st\u0159\u00edlet ostrou munic\u00ed a d\u011blost\u0159electvem na civilisty v distribu\u010dn\u00edch bodech GHF.<\/span><\/p>\n<div class=\"twitter-tweet twitter-tweet-rendered\"><iframe id=\"twitter-widget-0\" class=\"\" title=\"X Post\" src=\"https:\/\/platform.twitter.com\/embed\/Tweet.html?dnt=false&amp;embedId=twitter-widget-0&amp;features=eyJ0ZndfdGltZWxpbmVfbGlzdCI6eyJidWNrZXQiOltdLCJ2ZXJzaW9uIjpudWxsfSwidGZ3X2ZvbGxvd2VyX2NvdW50X3N1bnNldCI6eyJidWNrZXQiOnRydWUsInZlcnNpb24iOm51bGx9LCJ0ZndfdHdlZXRfZWRpdF9iYWNrZW5kIjp7ImJ1Y2tldCI6Im9uIiwidmVyc2lvbiI6bnVsbH0sInRmd19yZWZzcmNfc2Vzc2lvbiI6eyJidWNrZXQiOiJvbiIsInZlcnNpb24iOm51bGx9LCJ0ZndfZm9zbnJfc29mdF9pbnRlcnZlbnRpb25zX2VuYWJsZWQiOnsiYnVja2V0Ijoib24iLCJ2ZXJzaW9uIjpudWxsfSwidGZ3X21peGVkX21lZGlhXzE1ODk3Ijp7ImJ1Y2tldCI6InRyZWF0bWVudCIsInZlcnNpb24iOm51bGx9LCJ0ZndfZXhwZXJpbWVudHNfY29va2llX2V4cGlyYXRpb24iOnsiYnVja2V0IjoxMjA5NjAwLCJ2ZXJzaW9uIjpudWxsfSwidGZ3X3Nob3dfYmlyZHdhdGNoX3Bpdm90c19lbmFibGVkIjp7ImJ1Y2tldCI6Im9uIiwidmVyc2lvbiI6bnVsbH0sInRmd19kdXBsaWNhdGVfc2NyaWJlc190b19zZXR0aW5ncyI6eyJidWNrZXQiOiJvbiIsInZlcnNpb24iOm51bGx9LCJ0ZndfdXNlX3Byb2ZpbGVfaW1hZ2Vfc2hhcGVfZW5hYmxlZCI6eyJidWNrZXQiOiJvbiIsInZlcnNpb24iOm51bGx9LCJ0ZndfdmlkZW9faGxzX2R5bmFtaWNfbWFuaWZlc3RzXzE1MDgyIjp7ImJ1Y2tldCI6InRydWVfYml0cmF0ZSIsInZlcnNpb24iOm51bGx9LCJ0ZndfbGVnYWN5X3RpbWVsaW5lX3N1bnNldCI6eyJidWNrZXQiOnRydWUsInZlcnNpb24iOm51bGx9LCJ0ZndfdHdlZXRfZWRpdF9mcm9udGVuZCI6eyJidWNrZXQiOiJvbiIsInZlcnNpb24iOm51bGx9fQ%3D%3D&amp;frame=false&amp;hideCard=false&amp;hideThread=false&amp;id=1967915491273416777&amp;lang=cs&amp;origin=https%3A%2F%2Funcutnews.ch%2Funtersuchung-fast-3-000-hilfesuchende-in-gaza-von-israelischen-streitkraeften-getoetet%2F&amp;sessionId=9de4a40536584f6a1c26258d73d2afc342c2865e&amp;theme=light&amp;widgetsVersion=2615f7e52b7e0%3A1702314776716&amp;width=550px\" frameborder=\"0\" scrolling=\"no\" allowfullscreen=\"allowfullscreen\" data-tweet-id=\"1967915491273416777\" data-mce-fragment=\"1\"><\/iframe><\/div>\n<p><span dir=\"auto\">Podle\u00a0<\/span><em><span dir=\"auto\">den\u00edku The New Humanitarian<\/span><\/em><span dir=\"auto\">\u00a0tyto \u00fatoky p\u0159edstavuj\u00ed p\u0159ibli\u017en\u011b\u00a0<\/span><strong><span dir=\"auto\">4,6 % z v\u00edce ne\u017e 65 000 Palestinc\u016f<\/span><\/strong><span dir=\"auto\">\u00a0\u2013 v\u011bt\u0161inou \u017een a d\u011bt\u00ed \u2013 kte\u0159\u00ed zem\u0159eli od za\u010d\u00e1tku izraelsk\u00e9 ofenzivy, uv\u00e1d\u00ed\u00a0<\/span><a href=\"https:\/\/english.almayadeen.net\/news\/politics\/gaza-health-ministry--death-toll-in-israeli-war-on-gaza-exce\"><span dir=\"auto\">ministerstvo zdravotnictv\u00ed v Gaze<\/span><\/a><span dir=\"auto\">\u00a0. Odborn\u00edci se domn\u00edvaj\u00ed, \u017ee skute\u010dn\u00fd po\u010det je mnohem vy\u0161\u0161\u00ed.<\/span><\/p>\n<p><span dir=\"auto\">\u201eNejedn\u00e1 se o ojedin\u011bl\u00e9 incidenty. Sleduj\u00ed ur\u010dit\u00fd vzorec a odr\u00e1\u017eej\u00ed st\u00e1tn\u00ed politiku, kter\u00e1 z\u0159ejm\u011b m\u00e1 pokra\u010dovat donekone\u010dna,\u201c \u0159ekl\u00a0<em>den\u00edku The New Humanitarian\u00a0<\/em><\/span><strong><span dir=\"auto\">Adil Haque<\/span><\/strong><span dir=\"auto\">\u00a0, profesor mezin\u00e1rodn\u00edho pr\u00e1va na Rutgersov\u011b univerzit\u011b v New Jersey\u00a0.<\/span><\/p>\n<h2 class=\"wp-block-heading\"><span dir=\"auto\">\u201eZ\u00e1va\u017en\u00e1 poru\u0161en\u00ed\u201c mezin\u00e1rodn\u00edho pr\u00e1va<\/span><\/h2>\n<p><span dir=\"auto\">Haque a dal\u0161\u00ed pr\u00e1vn\u00ed experti, kte\u0159\u00ed byli v r\u00e1mci vy\u0161et\u0159ov\u00e1n\u00ed dotazov\u00e1ni, popsali \u00fatoky na \u017eadatele o pomoc jako\u00a0<\/span><strong><span dir=\"auto\">\u201ez\u00e1va\u017en\u00e1 poru\u0161en\u00ed mezin\u00e1rodn\u00edho humanit\u00e1rn\u00edho pr\u00e1va\u201c,<\/span><\/strong><span dir=\"auto\">\u00a0kter\u00e1 pravd\u011bpodobn\u011b\u00a0p\u0159edstavuj\u00ed\u00a0<\/span><strong><span dir=\"auto\">v\u00e1le\u010dn\u00e9 zlo\u010diny, zlo\u010diny proti lidskosti a genocidu .<\/span><\/strong><\/p>\n<p><span dir=\"auto\">Izrael je v sou\u010dasn\u00e9 dob\u011b p\u0159edm\u011btem\u00a0<\/span><strong><span dir=\"auto\">\u0159\u00edzen\u00ed o genocid\u011b, kter\u00e9 Jihoafrick\u00e1 republika zah\u00e1jila u Mezin\u00e1rodn\u00edho soudn\u00edho dvora (ICJ) v Haagu<\/span><\/strong><span dir=\"auto\">\u00a0.\u00a0<\/span><a href=\"https:\/\/www.icc-cpi.int\/news\/icc-issues-arrest-warrants-netanyahu-and-gallant-over-gaza-war-crimes\" target=\"_blank\" rel=\"noreferrer noopener\"><span dir=\"auto\">Mezin\u00e1rodn\u00ed trestn\u00ed soud (ICC)<\/span><\/a><span dir=\"auto\">\u00a0nav\u00edc loni vydal zatyka\u010de na izraelsk\u00e9ho premi\u00e9ra\u00a0<\/span><strong><span dir=\"auto\">Benjamina Netanjahua<\/span><\/strong><span dir=\"auto\">\u00a0a jeho tehdej\u0161\u00edho ministra obrany\u00a0<\/span><strong><span dir=\"auto\">Joava Gallanta<\/span><\/strong><span dir=\"auto\">\u00a0za \u00fadajn\u00e9 v\u00e1le\u010dn\u00e9 zlo\u010diny a zlo\u010diny proti lidskosti, v\u010detn\u011b vra\u017ed a nucen\u00e9ho hladov\u011bn\u00ed.<\/span><\/p>\n<h2 class=\"wp-block-heading\"><span dir=\"auto\">\u00datoky jako prost\u0159edek veden\u00ed v\u00e1lky<\/span><\/h2>\n<p><span dir=\"auto\">Vy\u0161et\u0159ov\u00e1n\u00ed organizace The\u00a0<\/span><em><span dir=\"auto\">New Humanitarian<\/span><\/em><span dir=\"auto\">\u00a0odhalilo \u201ejasn\u00e9 vzorce\u201c, jak Izrael zneu\u017e\u00edv\u00e1 \u00fatoky na osoby \u017eadatele o pomoc k r\u016fzn\u00fdm \u00fa\u010del\u016fm:<\/span><\/p>\n<ul>\n<li><strong><span dir=\"auto\">Smrt\u00edc\u00ed kontrola davu<\/span><\/strong><span dir=\"auto\">\u00a0,<\/span><\/li>\n<li><strong><span dir=\"auto\">Nucen\u00e9 vys\u00eddlen\u00ed<\/span><\/strong><span dir=\"auto\">\u00a0,<\/span><\/li>\n<li><strong><span dir=\"auto\">Zni\u010den\u00ed kolektivn\u00ed \u017eivotaschopnosti palestinsk\u00e9ho obyvatelstva v Gaze<\/span><\/strong><span dir=\"auto\">\u00a0.<\/span><\/li>\n<\/ul>\n<p><span dir=\"auto\">Haque zd\u016fraznil, \u017ee\u00a0<\/span><strong><span dir=\"auto\">pokra\u010duj\u00edc\u00ed tolerance takov\u00fdch \u010din\u016f ze strany izraelsk\u00e9ho politick\u00e9ho veden\u00ed<\/span><\/strong><span dir=\"auto\">\u00a0nazna\u010duje, \u017ee tyto \u00fatoky nejsou n\u00e1hodn\u00e9, ale \u00famysln\u00e9:<\/span><br \/>\n<span dir=\"auto\">\u201eKdyby izraelsk\u00e9 veden\u00ed bylo pouze lhostejn\u00e9, mezin\u00e1rodn\u00ed odsouzen\u00ed a hrozba odpov\u011bdnosti za v\u00e1le\u010dn\u00e9 zlo\u010diny by m\u011bly sta\u010dit k vynucen\u00ed zm\u011bny kurzu. Skute\u010dnost, \u017ee tyto n\u00e1klady jsou v\u011bdom\u011b akceptov\u00e1ny, nazna\u010duje, \u017ee toto zab\u00edjen\u00ed m\u00e1 pokra\u010dovat.\u201c<\/span><\/p>\n<h2 class=\"wp-block-heading\"><span dir=\"auto\">Kontext: Nov\u00e1 f\u00e1ze v\u00e1lky<\/span><\/h2>\n<p><span dir=\"auto\">Tato odhalen\u00ed p\u0159ich\u00e1zej\u00ed v dob\u011b, kdy Izrael\u00a0zintenziv\u0148uje svou ofenzivu na m\u011bsto Gaza v r\u00e1mci\u00a0<\/span><strong><span dir=\"auto\">operace Gideon&#8217;s Chariots 2 \u2013 vojensk\u00e9 operace zam\u011b\u0159en\u00e9 na\u00a0<\/span><\/strong><strong><span dir=\"auto\">dobyt\u00ed, okupaci a etnick\u00e9 \u010distky<\/span><\/strong><span dir=\"auto\">\u00a0.<\/span><\/p>\n<p><span dir=\"auto\">Izrael\u0161t\u00ed v\u016fdci otev\u0159en\u011b podpo\u0159ili pl\u00e1n podporovan\u00fd americk\u00fdm prezidentem\u00a0<\/span><strong><span dir=\"auto\">Donaldem Trumpem<\/span><\/strong><span dir=\"auto\">\u00a0na vyhn\u00e1n\u00ed palestinsk\u00e9ho obyvatelstva z Gazy a\u00a0p\u0159em\u011bnu pob\u0159e\u017en\u00edho p\u00e1su na \u201e\u00a0<\/span><strong><span dir=\"auto\">Rivi\u00e9ru Bl\u00edzk\u00e9ho v\u00fdchodu \u201c.<\/span><\/strong><\/p>\n<p><span dir=\"auto\">Brett Wilkins<\/span><\/p>\n<\/div>\n<\/div>\n<div class=\"elementor-element elementor-element-8c57238 quelle dc-has-condition dc-condition-empty elementor-widget elementor-widget-heading\" data-id=\"8c57238\" data-element_type=\"widget\" data-widget_type=\"heading.default\">\n<div class=\"elementor-widget-container\">\n<h3 class=\"elementor-heading-title elementor-size-default\"><span style=\"font-size: 10pt;\"><a href=\"https:\/\/www.antiwar.com\/blog\/2025\/09\/18\/probe-reveals-nearly-3000-gaza-aid-seekers-killed-by-israeli-forces\/\" target=\"_blank\" rel=\"nofollow noopener\"><span dir=\"auto\">Zdroj<\/span><\/a><\/span><\/h3>\n<p><img decoding=\"async\" loading=\"lazy\" class=\"wp-image-86927 aligncenter\" src=\"http:\/\/www.infokuryr.cz\/n\/wp-content\/uploads\/2025\/09\/letak-volby-2025-konference-3-212x300.png\" alt=\"\" width=\"828\" height=\"1172\" srcset=\"https:\/\/www.infokuryr.cz\/n\/wp-content\/uploads\/2025\/09\/letak-volby-2025-konference-3-212x300.png 212w, https:\/\/www.infokuryr.cz\/n\/wp-content\/uploads\/2025\/09\/letak-volby-2025-konference-3-724x1024.png 724w, https:\/\/www.infokuryr.cz\/n\/wp-content\/uploads\/2025\/09\/letak-volby-2025-konference-3-768x1086.png 768w, https:\/\/www.infokuryr.cz\/n\/wp-content\/uploads\/2025\/09\/letak-volby-2025-konference-3-1086x1536.png 1086w, https:\/\/www.infokuryr.cz\/n\/wp-content\/uploads\/2025\/09\/letak-volby-2025-konference-3-1448x2048.png 1448w, https:\/\/www.infokuryr.cz\/n\/wp-content\/uploads\/2025\/09\/letak-volby-2025-konference-3-1024x1448.png 1024w\" sizes=\"(max-width: 828px) 100vw, 828px\" \/><\/p>\n<\/div>\n<\/div>\n","protected":false},"excerpt":{"rendered":"<p>\u201eTyto opakovan\u00e9 \u00fatoky p\u0159edstavuj\u00ed z\u00e1va\u017en\u00e9 poru\u0161en\u00ed mezin\u00e1rodn\u00edho humanit\u00e1rn\u00edho pr\u00e1va a pravd\u011bpodobn\u011b se rovnaj\u00ed v\u00e1le\u010dn\u00fdm zlo\u010din\u016fm,&#8230;<\/p>\n","protected":false},"author":2,"featured_media":88220,"comment_status":"closed","ping_status":"closed","sticky":false,"template":"","format":"standard","meta":[],"categories":[7],"tags":[178,107,313],"_links":{"self":[{"href":"https:\/\/www.infokuryr.cz\/n\/wp-json\/wp\/v2\/posts\/88219"}],"collection":[{"href":"https:\/\/www.infokuryr.cz\/n\/wp-json\/wp\/v2\/posts"}],"about":[{"href":"https:\/\/www.infokuryr.cz\/n\/wp-json\/wp\/v2\/types\/post"}],"author":[{"embeddable":true,"href":"https:\/\/www.infokuryr.cz\/n\/wp-json\/wp\/v2\/users\/2"}],"replies":[{"embeddable":true,"href":"https:\/\/www.infokuryr.cz\/n\/wp-json\/wp\/v2\/comments?post=88219"}],"version-history":[{"count":0,"href":"https:\/\/www.infokuryr.cz\/n\/wp-json\/wp\/v2\/posts\/88219\/revisions"}],"wp:featuredmedia":[{"embeddable":true,"href":"https:\/\/www.infokuryr.cz\/n\/wp-json\/wp\/v2\/media\/88220"}],"wp:attachment":[{"href":"https:\/\/www.infokuryr.cz\/n\/wp-json\/wp\/v2\/media?parent=88219"}],"wp:term":[{"taxonomy":"category","embeddable":true,"href":"https:\/\/www.infokuryr.cz\/n\/wp-json\/wp\/v2\/categories?post=88219"},{"taxonomy":"post_tag","embeddable":true,"href":"https:\/\/www.infokuryr.cz\/n\/wp-json\/wp\/v2\/tags?post=88219"}],"curies":[{"name":"wp","href":"https:\/\/api.w.org\/{rel}","templated":true}]}}