{"id":88194,"date":"2025-09-20T04:11:20","date_gmt":"2025-09-20T02:11:20","guid":{"rendered":"https:\/\/www.infokuryr.cz\/n\/?p=88194"},"modified":"2025-09-20T04:11:20","modified_gmt":"2025-09-20T02:11:20","slug":"philip-giraldi-dalsi-nepokoje-ve-washingtonu","status":"publish","type":"post","link":"https:\/\/www.infokuryr.cz\/n\/2025\/09\/20\/philip-giraldi-dalsi-nepokoje-ve-washingtonu\/","title":{"rendered":"Philip Giraldi: Dal\u0161\u00ed nepokoje ve Washingtonu"},"content":{"rendered":"<div id=\"fb-root\"><\/div>\n<h3>\u0160\u00edlen\u00e9 aktivity na udr\u017een\u00ed vl\u00e1dy, kter\u00e1 ztr\u00e1c\u00ed kontrolu<\/h3>\n<p><strong>Ve Washingtonu a jeho okol\u00ed to byl dal\u0161\u00ed vzru\u0161uj\u00edc\u00ed t\u00fdden. Vra\u017eda Charlieho Kirka vyvolala spekulace, kter\u00e9 vedly k tomu, \u017ee se v\u0161ichni bl\u00e1zni a nen\u00e1vistn\u00edci vyno\u0159ili ze sv\u00fdch \u00fakryt\u016f. Mezi nimi samoz\u0159ejm\u011b nechyb\u011bli ani hlup\u00e1ci, kte\u0159\u00ed tvo\u0159\u00ed kabinet Donalda Trumpa. Od Kirkova \u00famrt\u00ed republik\u00e1n\u0161t\u00ed konzervativci\u00a0<a href=\"https:\/\/time.com\/7316315\/republicans-far-right-reacts-charlie-kirk-death-blame-left-crackdown\/\" target=\"_blank\" rel=\"external noopener\">vyz\u00fdvaj\u00ed<\/a>\u00a0k tvrd\u00e9mu postupu proti levici, a\u010dkoli nen\u00ed v\u016fbec jasn\u00e9, zda se na vra\u017ed\u011b pod\u00edlela n\u011bjak\u00e1 identifikovateln\u00e1 levicov\u00e1 skupina.<\/strong><\/p>\n<p>Pravd\u011bpodobn\u011bj\u0161\u00ed je mo\u017en\u00e1 domn\u011bnka, \u017ee Kirka mohl zab\u00edt Izrael, kter\u00fd m\u011bl jak motiv, tak prost\u0159edky k proveden\u00ed atent\u00e1tu. Izrael m\u00e1 tak\u00e9 mezin\u00e1rodn\u00ed pov\u011bst v oblasti politick\u00fdch atent\u00e1t\u016f, kter\u00e1 nem\u00e1 obdoby, proto\u017ee Spojen\u00e9 st\u00e1ty mu v\u017edy poskytuj\u00ed politick\u00e9 kryt\u00ed, kdy\u017e n\u011bkoho zabije. To byl ned\u00e1vno p\u0159\u00edpad v Libanonu, S\u00fdrii, Jemenu, \u00cdr\u00e1nu a Kataru. Okam\u017eit\u00e9 \u017evan\u011bn\u00ed izraelsk\u00e9ho premi\u00e9ra Benjamina Netanjahua, kter\u00fd popisoval, jak moc Kirka miloval, je samo o sob\u011b velmi podez\u0159el\u00e9, proto\u017ee je jasn\u00e9, \u017ee Izraelci a jejich p\u0159\u00e1tel\u00e9 v USA byli s Kirkem v rozporu kv\u016fli jeho obav\u00e1m o kontrolu \u017eidovsk\u00e9ho st\u00e1tu nad Trumpem a politikou USA.<\/p>\n<p>A nikdo dosud uspokojiv\u011b nevysv\u011btlil\u00a0<a href=\"https:\/\/greeknewsondemand.com\/2025\/09\/12\/fake-charlie-kirk-shooting-charlie-scuttled-off-with-private-jet-after-finishing-serving-faithfully-his-jewish-paymasters-evidence\/\" target=\"_blank\" rel=\"external noopener\">tajemn\u00fd odlet<\/a>\u00a0z nedalek\u00e9ho leti\u0161t\u011b soukrom\u00fdm letadlem, jeho\u017e syst\u00e9m automatick\u00e9ho z\u00e1visl\u00e9ho sledov\u00e1n\u00ed (ADS-B), kter\u00fd poskytuje informace o poloze letadla a \u0159\u00edzen\u00ed letov\u00e9ho provozu, byl \u00famysln\u011b vypnut. Letadlo vlastn\u00ed Derek Maxfield, bohat\u00fd \u017eidovsk\u00fd podnikatel a podporovatel m\u00edstn\u00ed organizace Chabad Lubavich Utah. Lze p\u0159edpokl\u00e1dat, \u017ee skute\u010dn\u00fd vrah byl z m\u00edsta \u010dinu odvezen letecky. Na m\u00edst\u011b vra\u017edy do\u0161lo ve skute\u010dnosti k pon\u011bkud bizarn\u00edmu rozpt\u00fdlen\u00ed, kdy\u017e jist\u00fd George Zinn, kter\u00fd byl n\u011bkter\u00fdmi zdroji identifikov\u00e1n jako \u017did a jin\u00fdmi jako mormon-sionista, fale\u0161n\u011b vyk\u0159ikl, \u017ee on je st\u0159elec. Jeho v\u00fdbuch naru\u0161il jak\u00e9koli policejn\u00ed vy\u0161et\u0159ov\u00e1n\u00ed, kter\u00e9 prob\u00edhalo, a mohl umo\u017enit skute\u010dn\u00e9mu vrahovi uprchnout. Existuje tak\u00e9 t\u011b\u017eko vysv\u011btliteln\u00e9 z\u00e1znamov\u00e9 video, kter\u00e9 zpochyb\u0148uje m\u00edsto a stav pu\u0161ky \u00fadajn\u011b pou\u017eit\u00e9 p\u0159i vra\u017ed\u011b, kdy\u017e byl podez\u0159el\u00fd, kter\u00fd byl zat\u010den, pravd\u011bpodobn\u011b na \u00fat\u011bku. Jist\u00e9 je, \u017ee pokud vy\u0161et\u0159ov\u00e1n\u00ed skute\u010dn\u011b prok\u00e1\u017ee zapojen\u00ed Izraele do vra\u017edy, dojde k organizovan\u00e9mu utajen\u00ed ze strany vl\u00e1dy, stejn\u011b jako tomu bylo v p\u0159\u00edpad\u011b izraelsk\u00e9ho \u00fatoku na USS Liberty v roce 1967, p\u0159i kter\u00e9m zahynulo 34 americk\u00fdch n\u00e1mo\u0159n\u00edk\u016f, stejn\u011b jako v p\u0159\u00edpad\u011b podez\u0159el\u00e9 vra\u017edy JFK a stejn\u011b sporn\u00e9 z\u00e1v\u011bre\u010dn\u00e9 zpr\u00e1vy vydan\u00e9 k ud\u00e1lostem z 11. z\u00e1\u0159\u00ed, do kter\u00fdch mohl b\u00fdt zapojen Izrael.<\/p>\n<p>Vzhledem k tomu, \u017ee nemaj\u00ed \u017e\u00e1dn\u00fd skute\u010dn\u00fd c\u00edl pro pomstu Kirkovi, ti, kte\u0159\u00ed maj\u00ed na starosti vl\u00e1dn\u00ed vy\u0161et\u0159ov\u00e1n\u00ed, ventiluj\u00ed sv\u016fj hn\u011bv proti obvykl\u00fdm c\u00edl\u016fm, mezi kter\u00e9 pat\u0159\u00ed prvn\u00ed dodatek zaru\u010duj\u00edc\u00ed svobodu projevu. \u0158ada zam\u011bstnanc\u016f, kte\u0159\u00ed ventilovali svou nelibost v\u016f\u010di Kirkovi kv\u016fli n\u011bkter\u00fdm jeho kontroverzn\u00edm postoj\u016fm, byla potrest\u00e1na. Moder\u00e1tor no\u010dn\u00ed talk show Jimmy Kimmel je snad\u00a0<a href=\"https:\/\/www.thenation.com\/article\/society\/jimmy-kimmel-suspended-trump-charlie-kirk-free-speech\/?custno=&amp;utm_source=Sailthru&amp;utm_medium=email&amp;utm_campaign=Daily%209.18.2025&amp;utm_term=daily\" target=\"_blank\" rel=\"external noopener\">nejv\u00fdznamn\u011bj\u0161\u00ed<\/a>\u00a0z rostouc\u00edho po\u010dtu lid\u00ed v USA,\u00a0<a href=\"https:\/\/time.com\/7316628\/charlie-kirk-death-celebrations-social-media-consequences-fired-immigrants-deport\/\" target=\"_blank\" rel=\"external noopener\">kte\u0159\u00ed byli propust\u011bni nebo potrest\u00e1ni na sv\u00fdch pracovi\u0161t\u00edch<\/a>\u00a0za koment\u00e1\u0159e pova\u017eovan\u00e9 za ur\u00e1\u017eliv\u00e9, kter\u00e9 popisovaly Kirkovu politiku. N\u011bkter\u00e9 z koment\u00e1\u0159\u016f, kter\u00e9 byly zve\u0159ejn\u011bny v m\u00e9di\u00edch, obsahovaly v\u00fdrazy, kter\u00e9 by mohly b\u00fdt pova\u017eov\u00e1ny za p\u0159ehnan\u00e9, ale jin\u00e9 se nezd\u00e1ly oslavovat nebo v\u00edtat Kirkovu smrt.<\/p>\n<p>Trumpovo ministerstvo zahrani\u010d\u00ed se tak\u00e9 zapojilo do hled\u00e1n\u00ed osob, kter\u00e9 by bylo mo\u017en\u00e9 potrestat, a prohl\u00e1silo, \u017ee identifikuje cizince, \u201ekte\u0159\u00ed na soci\u00e1ln\u00edch m\u00e9di\u00edch chv\u00e1l\u00ed, ospravedl\u0148uj\u00ed nebo zleh\u010duj\u00ed tuto ud\u00e1lost\u201c, a p\u0159ijme proti nim p\u0159\u00edslu\u0161n\u00e1 opat\u0159en\u00ed, jako je odm\u00edtnut\u00ed nebo zru\u0161en\u00ed v\u00edz a jejich deportace, pokud se ji\u017e nach\u00e1zej\u00ed v USA. A gener\u00e1ln\u00ed prokur\u00e1torka Pam Bondi tak\u00e9 pohrozila b\u011b\u017en\u00fdm americk\u00fdm ob\u010dan\u016fm, kte\u0159\u00ed zve\u0159ej\u0148uj\u00ed \u201enespr\u00e1vn\u00e9 v\u011bci\u201c na soci\u00e1ln\u00edch m\u00e9di\u00edch, \u017ee ministerstvo spravedlnosti bude\u00a0<a href=\"https:\/\/time.com\/7317709\/pam-bondi-free-speech-charlie-kirk\/\" target=\"_blank\" rel=\"external noopener\">st\u00edhat \u201enen\u00e1vistn\u00e9 projevy\u201c<\/a>. Bondi by si mo\u017en\u00e1 m\u011bla p\u0159e\u010d\u00edst prvn\u00ed dodatek \u00dastavy, kter\u00fd ona i v\u0161ichni Trumpovi stoupenci p\u0159\u00edsahali dodr\u017eovat a br\u00e1nit. Neobsahuje \u017e\u00e1dnou klauzuli o \u201enen\u00e1vistn\u00fdch projevech\u201c, kter\u00e1 by \u010dlov\u011bku odn\u00edmala pr\u00e1vo svobodn\u011b se vyjad\u0159ovat k jak\u00e9mukoli t\u00e9matu. Bondi je mo\u017en\u00e1 zmaten\u00e1 sv\u00fdm neust\u00e1l\u00fdm odvol\u00e1v\u00e1n\u00edm se na \u201eantisemitismus\u201c, kter\u00fd zahrnuje jakoukoli kritiku Izraele, jako na \u201enen\u00e1vistn\u00e9 projevy\u201c, proti nim\u017e je t\u0159eba bojovat a kriminalizovat je. Mo\u017en\u00e1 by se m\u011bla pod\u00edvat na mapu, kde by mohla zjistit, \u017ee Izrael nen\u00ed sou\u010d\u00e1st\u00ed Spojen\u00fdch st\u00e1t\u016f, i kdy\u017e Kongres a B\u00edl\u00fd d\u016fm jsou v t\u00e9to ot\u00e1zce n\u011bkdy zmaten\u00ed.<\/p>\n<p>Kdy\u017e u\u017e o tom mluv\u00edme, obvykl\u00e1 skupina zast\u00e1nc\u016f Izraele byla aktivn\u00ed na v\u0161ech front\u00e1ch ve snaze prezentovat pokra\u010duj\u00edc\u00ed izraelsk\u00e9 zab\u00edjen\u00ed Palestinc\u016f jako spr\u00e1vnou v\u011bc. Kongresman Brian Mast z Floridy, kter\u00fd slou\u017eil v izraelsk\u00e9 arm\u00e1d\u011b a kter\u00fd n\u011bkdy nos\u00ed uniformu, kdy\u017e je p\u0159\u00edtomen v budov\u011b Kongresu, p\u0159edlo\u017eil n\u00e1vrh z\u00e1kona, kter\u00fd by zmocnil ministra zahrani\u010d\u00ed k\u00a0<a href=\"https:\/\/theintercept.com\/2025\/09\/15\/marco-rubio-revoke-passports-brian-mast\/\" target=\"_blank\" rel=\"external noopener\">odebr\u00e1n\u00ed pas\u016f v\u0161em Ameri\u010dan\u016fm, o nich\u017e se rozhodne, \u017ee poskytli \u201emateri\u00e1ln\u00ed podporu\u201c<\/a>\u00a0terorist\u016fm. \u201eTeroristy\u201c jsou samoz\u0159ejm\u011b Hamas a dal\u0161\u00ed palestinsk\u00e9 odporov\u00e9 skupiny a n\u00e1vrh z\u00e1kona by znamenal, \u017ee komukoli, kdo na soci\u00e1ln\u00edch m\u00e9di\u00edch nap\u00ed\u0161e n\u011bco na obranu obyvatel Gazy, by mohl b\u00fdt odebr\u00e1n pas. Na\u0161t\u011bst\u00ed Mast sv\u016fj n\u00e1vrh st\u00e1hl kv\u016fli siln\u00e9 reakci mnoha skupin bojuj\u00edc\u00edch za ob\u010dansk\u00e9 svobody, kter\u00e9 minul\u00fd t\u00fdden varovaly, \u017ee n\u00e1vrh ohro\u017euje pr\u00e1vo na svobodn\u00e9 cestov\u00e1n\u00ed a \u017ee v podstat\u011b ud\u011bluje ministru zahrani\u010d\u00ed pravomoc \u201emy\u0161lenkov\u00e9 policie\u201c.<\/p>\n<p>Ale kdy\u017e jeden z kongresman\u016f ustoup\u00ed v ot\u00e1zce Izraele, nevyhnuteln\u011b se najde n\u011bkdo jin\u00fd, kdo je p\u0159ipraven\u00fd vystoupit. Kongresmanka Elise Stefanikov\u00e1 ze st\u00e1tu New York\u00a0<a href=\"https:\/\/www.jns.org\/stefanik-introduces-legislation-to-prevent-future-ny-officials-from-arresting-netanyahu\/\" target=\"_blank\" rel=\"external noopener\">p\u0159edlo\u017eila n\u00e1vrh z\u00e1kona<\/a>, kter\u00fd by zabr\u00e1nil budouc\u00edm newyorsk\u00fdm \u00fa\u0159edn\u00edk\u016fm zatknout Benjamina Netanjahua p\u0159i jeho n\u00e1v\u0161t\u011bv\u011b USA. Stefanikov\u00e1 popisuje sv\u016fj n\u00e1vrh z\u00e1kona jako z\u00e1m\u011br \u201echr\u00e1nit americkou suverenitu a zak\u00e1zat radik\u00e1l\u016fm, jako je Zohran Mamdani, neleg\u00e1ln\u011b zat\u00fdkat v\u016fdce na\u0161eho demokratick\u00e9ho spojence Izraele\u201c. Z\u00e1kon by zabr\u00e1nil st\u00e1tn\u00edm a m\u00edstn\u00edm policejn\u00edm org\u00e1n\u016fm zatknout Netanjahua p\u0159i jeho n\u00e1v\u0161t\u011bv\u011b New Yorku, kde s\u00eddl\u00ed Organizace spojen\u00fdch n\u00e1rod\u016f.<\/p>\n<p>Zohran Mamdani je z\u00e1stupce st\u00e1tu New York a sou\u010dasn\u00fd demokratick\u00fd kandid\u00e1t na starostu New Yorku, kter\u00fd vede v pr\u016fzkumech ve\u0159ejn\u00e9ho m\u00edn\u011bn\u00ed. Mezin\u00e1rodn\u00ed trestn\u00ed soud vydal aktivn\u00ed zatyka\u010d na z\u00e1klad\u011b v\u00e1le\u010dn\u00fdch zlo\u010din\u016f Izraele a jeho genocidy, kterou americk\u00e1 vl\u00e1da odm\u00edtla uznat. Mamdani podporuje mezin\u00e1rodn\u00ed bojkot Izraele, odsoudil prob\u00edhaj\u00edc\u00ed genocidu a nazna\u010dil, \u017ee by ho vykonal, pokud by Netanjahu p\u0159ijel do m\u011bsta! Proto se stal ter\u010dem lid\u00ed jako Stefanik.<\/p>\n<p>Kirkova af\u00e9ra mo\u017en\u00e1 otev\u0159ela br\u00e1ny k je\u0161t\u011b \u0161\u00edlen\u011bj\u0161\u00edmu chov\u00e1n\u00ed Trumpova re\u017eimu. Ministr zahrani\u010d\u00ed a poradce pro n\u00e1rodn\u00ed bezpe\u010dnost Marco Rubio se v Izraeli plazil p\u0159ed Netanjahuem, aby \u201ezaru\u010dil\u201c bezpe\u010dnost Izraele po povinn\u00e9 modlitb\u011b u takzvan\u00e9 Zdi n\u00e1\u0159k\u016f. On a podivn\u011b jmenovan\u00fd americk\u00fd velvyslanec v Izraeli Mike Huckabee si nasadili mal\u00e9 \u010depice kippah a demonstrovali svou poslu\u0161nost vy\u0161\u0161\u00ed moci, kterou je zjevn\u011b vl\u00e1da \u017eidovsk\u00e9ho st\u00e1tu a americk\u00e1 dom\u00e1c\u00ed izraelsk\u00e1 lobby. \u010clov\u011bk si klade ot\u00e1zku, zda Netanjahu, kter\u00fd bude p\u0159\u00ed\u0161t\u00ed t\u00fdden ve Washingtonu, bude muset oplatit laskavost a zastavit se na modlitbu v N\u00e1rodn\u00ed katedr\u00e1le, kdy\u017e bude ve m\u011bst\u011b.<\/p>\n<p>A na z\u00e1v\u011br jedna mal\u00e1 radostn\u00e1 zpr\u00e1va. Je z\u0159ejm\u00e9, \u017ee Izrael v\u00ed, jak odm\u011bnit sv\u00fdch n\u011bkolik obh\u00e1jc\u016f, v tomto p\u0159\u00edpad\u011b Donalda Trumpa, kter\u00e9ho Netanjahu popisuje jako nejlep\u0161\u00edho p\u0159\u00edtele sv\u00e9 zem\u011b mezi americk\u00fdmi prezidenty. Bezalel Smotrich, extr\u00e9mn\u011b pravicov\u00fd izraelsk\u00fd ministr financ\u00ed,\u00a0<a href=\"https:\/\/www.haaretz.com\/israel-news\/2025-09-17\/ty-article\/.premium\/real-estate-bonanza-smotrich-says-israel-in-talks-with-u-s-on-dividing-gazas-land\/00000199-588b-d907-a5db-7def13e40000\" target=\"_blank\" rel=\"external noopener\">prozradil<\/a>, \u017ee pl\u00e1ny na p\u0159estavbu Gazy, jakmile bude o\u010di\u0161t\u011bna od Palestinc\u016f, postupuj\u00ed spr\u00e1vn\u00fdm sm\u011brem. Projekt popsal jako \u201erealitn\u00ed bonanzu\u201c a nazna\u010dil, \u017ee \u017eidovsk\u00fd st\u00e1t jedn\u00e1 se Spojen\u00fdmi st\u00e1ty o rozd\u011blen\u00ed \u00fazem\u00ed Gazy mezi ob\u011b zem\u011b. Smotrich poznamenal, \u017ee Izrael nyn\u00ed dokon\u010duje \u201ef\u00e1zi demolice\u201c pro p\u0159estavbu Gazy a \u017ee s USA prob\u00edhaj\u00ed jedn\u00e1n\u00ed o obchodn\u00edm pl\u00e1nu p\u0159estavby. Dodal, \u017ee pl\u00e1n p\u0159estavby je \u201ena stole prezidenta Trumpa\u201c. Zd\u00e1 se, \u017ee sen o Trumpov\u011b Rivi\u00e9\u0159e se st\u00e1v\u00e1 realitou, a objevily se zpr\u00e1vy, \u017ee Trump\u016fv ze\u0165 Jared Kushner byl v posledn\u00ed dob\u011b aktivn\u00ed jak v Izraeli, tak v n\u011bkolika arabsk\u00fdch st\u00e1tech Persk\u00e9ho z\u00e1livu, kde se zab\u00fdval developersk\u00fdmi projekty.<\/p>\n<p>N\u011bkte\u0159\u00ed by mohli nezdvo\u0159ile poznamenat, \u017ee Donald Trump si pohr\u00e1v\u00e1 s obohacov\u00e1n\u00edm sv\u00e9 rodiny prost\u0159ednictv\u00edm p\u0159\u00edle\u017eitost\u00ed, kter\u00e9 se mu naskytly b\u011bhem jeho p\u016fsoben\u00ed v \u00fa\u0159adu prezidenta Spojen\u00fdch st\u00e1t\u016f americk\u00fdch. Podal osobn\u00ed \u017ealoby\u00a0<a href=\"https:\/\/www.yahoo.com\/news\/articles\/trump-suing-york-times-other-181148018.html?fr=sycsrp_catchall\" target=\"_blank\" rel=\"external noopener\">proti zpravodajsk\u00fdm agentur\u00e1m<\/a>, kter\u00e9 podle n\u011bj urazily nebo pomluvily, z nich\u017e posledn\u00ed je\u00a0<a href=\"https:\/\/truthsocial.com\/@realDonaldTrump\/posts\/115211918198289404\" target=\"_blank\" rel=\"external noopener\">ozn\u00e1men\u00ed<\/a>\u00a0Trumpa na Truth Social z minul\u00e9ho t\u00fddne: \u201eDnes m\u00e1m tu velkou \u010dest podat \u017ealobu na The New York Times za pomluvu a ur\u00e1\u017eku na cti v hodnot\u011b 15 miliard dolar\u016f. Jsem HRD\u00dd na to, \u017ee mohu tento kdysi respektovan\u00fd \u201epl\u00e1tek\u201c pohnat k odpov\u011bdnosti, stejn\u011b jako to d\u011bl\u00e1me s fale\u0161n\u00fdmi zpravodajsk\u00fdmi s\u00edt\u011bmi.\u201c Trump tak\u00e9 za\u017ealoval Wall Street Journal o 10 miliard dolar\u016f a zpravodajsk\u00e9 stanice ABC a CBS, kter\u00e9 se s n\u00edm mimosoudn\u011b dohodly na \u010d\u00e1stk\u00e1ch 16 a 15 milion\u016f dolar\u016f. M\u011bl by b\u00fdt tento druh osobn\u00edch soudn\u00edch spor\u016f ze strany hlavy st\u00e1tu povolen? Trump prohl\u00e1sil, \u017ee jako prezident \u201em\u016f\u017ee d\u011blat, co chce\u201c. Mnoho Ameri\u010dan\u016f s t\u00edm mo\u017en\u00e1 nesouhlas\u00ed!<\/p>\n<div class=\"podcarou\">\n<p><a href=\"https:\/\/www.unz.com\/pgiraldi\/more-turmoil-from-washington\/\" target=\"_blank\" rel=\"external noopener\">More Turmoil from Washington<\/a> vy\u0161el 18.9.2025 na unz.com. P\u0159eklad <a href=\"https:\/\/zvedavec.news\/komentare\/2025\/09\/10688-dalsi-nepokoje-ve-washingtonu.htm\">Zv\u011bdavec<\/a><\/p>\n<p><img decoding=\"async\" loading=\"lazy\" class=\"wp-image-86927 aligncenter\" src=\"http:\/\/www.infokuryr.cz\/n\/wp-content\/uploads\/2025\/09\/letak-volby-2025-konference-3-212x300.png\" alt=\"\" width=\"848\" height=\"1200\" srcset=\"https:\/\/www.infokuryr.cz\/n\/wp-content\/uploads\/2025\/09\/letak-volby-2025-konference-3-212x300.png 212w, https:\/\/www.infokuryr.cz\/n\/wp-content\/uploads\/2025\/09\/letak-volby-2025-konference-3-724x1024.png 724w, https:\/\/www.infokuryr.cz\/n\/wp-content\/uploads\/2025\/09\/letak-volby-2025-konference-3-768x1086.png 768w, https:\/\/www.infokuryr.cz\/n\/wp-content\/uploads\/2025\/09\/letak-volby-2025-konference-3-1086x1536.png 1086w, https:\/\/www.infokuryr.cz\/n\/wp-content\/uploads\/2025\/09\/letak-volby-2025-konference-3-1448x2048.png 1448w, https:\/\/www.infokuryr.cz\/n\/wp-content\/uploads\/2025\/09\/letak-volby-2025-konference-3-1024x1448.png 1024w\" sizes=\"(max-width: 848px) 100vw, 848px\" \/><\/p>\n<\/div>\n","protected":false},"excerpt":{"rendered":"<p>\u0160\u00edlen\u00e9 aktivity na udr\u017een\u00ed vl\u00e1dy, kter\u00e1 ztr\u00e1c\u00ed kontrolu Ve Washingtonu a jeho okol\u00ed to byl&#8230;<\/p>\n","protected":false},"author":2,"featured_media":88195,"comment_status":"closed","ping_status":"closed","sticky":false,"template":"","format":"standard","meta":[],"categories":[7],"tags":[1503,3227,37,99],"_links":{"self":[{"href":"https:\/\/www.infokuryr.cz\/n\/wp-json\/wp\/v2\/posts\/88194"}],"collection":[{"href":"https:\/\/www.infokuryr.cz\/n\/wp-json\/wp\/v2\/posts"}],"about":[{"href":"https:\/\/www.infokuryr.cz\/n\/wp-json\/wp\/v2\/types\/post"}],"author":[{"embeddable":true,"href":"https:\/\/www.infokuryr.cz\/n\/wp-json\/wp\/v2\/users\/2"}],"replies":[{"embeddable":true,"href":"https:\/\/www.infokuryr.cz\/n\/wp-json\/wp\/v2\/comments?post=88194"}],"version-history":[{"count":0,"href":"https:\/\/www.infokuryr.cz\/n\/wp-json\/wp\/v2\/posts\/88194\/revisions"}],"wp:featuredmedia":[{"embeddable":true,"href":"https:\/\/www.infokuryr.cz\/n\/wp-json\/wp\/v2\/media\/88195"}],"wp:attachment":[{"href":"https:\/\/www.infokuryr.cz\/n\/wp-json\/wp\/v2\/media?parent=88194"}],"wp:term":[{"taxonomy":"category","embeddable":true,"href":"https:\/\/www.infokuryr.cz\/n\/wp-json\/wp\/v2\/categories?post=88194"},{"taxonomy":"post_tag","embeddable":true,"href":"https:\/\/www.infokuryr.cz\/n\/wp-json\/wp\/v2\/tags?post=88194"}],"curies":[{"name":"wp","href":"https:\/\/api.w.org\/{rel}","templated":true}]}}