{"id":88191,"date":"2025-09-20T00:25:37","date_gmt":"2025-09-19T22:25:37","guid":{"rendered":"https:\/\/www.infokuryr.cz\/n\/?p=88191"},"modified":"2025-09-19T13:50:17","modified_gmt":"2025-09-19T11:50:17","slug":"jan-sedlacek-kterak-dredaty-bartos-na-cnn-prima-priznal-pokrytectvi-piratu","status":"publish","type":"post","link":"https:\/\/www.infokuryr.cz\/n\/2025\/09\/20\/jan-sedlacek-kterak-dredaty-bartos-na-cnn-prima-priznal-pokrytectvi-piratu\/","title":{"rendered":"Jan Sedl\u00e1\u010dek: Kterak dredat\u00fd Barto\u0161 na CNN Prima p\u0159iznal pokrytectv\u00ed Pir\u00e1t\u016f"},"content":{"rendered":"<div id=\"fb-root\"><\/div>\n<p>\u201eCena v\u00fdroby energie z uhl\u00ed je z 90 % cena emisn\u00ed povolenky a jen 10 % jsou ty n\u00e1klady,\u201c \u0159ekl Ivan Barto\u0161 na CNN Prima v debat\u011b kandid\u00e1t\u016f za St\u0159edo\u010desk\u00fd kraj.<\/p>\n<p>T\u011bmito slovy pir\u00e1tsk\u00fd Barto\u0161 uhodil hlavi\u010dkou na h\u0159eb\u00edk a necht\u011bn\u011b p\u0159iznal, jak n\u00e1m EU t\u011bmi emisn\u00edmi povolenkami zdra\u017euje energie. Uheln\u00e9 elektr\u00e1rny pokr\u00fdvaj\u00ed okolo 40 % na\u0161\u00ed spot\u0159eby elekt\u0159iny a v sou\u010dasn\u00e9 dob\u011b jsou nenahraditeln\u00e9, tak\u017ee tyto povolenky na n\u00e1s dopadaj\u00ed a budou dopadat zna\u010dn\u011b.<\/p>\n<p>Z toho vypl\u00fdv\u00e1 jednoduch\u00e9 \u0159e\u0161en\u00ed: Emisn\u00ed povolenky zru\u0161it a t\u00edm zajistit v\u00fdrazn\u011b levn\u011bj\u0161\u00ed elekt\u0159inu pro na\u0161e lidi i podniky.<\/p>\n<p>To ale pokryteck\u00e9 Pir\u00e1ty nenapadne. Ti nejen\u017ee necht\u011bj\u00ed zru\u0161it emisn\u00ed povolenky, ale naopak je cht\u011bj\u00ed je\u0161t\u011b roz\u0161\u00ed\u0159it na vyt\u00e1p\u011bn\u00ed a dopravu. T\u00edm jen dokazuj\u00ed, \u017ee jsou jen dal\u0161\u00ed stranou, kter\u00e1 by n\u00e1s vedla k b\u00edd\u011b.<\/p>\n<p>Jako p\u0159\u00edrodov\u011bdec jen dod\u00e1m, \u017ee emisn\u00ed povolenky nemaj\u00ed zhola nic spole\u010dn\u00e9ho s ochranou p\u0159\u00edrody a jsou jen n\u00e1strojem k okr\u00e1d\u00e1n\u00ed n\u00e1s v\u0161ech. Podrobn\u011bji jsem to popisoval nap\u0159.\u00a0<a href=\"https:\/\/www.youtube.com\/watch?v=pKnoeS0t0a8\" target=\"_blank\" rel=\"noopener\">ve videu zde<\/a>.<\/p>\n<p><em><a href=\"https:\/\/narodnidemokracie.cz\/rndr-jan-sedlacek-kterak-dredaty-bartos-na-cnn-prima-priznal-pokrytectvi-piratu\/\">RNDr. Jan Sedl\u00e1\u010dek<\/a>, p\u0159edseda ND<\/em><\/p>\n<p><img decoding=\"async\" loading=\"lazy\" class=\"alignnone size-medium wp-image-85908\" src=\"http:\/\/www.infokuryr.cz\/n\/wp-content\/uploads\/2025\/08\/sedlacek-nd-300x196.jpg\" alt=\"\" width=\"300\" height=\"196\" srcset=\"https:\/\/www.infokuryr.cz\/n\/wp-content\/uploads\/2025\/08\/sedlacek-nd-300x196.jpg 300w, https:\/\/www.infokuryr.cz\/n\/wp-content\/uploads\/2025\/08\/sedlacek-nd.jpg 665w\" sizes=\"(max-width: 300px) 100vw, 300px\" \/><\/p>\n<p><img decoding=\"async\" loading=\"lazy\" class=\"wp-image-86739 aligncenter\" src=\"http:\/\/www.infokuryr.cz\/n\/wp-content\/uploads\/2025\/08\/volby-program-211x300.png\" alt=\"\" width=\"877\" height=\"1247\" srcset=\"https:\/\/www.infokuryr.cz\/n\/wp-content\/uploads\/2025\/08\/volby-program-211x300.png 211w, https:\/\/www.infokuryr.cz\/n\/wp-content\/uploads\/2025\/08\/volby-program-721x1024.png 721w, https:\/\/www.infokuryr.cz\/n\/wp-content\/uploads\/2025\/08\/volby-program-768x1091.png 768w, https:\/\/www.infokuryr.cz\/n\/wp-content\/uploads\/2025\/08\/volby-program-1081x1536.png 1081w, https:\/\/www.infokuryr.cz\/n\/wp-content\/uploads\/2025\/08\/volby-program-1442x2048.png 1442w, https:\/\/www.infokuryr.cz\/n\/wp-content\/uploads\/2025\/08\/volby-program-1024x1455.png 1024w\" sizes=\"(max-width: 877px) 100vw, 877px\" \/><\/p>\n","protected":false},"excerpt":{"rendered":"<p>\u201eCena v\u00fdroby energie z uhl\u00ed je z 90 % cena emisn\u00ed povolenky a jen 10&#8230;<\/p>\n","protected":false},"author":2,"featured_media":33665,"comment_status":"closed","ping_status":"closed","sticky":false,"template":"","format":"standard","meta":[],"categories":[6],"tags":[363,873,1094,137,497],"_links":{"self":[{"href":"https:\/\/www.infokuryr.cz\/n\/wp-json\/wp\/v2\/posts\/88191"}],"collection":[{"href":"https:\/\/www.infokuryr.cz\/n\/wp-json\/wp\/v2\/posts"}],"about":[{"href":"https:\/\/www.infokuryr.cz\/n\/wp-json\/wp\/v2\/types\/post"}],"author":[{"embeddable":true,"href":"https:\/\/www.infokuryr.cz\/n\/wp-json\/wp\/v2\/users\/2"}],"replies":[{"embeddable":true,"href":"https:\/\/www.infokuryr.cz\/n\/wp-json\/wp\/v2\/comments?post=88191"}],"version-history":[{"count":0,"href":"https:\/\/www.infokuryr.cz\/n\/wp-json\/wp\/v2\/posts\/88191\/revisions"}],"wp:featuredmedia":[{"embeddable":true,"href":"https:\/\/www.infokuryr.cz\/n\/wp-json\/wp\/v2\/media\/33665"}],"wp:attachment":[{"href":"https:\/\/www.infokuryr.cz\/n\/wp-json\/wp\/v2\/media?parent=88191"}],"wp:term":[{"taxonomy":"category","embeddable":true,"href":"https:\/\/www.infokuryr.cz\/n\/wp-json\/wp\/v2\/categories?post=88191"},{"taxonomy":"post_tag","embeddable":true,"href":"https:\/\/www.infokuryr.cz\/n\/wp-json\/wp\/v2\/tags?post=88191"}],"curies":[{"name":"wp","href":"https:\/\/api.w.org\/{rel}","templated":true}]}}