{"id":88190,"date":"2025-09-20T00:22:40","date_gmt":"2025-09-19T22:22:40","guid":{"rendered":"https:\/\/www.infokuryr.cz\/n\/?p=88190"},"modified":"2025-09-19T13:46:48","modified_gmt":"2025-09-19T11:46:48","slug":"miroslav-safar-starmer-pevnou-rukou-vede-britanii-k-bankrotu-ostatne-jako-vsichni-progresiviste-v-eu","status":"publish","type":"post","link":"https:\/\/www.infokuryr.cz\/n\/2025\/09\/20\/miroslav-safar-starmer-pevnou-rukou-vede-britanii-k-bankrotu-ostatne-jako-vsichni-progresiviste-v-eu\/","title":{"rendered":"Miroslav \u0160af\u00e1\u0159: Starmer pevnou rukou vede Brit\u00e1nii k bankrotu. Ostatn\u011b jako v\u0161ichni progresivist\u00e9 v EU"},"content":{"rendered":"<div id=\"fb-root\"><\/div>\n<p>Zm\u011bna, \u010di p\u0159\u00edr\u016fstek HDP Brit\u00e1nie v \u010dervenci je nula. R\u016fst ekonomiky se zastavil, konstatuje N\u00e1rodn\u00ed statistick\u00e1 slu\u017eba Brit\u00e1nie (ONS).<\/p>\n<p>Minus 1,3 % zna\u010d\u00ed pokles pr\u016fmyslov\u00e9 v\u00fdroby v \u010dervenci, kter\u00fd zp\u016fsobil pokles celkov\u00fdch objem\u016f v\u00fdroby o 0,9 %.<\/p>\n<p>Vzhledem k vysok\u00e9 inflaci a neust\u00e1le se zhor\u0161uj\u00edc\u00ed situaci na trhu pr\u00e1ce bude britsk\u00e1 vl\u00e1da muset p\u0159ijmout nepopul\u00e1rn\u00ed rozhodnut\u00ed, v\u010detn\u011b zv\u00fd\u0161en\u00ed dan\u00ed, aby pokryla rozpo\u010dtov\u00fd deficit p\u0159esahuj\u00edc\u00ed 20 miliard liber \u2014 zd\u016fraz\u0148uje britsk\u00fd Financial Times.<\/p>\n<p>U n\u00e1s na tuto trajektorii zna\u010dn\u00e9ho zv\u00fd\u0161en\u00ed dan\u00ed najela Fialenkova banda u\u017e mnohem d\u0159\u00edve, ale stejn\u011b to nebude sta\u010dit.<\/p>\n<p>Celkov\u00e1 situace zem\u00ed EU a Brit\u00e1nie je ekonomicky zoufal\u00e1, jen st\u00e1l\u00e9mu fal\u0161ov\u00e1n\u00ed \u010d\u00edsel a kop\u00e1n\u00ed dluhov\u00e9 konzervy po silnici p\u0159ed sebou zat\u00edm vd\u011b\u010d\u00edme za do\u010dasn\u00fd ekonomick\u00fd klid.<\/p>\n<p>Jak dlouho, kdy\u017e jsme bez levn\u00fdch zdroj\u016f a z\u00e1rove\u0148 jsme v ekonomick\u00e9 a i skute\u010dn\u011b v\u00e1lce s Ruskem a \u010cR speci\u00e1ln\u011b i s \u010c\u00ednou. Jak dlouho to m\u016f\u017ee vydr\u017eet, ne\u017e n\u011bkdo vyk\u0159ikne: \u201eKr\u00e1l je nah\u00fd\u201c?<\/p>\n<p><em><a href=\"https:\/\/narodnidemokracie.cz\/mvdr-miroslav-safar-starmer-pevnou-rukou-vede-britanii-k-bankrotu-ostatne-jako-vsichni-progresiviste-v-eu\/\">MVDr. Miroslav \u0160af\u00e1\u0159,<\/a> m\u00edstop\u0159edseda ND<\/em><\/p>\n<p><img decoding=\"async\" loading=\"lazy\" class=\"\" src=\"https:\/\/narodnidemokracie.cz\/wp-content\/uploads\/2025\/09\/MS-665x435.jpg\" width=\"139\" height=\"91\" \/><\/p>\n<p><img decoding=\"async\" loading=\"lazy\" class=\"wp-image-86739 aligncenter\" src=\"http:\/\/www.infokuryr.cz\/n\/wp-content\/uploads\/2025\/08\/volby-program-211x300.png\" alt=\"\" width=\"792\" height=\"1126\" srcset=\"https:\/\/www.infokuryr.cz\/n\/wp-content\/uploads\/2025\/08\/volby-program-211x300.png 211w, https:\/\/www.infokuryr.cz\/n\/wp-content\/uploads\/2025\/08\/volby-program-721x1024.png 721w, https:\/\/www.infokuryr.cz\/n\/wp-content\/uploads\/2025\/08\/volby-program-768x1091.png 768w, https:\/\/www.infokuryr.cz\/n\/wp-content\/uploads\/2025\/08\/volby-program-1081x1536.png 1081w, https:\/\/www.infokuryr.cz\/n\/wp-content\/uploads\/2025\/08\/volby-program-1442x2048.png 1442w, https:\/\/www.infokuryr.cz\/n\/wp-content\/uploads\/2025\/08\/volby-program-1024x1455.png 1024w\" sizes=\"(max-width: 792px) 100vw, 792px\" \/><\/p>\n","protected":false},"excerpt":{"rendered":"<p>Zm\u011bna, \u010di p\u0159\u00edr\u016fstek HDP Brit\u00e1nie v \u010dervenci je nula. R\u016fst ekonomiky se zastavil, konstatuje N\u00e1rodn\u00ed&#8230;<\/p>\n","protected":false},"author":2,"featured_media":57200,"comment_status":"closed","ping_status":"closed","sticky":false,"template":"","format":"standard","meta":[],"categories":[6],"tags":[59,1503,303],"_links":{"self":[{"href":"https:\/\/www.infokuryr.cz\/n\/wp-json\/wp\/v2\/posts\/88190"}],"collection":[{"href":"https:\/\/www.infokuryr.cz\/n\/wp-json\/wp\/v2\/posts"}],"about":[{"href":"https:\/\/www.infokuryr.cz\/n\/wp-json\/wp\/v2\/types\/post"}],"author":[{"embeddable":true,"href":"https:\/\/www.infokuryr.cz\/n\/wp-json\/wp\/v2\/users\/2"}],"replies":[{"embeddable":true,"href":"https:\/\/www.infokuryr.cz\/n\/wp-json\/wp\/v2\/comments?post=88190"}],"version-history":[{"count":0,"href":"https:\/\/www.infokuryr.cz\/n\/wp-json\/wp\/v2\/posts\/88190\/revisions"}],"wp:featuredmedia":[{"embeddable":true,"href":"https:\/\/www.infokuryr.cz\/n\/wp-json\/wp\/v2\/media\/57200"}],"wp:attachment":[{"href":"https:\/\/www.infokuryr.cz\/n\/wp-json\/wp\/v2\/media?parent=88190"}],"wp:term":[{"taxonomy":"category","embeddable":true,"href":"https:\/\/www.infokuryr.cz\/n\/wp-json\/wp\/v2\/categories?post=88190"},{"taxonomy":"post_tag","embeddable":true,"href":"https:\/\/www.infokuryr.cz\/n\/wp-json\/wp\/v2\/tags?post=88190"}],"curies":[{"name":"wp","href":"https:\/\/api.w.org\/{rel}","templated":true}]}}