{"id":88189,"date":"2025-09-20T00:19:18","date_gmt":"2025-09-19T22:19:18","guid":{"rendered":"https:\/\/www.infokuryr.cz\/n\/?p=88189"},"modified":"2025-09-19T13:39:51","modified_gmt":"2025-09-19T11:39:51","slug":"jiri-paroubek-krize-velkych-zapadovropskych-zemi","status":"publish","type":"post","link":"https:\/\/www.infokuryr.cz\/n\/2025\/09\/20\/jiri-paroubek-krize-velkych-zapadovropskych-zemi\/","title":{"rendered":"Ji\u0159\u00ed Paroubek: Krize velk\u00fdch z\u00e1padovropsk\u00fdch zem\u00ed&#8230;"},"content":{"rendered":"<div id=\"fb-root\"><\/div>\n<p><strong>Ta se projevuje p\u0159edev\u0161\u00edm jejich rostouc\u00ed vn\u011bj\u0161\u00ed agresivitou.<\/strong><\/p>\n<p style=\"font-weight: 400;\">Francie jako jedna z\u00a0 kl\u00ed\u010dov\u00fdch zem\u00ed EU je v hlubok\u00e9 politick\u00e9 a ekonomick\u00e9 krizi. Jej\u00ed prezident, b\u00fdval\u00fd renomovan\u00fd Rothschild\u016fv bank\u00e9\u0159 a pozd\u011bji ministr financ\u00ed socialistick\u00e9 vl\u00e1dy, se stal liber\u00e1ln\u00edm prezidentem. D\u00e1 se \u0159\u00edci, \u017ee ukazuje kolos\u00e1ln\u00ed ekonomickou neschopnost. Je to a\u017e neuv\u011b\u0159iteln\u00e9. Jeho\u00a0 neschopnost v oblasti ekonomiky je snad je\u0161t\u011b v\u00edce p\u0159ekr\u00fdv\u00e1na jeho politickou neschopnost\u00ed. Pokud se v\u016fbec dobere konce sv\u00e9ho volebn\u00edho mand\u00e1tu v roce 2027!, bude to velk\u00fd \u00fasp\u011bch. \u010cel\u00ed v podstat\u011b nep\u0159\u00e1telsk\u00e9mu N\u00e1rodn\u00edmu shrom\u00e1\u017ed\u011bn\u00ed, jeho\u017e p\u0159ev\u00e1\u017enou v\u011bt\u0161inu tvo\u0159\u00ed p\u0159edstavitel\u00e9 opozi\u010dn\u00edch stran, jak z levice, tak z tzv. krajn\u00ed pravice, tedy lepenovc\u016f.\u00a0 Francouzsk\u00e9 vojensk\u00e9 s\u00edly byly vytla\u010deny z n\u011bkolika zem\u00ed z\u00e1padn\u00ed Afriky, kter\u00e9 Francie bezuzdn\u011b vyko\u0159is\u0165ovala, podobn\u011b jako za koloni\u00e1ln\u00ed \u00e9ry. Tomu slou\u017eily tak\u00e9 d\u0159\u00edve sp\u0159\u00e1telen\u00e9 politick\u00e9 elity t\u011bchto africk\u00fdch zem\u00ed. Dnes je v\u0161emu konec a v t\u011bchto zem\u00edch se vl\u00e1dy op\u00edraj\u00ed\u00a0 o rusk\u00e9 wagnerovce. Francie ztr\u00e1c\u00ed vliv na africk\u00e9m kontinentu, nem\u00e1 svou ekonomiku pod kontrolou a prezident je figura, kter\u00e9 si m\u00e1lokdo v\u00e1\u017e\u00ed. Je to opravdu smutn\u00e9 p\u0159edstaven\u00ed.<\/p>\n<p style=\"font-weight: 400;\">V podobn\u00e9 situaci jako Francie, je vlastn\u011b tak\u00e9 Velk\u00e1 Brit\u00e1nie. P\u0159ed v\u00edce ne\u017e rokem zv\u00edt\u011bzili s velk\u00fdmi o\u010dek\u00e1v\u00e1n\u00edmi\u00a0\u00a0britsk\u00e9 ve\u0159ejnosti ve volb\u00e1ch labourist\u00e9. Tato strana ov\u0161em p\u0159i \u0159e\u0161en\u00ed b\u00e1zick\u00fdch probl\u00e9m\u016f Brit\u00e1nie selhala. A tak dnes v pr\u016fzkumech ve\u0159ejn\u00e9ho m\u00edn\u011bn\u00ed s p\u0159ehledem vede Farageova Reformn\u00ed strana. V posledn\u00edm pr\u016fzkumu ve\u0159ejn\u00e9ho m\u00edn\u011bn\u00ed z\u00edskala 34% hlas\u016f. 19% hlas\u016f voli\u010d\u016f by z\u00edskali labourist\u00e9 a 16% konzervativci. Pokud by se konaly volby do Doln\u00ed sn\u011bmovny nyn\u00ed, Farageova strana by nejsp\u00ed\u0161 z\u00edskala absolutn\u00ed v\u011bt\u0161inu poslaneck\u00fdch m\u00edst. Je to neuv\u011b\u0159iteln\u00e9. A Starmerova vl\u00e1da d\u011bl\u00e1 chybu za chybou. Nejv\u011bt\u0161\u00ed chybou je z\u0159ejm\u011b jej\u00ed migra\u010dn\u00ed politika. Nicm\u00e9n\u011b vl\u00e1da Brit\u00e1nie v t\u00e9to politice pokra\u010duje a tato politika je p\u0159ikr\u00fdv\u00e1na\u00a0\u00a0m\u00e9dii a politickou t\u0159\u00eddou Brit\u00e1nie prosazovanou politickou korektnost\u00ed. Tato politick\u00e1 korektnost ov\u0161em nep\u0159ipou\u0161t\u00ed \u017e\u00e1dnou kritiku chyb, kter\u00e9 britsk\u00e9 vl\u00e1dy d\u011blaly v migra\u010dn\u00ed politice v posledn\u00edch des\u00edtk\u00e1ch let. A britsk\u00e1 ve\u0159ejnost se ob\u00e1v\u00e1 dal\u0161\u00edho v\u00fdvoje,\u00a0\u00a0dal\u0161\u00edch n\u00e1silnost\u00ed imigrant\u016f. Nejedn\u00e1 se z\u0159ejm\u011b jenom o n\u00e1sil\u00ed\u00a0\u00a0v\u016f\u010di &#8222;b\u00edl\u00fdm&#8220; Angli\u010dan\u016fm, ale i v\u016f\u010di Angli\u010dan\u016fm, jejich\u017e rodi\u010de\u00a0\u00a0\u010di prarodi\u010de p\u0159i\u0161ly do Brit\u00e1nie a s\u017eily se s britsk\u00fdm prost\u0159ed\u00edm.<\/p>\n<p style=\"font-weight: 400;\">Jestli\u017ee Francie je nemocn\u00fdm mu\u017eem Evropy, tak Brit\u00e1nie je zem\u00ed, kter\u00e1 se sama vy\u010dlenila z EU a to za p\u0159edpokladu \u017ee si udr\u017e\u00ed vynikaj\u00edc\u00ed ekonomick\u00e9 vztahy s USA. P\u0159i n\u00e1v\u0161t\u011bv\u011b prezidenta Trumpa se zat\u00edm v\u016fbec nemluv\u00ed o uzav\u0159en\u00ed\u00a0\u00a0obchodn\u00ed dohody mezi Brit\u00e1ni\u00ed a USA. Zat\u00edm to vypad\u00e1, \u017ee Brit\u00e1nie se st\u00e1v\u00e1 jen jak\u00fdmsi politick\u00fdm a ekonomick\u00fdm p\u0159\u00edv\u011bskem Spojen\u00fdch st\u00e1t\u016f. To jist\u011b Brity tak\u00e9 nebla\u017e\u00ed. Stejn\u011b tak jako \u0161patn\u00fd stav zdravotnictv\u00ed a zhor\u0161uj\u00edc\u00ed se ve\u0159ejn\u00e9 slu\u017eby. Politick\u00e1 t\u0159\u00edda t\u00e9to zem\u011b prost\u011b selhala a lid\u00e9 budou hledat jin\u00e1 \u0159e\u0161en\u00ed.<\/p>\n<p style=\"font-weight: 400;\">Dal\u0161\u00ed rozva\u0159enou zem\u00ed z\u00e1padn\u00ed Evropy je N\u011bmecko. Kancl\u00e9\u0159 Merz a jeho vl\u00e1da velk\u00e9 koalice se k\u0159es\u0165ansk\u00fdmi\u00a0\u00a0demokraty a soci\u00e1ly a soci\u00e1ln\u00edmi demokraty zat\u00edm nedok\u00e1zala naj\u00edt recept jak obnovit hospod\u00e1\u0159sk\u00fd r\u016fst. N\u011bmecko se pot\u00e1c\u00ed mezi loajalitou ke\u00a0\u00a0Spojen\u00fdm st\u00e1t\u016fm a\u00a0\u00a0sv\u00fdmi politick\u00fdmi p\u0159edstavami o obnov\u011b velmocensk\u00e9ho postaven\u00ed N\u011bmecka.<\/p>\n<p style=\"font-weight: 400;\">V\u0161echny t\u0159i tyto zem\u011b maj\u00ed jedno spole\u010dn\u00e9. Udr\u017euj\u00ed v chodu v\u00e1lku na Ukrajin\u011b a to nam\u00edsto toho, aby \u0159ekli ukrajinsk\u00e9mu prezidentovi, to co vid\u00ed ka\u017ed\u00fd amat\u00e9rsk\u00fd pozorovatel: va\u0161e v\u011bc je z vojensk\u00e9ho hlediska ztracena. Lep\u0161\u00ed situaci k vyjedn\u00e1v\u00e1n\u00ed nebudete m\u00edt ani za rok, ani za dva roky, proto\u017ee Rusov\u00e9 p\u0159es d\u00edl\u010d\u00ed probl\u00e9my, kter\u00e9 maj\u00ed, v\u00e1s prost\u011b p\u0159ev\u00e1lcuj\u00ed.<\/p>\n<p style=\"font-weight: 400;\">Poj\u010fme se bavit o obnov\u011b Ukrajiny, kter\u00e1 po ztr\u00e1t\u011b v\u00fdchodn\u00edch a ji\u017en\u00edch provinci\u00ed z\u016fstane vl\u00e1d\u011b s centrem v Kyjev\u011b. To by m\u011blo smysl, ale vl\u00e1dy t\u011bchto t\u0159\u00ed\u00a0\u00a0zem\u00ed prost\u011b v\u00e1lku pot\u0159ebuji. Pot\u0159ebuji touto v\u00e1lkou zakr\u00fdt sv\u00e9 vlastn\u00ed probl\u00e9my, kter\u00e9 maj\u00ed v oblasti hospod\u00e1\u0159stv\u00ed, v oblasti imigrace, kterou nezvl\u00e1daj\u00ed a v dal\u0161\u00edch a dal\u0161\u00edch oblastech. Stra\u0161\u00ed a budou stra\u0161it ve\u0159ejnost sv\u00fdch zem\u00ed Ruskem a budou se sna\u017eit doc\u00edlit toho, aby se ve\u0159ejnost t\u011bchto zem\u00ed stmelila na jejich podporu. To se zat\u00edm nestalo a ani se to nestane a tyto vl\u00e1dy skon\u010d\u00ed debaklem&#8230;<\/p>\n<p><a href=\"https:\/\/vasevec.info\/komentare\/krize-velkych-zapadovropskych-zemi\">Ji\u0159\u00ed Paroubek<\/a><\/p>\n<p><img decoding=\"async\" loading=\"lazy\" class=\"alignnone size-medium wp-image-2342\" src=\"http:\/\/www.infokuryr.cz\/n\/wp-content\/uploads\/2021\/06\/paroubek-300x208.jpg\" alt=\"\" width=\"300\" height=\"208\" srcset=\"https:\/\/www.infokuryr.cz\/n\/wp-content\/uploads\/2021\/06\/paroubek-300x208.jpg 300w, https:\/\/www.infokuryr.cz\/n\/wp-content\/uploads\/2021\/06\/paroubek.jpg 318w\" sizes=\"(max-width: 300px) 100vw, 300px\" \/><\/p>\n<p><img decoding=\"async\" loading=\"lazy\" class=\"wp-image-86739 aligncenter\" src=\"http:\/\/www.infokuryr.cz\/n\/wp-content\/uploads\/2025\/08\/volby-program-211x300.png\" alt=\"\" width=\"828\" height=\"1177\" srcset=\"https:\/\/www.infokuryr.cz\/n\/wp-content\/uploads\/2025\/08\/volby-program-211x300.png 211w, https:\/\/www.infokuryr.cz\/n\/wp-content\/uploads\/2025\/08\/volby-program-721x1024.png 721w, https:\/\/www.infokuryr.cz\/n\/wp-content\/uploads\/2025\/08\/volby-program-768x1091.png 768w, https:\/\/www.infokuryr.cz\/n\/wp-content\/uploads\/2025\/08\/volby-program-1081x1536.png 1081w, https:\/\/www.infokuryr.cz\/n\/wp-content\/uploads\/2025\/08\/volby-program-1442x2048.png 1442w, https:\/\/www.infokuryr.cz\/n\/wp-content\/uploads\/2025\/08\/volby-program-1024x1455.png 1024w\" sizes=\"(max-width: 828px) 100vw, 828px\" \/><\/p>\n","protected":false},"excerpt":{"rendered":"<p>Ta se projevuje p\u0159edev\u0161\u00edm jejich rostouc\u00ed vn\u011bj\u0161\u00ed agresivitou. Francie jako jedna z\u00a0 kl\u00ed\u010dov\u00fdch zem\u00ed EU&#8230;<\/p>\n","protected":false},"author":2,"featured_media":31275,"comment_status":"closed","ping_status":"closed","sticky":false,"template":"","format":"standard","meta":[],"categories":[6],"tags":[738,283,1503,371,365],"_links":{"self":[{"href":"https:\/\/www.infokuryr.cz\/n\/wp-json\/wp\/v2\/posts\/88189"}],"collection":[{"href":"https:\/\/www.infokuryr.cz\/n\/wp-json\/wp\/v2\/posts"}],"about":[{"href":"https:\/\/www.infokuryr.cz\/n\/wp-json\/wp\/v2\/types\/post"}],"author":[{"embeddable":true,"href":"https:\/\/www.infokuryr.cz\/n\/wp-json\/wp\/v2\/users\/2"}],"replies":[{"embeddable":true,"href":"https:\/\/www.infokuryr.cz\/n\/wp-json\/wp\/v2\/comments?post=88189"}],"version-history":[{"count":0,"href":"https:\/\/www.infokuryr.cz\/n\/wp-json\/wp\/v2\/posts\/88189\/revisions"}],"wp:featuredmedia":[{"embeddable":true,"href":"https:\/\/www.infokuryr.cz\/n\/wp-json\/wp\/v2\/media\/31275"}],"wp:attachment":[{"href":"https:\/\/www.infokuryr.cz\/n\/wp-json\/wp\/v2\/media?parent=88189"}],"wp:term":[{"taxonomy":"category","embeddable":true,"href":"https:\/\/www.infokuryr.cz\/n\/wp-json\/wp\/v2\/categories?post=88189"},{"taxonomy":"post_tag","embeddable":true,"href":"https:\/\/www.infokuryr.cz\/n\/wp-json\/wp\/v2\/tags?post=88189"}],"curies":[{"name":"wp","href":"https:\/\/api.w.org\/{rel}","templated":true}]}}