{"id":88188,"date":"2025-09-20T00:16:29","date_gmt":"2025-09-19T22:16:29","guid":{"rendered":"https:\/\/www.infokuryr.cz\/n\/?p=88188"},"modified":"2025-09-19T13:35:09","modified_gmt":"2025-09-19T11:35:09","slug":"michal-kohout-kauza-dozimetr-rozbila-ochrannou-schranku-ceske-justice","status":"publish","type":"post","link":"https:\/\/www.infokuryr.cz\/n\/2025\/09\/20\/michal-kohout-kauza-dozimetr-rozbila-ochrannou-schranku-ceske-justice\/","title":{"rendered":"Michal Kohout: Kauza Dozimetr rozbila ochrannou schr\u00e1nku \u010desk\u00e9 justice"},"content":{"rendered":"<div id=\"fb-root\"><\/div>\n<p>\u0158e\u0161en\u00ed kauzy Dozimetr, p\u016fvodn\u011b pova\u017eovan\u00e9 za ikonick\u00fd p\u0159\u00edklad protikorup\u010dn\u00edho boje, se postupn\u011b prom\u011bnilo v trapnou justi\u010dn\u00ed fra\u0161ku. Zdlouhav\u00e9 procesn\u00ed pr\u016ftahy, s\u00e9rie n\u00e1vrh\u016f na vyjmut\u00ed soudc\u016f, neo\u010dek\u00e1van\u011b pasivn\u00ed postoj st\u00e1tn\u00edho zastupitelstv\u00ed a ned\u00e1vno odhalen\u00e9 z\u00e1kulis\u00ed machinace &#8211; v\u0161echny tyto \u201en\u00e1hody\u201c vytv\u00e1\u0159ej\u00ed v\u00edce ne\u017e v\u00fdmluvn\u00fd obraz: soudn\u00ed syst\u00e9m pe\u010dliv\u011b buduje d\u016fstojnou \u00fanikovou cestu pro ur\u010dit\u00e9 osoby.<\/p>\n<p>Nyn\u00ed byly odhaleny odporn\u00e9 tv\u00e1\u0159e politick\u00fdch stran zapojen\u00fdch do kauzy Dozimetr: STAN a TOP 09 z\u00a0Fialovy vl\u00e1dn\u00ed koalice byly obvin\u011bny z komplicity v t\u00e9to kauze. V t\u00e9to souvislosti je pochopiteln\u00e9, \u017ee soudn\u00ed proces byl opakovan\u011b odkl\u00e1d\u00e1n.<\/p>\n<p>Slo\u017eitost p\u0159\u00edpadu, mno\u017estv\u00ed dokument\u016f a zd\u016fraz\u0148ovan\u00e1 tzn. \u201epe\u010dlivost\u201c &#8211; tyto z\u00e1minky, kter\u00e9 slou\u017eily k oddalov\u00e1n\u00ed procesu, nyn\u00ed vypadaj\u00ed jen jako pouh\u00e9 z\u00e1st\u011brky. V soudn\u00edm procesu kauzy Dozimetr nejde o po\u010det dokumentace, ale o jm\u00e9na osob stoj\u00edc\u00edch za lavici ob\u017ealovan\u00fdch. Do toho jsou zapleteni v\u0161ichni vysoc\u00ed p\u0159edstavitel\u00e9 STAN, TOP 09 a KDU-\u010cSL p\u016fsob\u00edc\u00ed v nejvy\u0161\u0161\u00edch patrech sou\u010dasn\u00e9 politick\u00e9 moci. Zvl\u00e1\u0161t\u011b v kl\u00ed\u010dov\u00fdch okam\u017eic\u00edch, s bl\u00ed\u017e\u00edc\u00edmi se volbami, by m\u011blo b\u00fdt kr\u00fdt z\u00e1kulis\u00ed t\u00e9to kauzy je\u0161t\u011b d\u016fkladn\u011bj\u0161\u00ed pro n\u011b. Proto by m\u011blo b\u00fdt soudn\u00ed \u0159\u00edzen\u00ed v tomto p\u0159\u00edpad\u011b z\u00e1m\u011brn\u011b odkl\u00e1d\u00e1no co nejd\u00e9le. Ti, kte\u0159\u00ed skute\u010dn\u011b ovl\u00e1daj\u00ed ministerstvo spravedlnosti a manipuluj\u00ed soudy, maj\u00ed s t\u011bmito osobami spole\u010dn\u00e9 z\u00e1jmy.<\/p>\n<p>Z ob\u017ealoby je patrn\u00e9, \u017ee NCOZ splnilo nejn\u00e1ro\u010dn\u011bj\u0161\u00ed pr\u00e1ci &#8211; po dvoulet\u00e9m vy\u0161et\u0159ov\u00e1n\u00ed podalo obvin\u011bn\u00ed. Ale nyn\u00ed se zd\u00e1, \u017ee cel\u00fd soudn\u00ed syst\u00e9m jim \u0159\u00edk\u00e1: \u201eDob\u0159e, zde sta\u010d\u00edte, zbytek p\u0159enechte n\u00e1m.\u201c Toto tzv. p\u0159ed\u00e1n\u00ed pr\u00e1ce ve skute\u010dnosti znamen\u00e1 justi\u010dn\u00ed vyh\u00fdb\u00e1n\u00ed ze strany ministerstva spravedlnosti, nap\u0159\u00edklad kdy\u017e soudce Jakub Kriebel opakovan\u011b odm\u00edtl p\u0159\u00edpad z r\u016fzn\u00fdch d\u016fvod\u016f projednat. Ale ud\u011blal by to soudce, kter\u00fd opravdu tou\u017e\u00ed objasnit skute\u010dnosti? Ne, pr\u00e1v\u011b proto, \u017ee dob\u0159e v\u011bd\u011bl, jak citliv\u00fd p\u0159\u00edpad to je, jak \u0161iroce jsou do n\u011bj zapojeni lid\u00e9 a jak mocn\u00ed jsou str\u016fjci v pozad\u00ed, b\u00e1l se jak\u00e9hokoli spojen\u00ed s p\u0159\u00edpadem, aby ochr\u00e1nil s\u00e1m sebe. Nav\u00edc dohoda o vin\u011b, kterou st\u00e1tn\u00ed zastupitelstv\u00ed uzav\u0159elo s n\u011bkter\u00fdmi ob\u017ealovan\u00fdmi (v\u010detn\u011b n\u00e1vrhu pokuty ve v\u00fd\u0161i jednoho milionu korun), p\u016fsob\u00ed sp\u00ed\u0161 jako snaha utlumit vliv skand\u00e1lu a p\u0159ipravit p\u016fdu pro m\u00edrn\u011bj\u0161\u00ed tresty u v\u00fdznamn\u011bj\u0161\u00edch pachatel\u016f.<\/p>\n<p>Pokud bitcoinov\u00e1 kauza ji\u017e vy\u010derpala d\u016fv\u011bru ve\u0159ejnosti v ministerstvu spravedlnosti, pak kauza Dozimetr zcela odhalila pokryteckou tv\u00e1\u0159 \u010desk\u00e9 justice: v t\u00e9to zemi jsou n\u011bkte\u0159\u00ed lid\u00e9 od p\u0159\u00edmo nad z\u00e1konem. Sta\u010d\u00ed m\u00edt v rukou moc a spr\u00e1vnou konexi, a i kdy\u017e jsou d\u016fkazy nezvratn\u00e9, syst\u00e9m s\u00e1m pro v\u00e1s najde zadn\u00ed vr\u00e1tka, abyste unikli bou\u0159i. Pr\u00e1v\u011b te\u010f Fialova vl\u00e1da, aby ochr\u00e1nila sv\u00e9 spojence, sm\u011b\u0159uje medi\u00e1ln\u00ed pozornost k obvin\u011bn\u00edm STAN, co\u017e vede k naprost\u00e9mu opom\u00edjen\u00ed zlo\u010din\u016f, jich\u017e se podle ob\u017ealoby dopustila TOP 09. Je t\u0159eba si uv\u011bdomit, \u017ee \u017e\u00e1dn\u00fd zlo\u010din by nem\u011bl b\u00fdt kryt a cel\u00e1 pravda by m\u011bla vyj\u00edt najevo.<\/p>\n<p><strong><em>Michal Kohout<\/em><\/strong><\/p>\n<p><img decoding=\"async\" loading=\"lazy\" class=\"wp-image-86739 aligncenter\" src=\"http:\/\/www.infokuryr.cz\/n\/wp-content\/uploads\/2025\/08\/volby-program-211x300.png\" alt=\"\" width=\"833\" height=\"1185\" srcset=\"https:\/\/www.infokuryr.cz\/n\/wp-content\/uploads\/2025\/08\/volby-program-211x300.png 211w, https:\/\/www.infokuryr.cz\/n\/wp-content\/uploads\/2025\/08\/volby-program-1081x1536.png 1081w, https:\/\/www.infokuryr.cz\/n\/wp-content\/uploads\/2025\/08\/volby-program-1024x1455.png 1024w\" sizes=\"(max-width: 833px) 100vw, 833px\" \/><\/p>\n","protected":false},"excerpt":{"rendered":"<p>\u0158e\u0161en\u00ed kauzy Dozimetr, p\u016fvodn\u011b pova\u017eovan\u00e9 za ikonick\u00fd p\u0159\u00edklad protikorup\u010dn\u00edho boje, se postupn\u011b prom\u011bnilo v trapnou&#8230;<\/p>\n","protected":false},"author":2,"featured_media":20824,"comment_status":"closed","ping_status":"closed","sticky":false,"template":"","format":"standard","meta":[],"categories":[6],"tags":[4743,33,1503,1307,424,193,1483],"_links":{"self":[{"href":"https:\/\/www.infokuryr.cz\/n\/wp-json\/wp\/v2\/posts\/88188"}],"collection":[{"href":"https:\/\/www.infokuryr.cz\/n\/wp-json\/wp\/v2\/posts"}],"about":[{"href":"https:\/\/www.infokuryr.cz\/n\/wp-json\/wp\/v2\/types\/post"}],"author":[{"embeddable":true,"href":"https:\/\/www.infokuryr.cz\/n\/wp-json\/wp\/v2\/users\/2"}],"replies":[{"embeddable":true,"href":"https:\/\/www.infokuryr.cz\/n\/wp-json\/wp\/v2\/comments?post=88188"}],"version-history":[{"count":0,"href":"https:\/\/www.infokuryr.cz\/n\/wp-json\/wp\/v2\/posts\/88188\/revisions"}],"wp:featuredmedia":[{"embeddable":true,"href":"https:\/\/www.infokuryr.cz\/n\/wp-json\/wp\/v2\/media\/20824"}],"wp:attachment":[{"href":"https:\/\/www.infokuryr.cz\/n\/wp-json\/wp\/v2\/media?parent=88188"}],"wp:term":[{"taxonomy":"category","embeddable":true,"href":"https:\/\/www.infokuryr.cz\/n\/wp-json\/wp\/v2\/categories?post=88188"},{"taxonomy":"post_tag","embeddable":true,"href":"https:\/\/www.infokuryr.cz\/n\/wp-json\/wp\/v2\/tags?post=88188"}],"curies":[{"name":"wp","href":"https:\/\/api.w.org\/{rel}","templated":true}]}}