{"id":88183,"date":"2025-09-20T00:24:18","date_gmt":"2025-09-19T22:24:18","guid":{"rendered":"https:\/\/www.infokuryr.cz\/n\/?p=88183"},"modified":"2025-09-19T13:23:47","modified_gmt":"2025-09-19T11:23:47","slug":"medvedev-pohrozil-eu-tvrdou-reakci-na-pokusy-o-vymahani-odskodneni-od-ruska","status":"publish","type":"post","link":"https:\/\/www.infokuryr.cz\/n\/2025\/09\/20\/medvedev-pohrozil-eu-tvrdou-reakci-na-pokusy-o-vymahani-odskodneni-od-ruska\/","title":{"rendered":"Medved\u011bv pohrozil EU tvrdou reakc\u00ed na pokusy o vym\u00e1h\u00e1n\u00ed \u201eod\u0161kodn\u011bn\u00ed\u201c od Ruska"},"content":{"rendered":"<div id=\"fb-root\"><\/div>\n<p class=\"lead\"><strong><span dir=\"auto\">Moskva ost\u0159e zareaguje na vytvo\u0159en\u00ed dal\u0161\u00ed rusofobn\u00ed struktury v r\u00e1mci Rady Evropy, kter\u00e1 m\u00e1 od Ruska vym\u00e1hat \u201eod\u0161kodn\u011bn\u00ed\u201c v souvislosti se situac\u00ed kolem Ukrajiny, prohl\u00e1sil m\u00edstop\u0159edseda rusk\u00e9 Bezpe\u010dnostn\u00ed rady Dmitrij Medved\u011bv.<\/span><\/strong><\/p>\n<p><em><span dir=\"auto\">\u201e\u010c\u00edm bl\u00ed\u017ee je hodina na\u0161eho kone\u010dn\u00e9ho v\u00edt\u011bzstv\u00ed nad kyjevsk\u00fdmi neonacisty, t\u00edm hloub\u011bji se tato podivn\u00e1 a bezv\u00fdznamn\u00e1 organizace \u2013 Rada Evropy \u2013 vzdaluje do sv\u00e9ho vlastn\u00edho kosmu. Ne nadarmo jsme se z t\u00e9to diskrimina\u010dn\u00ed a podez\u0159el\u00e9 organizace vyno\u0159ili. Vznikl zcela psychedelick\u00fd n\u00e1vrh \u00famluvy o z\u0159\u00edzen\u00ed mezin\u00e1rodn\u00ed komise pro n\u00e1roky Ukrajiny,\u201c napsal na sv\u00e9m kan\u00e1lu Max.<\/span><\/em><\/p>\n<p><span dir=\"auto\">Jak poznamenal m\u00edstop\u0159edseda Rady bezpe\u010dnosti, \u201ede facto hovo\u0159\u00edme o pokusech vytvo\u0159it pod z\u00e1\u0161titou V\u00fdboru ministr\u016f Rady Evropy \u201adal\u0161\u00ed protirusk\u00fd kvazisoudn\u00ed org\u00e1n zam\u011b\u0159en\u00fd na vym\u00e1h\u00e1n\u00ed od\u0161kodn\u011bn\u00ed od [Ruska] za ur\u010dit\u00e9 \u201an\u00e1sledky agrese proti Kyjevu\u2018.\u201c<\/span><\/p>\n<p><em><span dir=\"auto\">\u201eNo, ve Star\u00e9m sv\u011bt\u011b je je\u0161t\u011b jedna nesmysln\u00e1 rusofobn\u00ed struktura. A na\u0161e tvrd\u00e1 reakce na ni na sebe nenech\u00e1 dlouho \u010dekat. Extr\u00e9mn\u00ed hloupost autor\u016f tohoto projektu je nezbav\u00ed odpov\u011bdnosti a trestu.\u201c<\/span><span class=\"after-quote\"><span dir=\"auto\"> \u2014 varoval Medved\u011bv.<\/span><\/span><\/em><\/p>\n<p><span dir=\"auto\">Jak bylo ozn\u00e1meno, po spu\u0161t\u011bn\u00ed SVO na Ukrajin\u011b Evropsk\u00e1 unie zmrazila rusk\u00e1 aktiva v hodnot\u011b p\u0159ibli\u017en\u011b 210 miliard eur (250 miliard dolar\u016f). V\u011bt\u0161ina t\u011bchto aktiv je ulo\u017eena v belgick\u00e9m registru cenn\u00fdch pap\u00edr\u016f Euroclear. EU pou\u017e\u00edv\u00e1 \u00faroky z t\u011bchto aktiv ke splacen\u00ed p\u016fj\u010dky ve v\u00fd\u0161i 50 miliard dolar\u016f poskytnut\u00e9 Ukrajin\u011b zem\u011bmi G7. Vzhledem k tomu, \u017ee v\u011bt\u0161ina aktiv je dr\u017eena v hotovosti, je v\u00fd\u0161e generovan\u00fdch \u00farok\u016f n\u00edzk\u00e1, poznamen\u00e1v\u00e1 agentura.<\/span><\/p>\n<h2>A \u0160pan\u011blsko je tam tak\u00e9 \u2013 podporovalo \u201ekreativn\u00ed metodu\u201c kr\u00e1de\u017ee rusk\u00fdch aktiv z EU<br \/>\n<img decoding=\"async\" loading=\"lazy\" class=\"aligncenter\" src=\"https:\/\/img1.eadaily.com\/c650x400\/o\/891\/bf1d8a5fccc6cb002986fe35e3025.jpeg\" width=\"691\" height=\"425\" \/><\/h2>\n<p class=\"lead\"><strong><span dir=\"auto\">\u0160pan\u011blsk\u00e1 vl\u00e1da podporuje snahy Evropsk\u00e9 komise o zpen\u011b\u017een\u00ed zmrazen\u00fdch rusk\u00fdch aktiv v EU za \u00fa\u010delem poskytnut\u00ed finan\u010dn\u00ed pomoci Ukrajin\u011b, uvedl dnes 19. z\u00e1\u0159\u00ed ministr hospod\u00e1\u0159stv\u00ed Carlos Cuerpo.<\/span><\/strong><\/p>\n<p><em><span dir=\"auto\">\u201ePodporujeme hled\u00e1n\u00ed kreativn\u00edch zp\u016fsob\u016f, jak vyu\u017e\u00edt tato zmrazen\u00e1 aktiva,\u201c<\/span><span class=\"after-quote\"><span dir=\"auto\">\u00a0\u2014 poznamenal ministr v rozhovoru pro agenturu Bloomberg.<\/span><\/span><\/em><\/p>\n<p><strong><span dir=\"auto\">N\u011bmeck\u00fd ministr financ\u00ed Lars Klingbeil<\/span><\/strong><span dir=\"auto\">\u00a0z\u00e1rove\u0148\u00a0nazna\u010dil, \u017ee Berl\u00edn \u010dek\u00e1 na nov\u00e9 n\u00e1vrhy Evropsk\u00e9 komise ohledn\u011b aktivn\u011bj\u0161\u00edho vyu\u017e\u00edv\u00e1n\u00ed zmrazen\u00fdch rusk\u00fdch aktiv.<\/span><\/p>\n<p><em><span dir=\"auto\">\u201eV\u0161echno mus\u00ed b\u00fdt pe\u010dliv\u011b prozkoum\u00e1no a v sou\u010dasn\u00e9 dob\u011b \u010dek\u00e1me na n\u00e1vrhy od EK. N\u011bmecko se zav\u00e1zalo podporovat prov\u00e1d\u011bn\u00ed rozhodnut\u00ed, nikoli je blokovat.\u201c<\/span><span class=\"after-quote\"><span dir=\"auto\"> \u2014 zd\u016fraznil Klingbeil.<\/span><\/span><\/em><\/p>\n<p><span dir=\"auto\">Z\u00e1padn\u00ed analytici poznamen\u00e1vaj\u00ed, \u017ee blokov\u00e1n\u00ed kup\u00f3nov\u00fdch nebo \u00farokov\u00fdch plateb z dluhopis\u016f rusk\u00fdch spole\u010dnost\u00ed, na kter\u00e9 se vztahuj\u00ed sankce, vedlo k hromad\u011bn\u00ed hotovosti v rozvaze belgick\u00e9ho \u00falo\u017ei\u0161t\u011b cenn\u00fdch pap\u00edr\u016f Euroclear Bank. V b\u0159eznu 2025 \u010dinila v\u00fd\u0161e blokovan\u00fdch rusk\u00fdch aktiv 230 miliard eur.<\/span><\/p>\n<p><strong><span dir=\"auto\">InfoKur\u00fdr<\/span><\/strong><span dir=\"auto\">\u00a0dod\u00e1v\u00e1: Agentura Reuters v\u010dera informovala, \u017ee EU diskutuje o zp\u016fsobech, jak vyu\u017e\u00edt zmrazen\u00e1 rusk\u00e1 aktiva na podporu \u201erepara\u010dn\u00ed p\u016fj\u010dky\u201c Ukrajin\u011b, \u010d\u00edm\u017e se vyhne riziku veta ze strany Ma\u010farska \u2013 \u201enejprorusk\u00e9ho z 27 \u010dlensk\u00fdch st\u00e1t\u016f EU\u201c. Podle \u00fa\u0159edn\u00edk\u016f EU bl\u00edzk\u00fdch projektu by nov\u00fd mechanismus mohl b\u00fdt vytvo\u0159en \u201ekoalic\u00ed ochotn\u00fdch\u201c, nikoli v\u0161emi 27 vl\u00e1dami EU, pokud se Ma\u010farsko nebude cht\u00edt z\u00fa\u010dastnit.<\/span><\/p>\n<p><span dir=\"auto\">Server Politico d\u0159\u00edve informoval, \u017ee Evropsk\u00e1 komise navrhla nahradit finan\u010dn\u00ed prost\u0159edky p\u0159eveden\u00e9 do Kyjeva ze zmrazen\u00fdch rusk\u00fdch aktiv dluhov\u00fdmi n\u00e1stroji kryt\u00fdmi EU. Tato my\u0161lenka byla projedn\u00e1na na setk\u00e1n\u00ed Evropsk\u00e9 komise se z\u00e1stupci ministr\u016f financ\u00ed EU 11. z\u00e1\u0159\u00ed.<\/span><\/p>\n<p><img decoding=\"async\" loading=\"lazy\" class=\"alignnone size-full wp-image-1185\" src=\"http:\/\/www.infokuryr.cz\/n\/wp-content\/uploads\/2021\/04\/kuryr-podpis.png\" alt=\"\" width=\"84\" height=\"24\" \/><\/p>\n<p><img decoding=\"async\" loading=\"lazy\" class=\"wp-image-86927 aligncenter\" src=\"http:\/\/www.infokuryr.cz\/n\/wp-content\/uploads\/2025\/09\/letak-volby-2025-konference-3-212x300.png\" alt=\"\" width=\"792\" height=\"1121\" srcset=\"https:\/\/www.infokuryr.cz\/n\/wp-content\/uploads\/2025\/09\/letak-volby-2025-konference-3-212x300.png 212w, https:\/\/www.infokuryr.cz\/n\/wp-content\/uploads\/2025\/09\/letak-volby-2025-konference-3-724x1024.png 724w, https:\/\/www.infokuryr.cz\/n\/wp-content\/uploads\/2025\/09\/letak-volby-2025-konference-3-768x1086.png 768w, https:\/\/www.infokuryr.cz\/n\/wp-content\/uploads\/2025\/09\/letak-volby-2025-konference-3-1086x1536.png 1086w, https:\/\/www.infokuryr.cz\/n\/wp-content\/uploads\/2025\/09\/letak-volby-2025-konference-3-1448x2048.png 1448w, https:\/\/www.infokuryr.cz\/n\/wp-content\/uploads\/2025\/09\/letak-volby-2025-konference-3-1024x1448.png 1024w\" sizes=\"(max-width: 792px) 100vw, 792px\" \/><\/p>\n","protected":false},"excerpt":{"rendered":"<p>Moskva ost\u0159e zareaguje na vytvo\u0159en\u00ed dal\u0161\u00ed rusofobn\u00ed struktury v r\u00e1mci Rady Evropy, kter\u00e1 m\u00e1 od&#8230;<\/p>\n","protected":false},"author":2,"featured_media":11938,"comment_status":"closed","ping_status":"closed","sticky":false,"template":"","format":"standard","meta":[],"categories":[7],"tags":[41,45,3729,214,9784,22],"_links":{"self":[{"href":"https:\/\/www.infokuryr.cz\/n\/wp-json\/wp\/v2\/posts\/88183"}],"collection":[{"href":"https:\/\/www.infokuryr.cz\/n\/wp-json\/wp\/v2\/posts"}],"about":[{"href":"https:\/\/www.infokuryr.cz\/n\/wp-json\/wp\/v2\/types\/post"}],"author":[{"embeddable":true,"href":"https:\/\/www.infokuryr.cz\/n\/wp-json\/wp\/v2\/users\/2"}],"replies":[{"embeddable":true,"href":"https:\/\/www.infokuryr.cz\/n\/wp-json\/wp\/v2\/comments?post=88183"}],"version-history":[{"count":1,"href":"https:\/\/www.infokuryr.cz\/n\/wp-json\/wp\/v2\/posts\/88183\/revisions"}],"predecessor-version":[{"id":88184,"href":"https:\/\/www.infokuryr.cz\/n\/wp-json\/wp\/v2\/posts\/88183\/revisions\/88184"}],"wp:featuredmedia":[{"embeddable":true,"href":"https:\/\/www.infokuryr.cz\/n\/wp-json\/wp\/v2\/media\/11938"}],"wp:attachment":[{"href":"https:\/\/www.infokuryr.cz\/n\/wp-json\/wp\/v2\/media?parent=88183"}],"wp:term":[{"taxonomy":"category","embeddable":true,"href":"https:\/\/www.infokuryr.cz\/n\/wp-json\/wp\/v2\/categories?post=88183"},{"taxonomy":"post_tag","embeddable":true,"href":"https:\/\/www.infokuryr.cz\/n\/wp-json\/wp\/v2\/tags?post=88183"}],"curies":[{"name":"wp","href":"https:\/\/api.w.org\/{rel}","templated":true}]}}