{"id":88173,"date":"2025-09-20T00:22:05","date_gmt":"2025-09-19T22:22:05","guid":{"rendered":"https:\/\/www.infokuryr.cz\/n\/?p=88173"},"modified":"2025-09-19T13:02:18","modified_gmt":"2025-09-19T11:02:18","slug":"krvavy-den-pro-izrael-sest-vojaku-zabitych-v-gaze-a-na-zapadnim-brehu-jordanu","status":"publish","type":"post","link":"https:\/\/www.infokuryr.cz\/n\/2025\/09\/20\/krvavy-den-pro-izrael-sest-vojaku-zabitych-v-gaze-a-na-zapadnim-brehu-jordanu\/","title":{"rendered":"Krvav\u00fd den pro Izrael, \u0161est voj\u00e1k\u016f zabit\u00fdch v Gaze a na Z\u00e1padn\u00edm b\u0159ehu Jord\u00e1nu"},"content":{"rendered":"<div id=\"fb-root\"><\/div>\n<p><strong><span dir=\"auto\">\u0160est izraelsk\u00fdch voj\u00e1k\u016f bylo zabito 18. z\u00e1\u0159\u00ed p\u0159i dvou samostatn\u00fdch \u00fatoc\u00edch, k nim\u017e do\u0161lo na okupovan\u00e9m Z\u00e1padn\u00edm b\u0159ehu Jord\u00e1nu a v p\u00e1smu Gazy, kde Izraelsk\u00e9 obrann\u00e9 s\u00edly (IDF) vedou rozs\u00e1hlou ofenzivu.<\/span><\/strong><\/p>\n<p><span dir=\"auto\">Odpoledne byli p\u0159i st\u0159elb\u011b a \u00fatoku no\u017eem pobl\u00ed\u017e hrani\u010dn\u00edho p\u0159echodu Allenby mezi Z\u00e1padn\u00edm b\u0159ehem Jord\u00e1nu a Jord\u00e1nskem zabiti dva voj\u00e1ci, z\u00e1lo\u017en\u00edk civiln\u00ed spr\u00e1vy a sty\u010dn\u00fd d\u016fstojn\u00edk se zahrani\u010dn\u00edmi silami v jednotce mezin\u00e1rodn\u00ed spolupr\u00e1ce Tevel izraelsk\u00fdch obrann\u00fdch sil. \u00dato\u010dn\u00edk byl identifikov\u00e1n jako jord\u00e1nsk\u00fd ob\u010dan, kter\u00fd \u0159\u00eddil humanit\u00e1rn\u00ed kamion sm\u011b\u0159uj\u00edc\u00ed do Gazy.<\/span><\/p>\n<p><span dir=\"auto\">Izraelsk\u00e9 obrann\u00e9 s\u00edly po \u00fatoku uvedly, \u017ee bezpe\u010dnostn\u00ed s\u00edly na m\u00edst\u011b \u00fatoku \u201eneutralizovaly teroristu\u201c a dodaly, \u017ee voj\u00e1ci v oblasti prohled\u00e1vaj\u00ed okol\u00ed a hledaj\u00ed dal\u0161\u00ed podez\u0159el\u00e9, a kr\u00e1tce obkl\u00ed\u010dily nedalek\u00e9 m\u011bsto Jericho.<\/span><\/p>\n<p><span dir=\"auto\">Jord\u00e1nsk\u00e9 ministerstvo zahrani\u010d\u00ed ve sv\u00e9m prohl\u00e1\u0161en\u00ed ozn\u00e1milo, \u017ee bezpe\u010dnostn\u00ed slo\u017eky zem\u011b zah\u00e1jily vy\u0161et\u0159ov\u00e1n\u00ed \u201est\u0159elby\u201c na izraelsk\u00e9 stran\u011b hrani\u010dn\u00edho p\u0159echodu Allenby.<\/span><\/p>\n<p><iframe loading=\"lazy\" src=\"https:\/\/s5.cdnstatic.space\/wp-content\/uploads\/2025\/09\/crossing.mp4\" width=\"600\" height=\"338\" data-mce-fragment=\"1\"><\/iframe><\/p>\n<p><span dir=\"auto\">\u00datok na Allenby Crossing byl zjevn\u011b reakc\u00ed na prob\u00edhaj\u00edc\u00ed ofenz\u00edvu IDF v Gaze s kryc\u00edm n\u00e1zvem \u201eOperace Gideonovy vozy B\u201c, kter\u00e1 za\u010dala o dva dny d\u0159\u00edve.<\/span><\/p>\n<p><span dir=\"auto\">Stanice Al-D\u017eaz\u00edra s odvol\u00e1n\u00edm na palestinsk\u00e9 zdravotnick\u00e9 \u010dinitele uvedla, \u017ee p\u0159i izraelsk\u00fdch \u00fatoc\u00edch v p\u00e1smu bylo b\u011bhem dne zabito 48 Palestinc\u016f, z toho 37 v Gaze.<\/span><\/p>\n<p><span dir=\"auto\">98. divize IDF, elitn\u00ed formace v\u00fdsadk\u00e1\u0159\u016f a komand, v sou\u010dasn\u00e9 dob\u011b operuje v Gaze po boku 162. divize, kter\u00e1 tam byla nasazena ji\u017e p\u0159ed zah\u00e1jen\u00edm ofenz\u00edvy. T\u0159et\u00ed divize, 36., se m\u00e1 k ofenz\u00edv\u011b p\u0159ipojit v nadch\u00e1zej\u00edc\u00edch dnech.<\/span><\/p>\n<p><span dir=\"auto\">Izraelsk\u00e9 obrann\u00e9 s\u00edly (IDF) b\u011bhem dne nehl\u00e1sily \u017e\u00e1dn\u00fd pokrok, ale uvedly, \u017ee Gazu ji\u017e opustilo 450 000 Palestinc\u016f z milionu, kte\u0159\u00ed \u017eili v Gaze.<\/span><\/p>\n<p><iframe loading=\"lazy\" src=\"https:\/\/s5.cdnstatic.space\/wp-content\/uploads\/2025\/09\/gaza1.mp4\" width=\"600\" height=\"338\" data-mce-fragment=\"1\"><\/iframe><\/p>\n<p><iframe loading=\"lazy\" src=\"https:\/\/s5.cdnstatic.space\/wp-content\/uploads\/2025\/09\/gaza2.mp4\" width=\"600\" height=\"338\" data-mce-fragment=\"1\"><\/iframe><\/p>\n<p><span dir=\"auto\">Zat\u00edmco IDF se v Gaze zat\u00edm nesetkala s \u017e\u00e1dn\u00fdm odporem ze strany Ham\u00e1su ani jin\u00fdch palestinsk\u00fdch ozbrojen\u00fdch frakc\u00ed, r\u00e1no utrp\u011bla \u00fader v ji\u017en\u00ed \u010d\u00e1sti P\u00e1sma, konkr\u00e9tn\u011b v Raf\u00e1hu, kde bomba u silnice zas\u00e1hla obrn\u011bn\u00e9 vozidlo Humvee a zabila \u010dty\u0159i voj\u00e1ky.<\/span><\/p>\n<p><span dir=\"auto\">Izraelsk\u00e9 obrann\u00e9 s\u00edly (IDF) \u00famrt\u00ed potvrdily pozd\u011bji v noci a odhalily, \u017ee v\u0161ichni \u010dty\u0159i zabit\u00ed voj\u00e1ci slou\u017eili v praporu Dekel d\u016fstojnick\u00e9 \u0161koly Bahad 1. Jeden z nich byl velitelem roty, zat\u00edmco dal\u0161\u00ed t\u0159i voj\u00e1ci byli kadeti.<\/span><\/p>\n<div id=\"attachment_229494\" class=\"wp-caption aligncenter\" style=\"width: 609px;\"><a href=\"https:\/\/s5.cdnstatic.space\/wp-content\/uploads\/2025\/09\/photo_2025-09-18_20-04-49-2.jpg\" target=\"_blank\" rel=\"noopener\"><img decoding=\"async\" loading=\"lazy\" class=\"wp-image-229494\" title=\"Krvav\u00fd den pro Izrael, \u0161est voj\u00e1k\u016f zabit\u00fdch v Gaze a na Z\u00e1padn\u00edm b\u0159ehu Jord\u00e1nu (videa, fotografie)\" src=\"https:\/\/s5.cdnstatic.space\/wp-content\/uploads\/2025\/09\/photo_2025-09-18_20-04-49-2-490x276.jpg\" sizes=\"auto, (max-width: 600px) 100vw, 600px\" srcset=\"https:\/\/s5.cdnstatic.space\/wp-content\/uploads\/2025\/09\/photo_2025-09-18_20-04-49-2-490x276.jpg 490w, https:\/\/s5.cdnstatic.space\/wp-content\/uploads\/2025\/09\/photo_2025-09-18_20-04-49-2-768x432.jpg 768w, https:\/\/s5.cdnstatic.space\/wp-content\/uploads\/2025\/09\/photo_2025-09-18_20-04-49-2.jpg 960w\" alt=\"Krvav\u00fd den pro Izrael, \u0161est voj\u00e1k\u016f zabit\u00fdch v Gaze a na Z\u00e1padn\u00edm b\u0159ehu Jord\u00e1nu (videa, fotografie)\" width=\"609\" height=\"343\" aria-describedby=\"caption-attachment-229494\" \/><\/a><\/p>\n<p id=\"caption-attachment-229494\" class=\"wp-caption-text\"><span dir=\"auto\">Kliknut\u00edm zobraz\u00edte obr\u00e1zek v pln\u00e9 velikosti. (Telegram)<\/span><\/p>\n<\/div>\n<div id=\"attachment_229493\" class=\"wp-caption aligncenter\" style=\"width: 609px;\"><a href=\"https:\/\/s5.cdnstatic.space\/wp-content\/uploads\/2025\/09\/photo_2025-09-18_20-04-49.jpg\" target=\"_blank\" rel=\"noopener\"><img decoding=\"async\" loading=\"lazy\" class=\"wp-image-229493\" title=\"Krvav\u00fd den pro Izrael, \u0161est voj\u00e1k\u016f zabit\u00fdch v Gaze a na Z\u00e1padn\u00edm b\u0159ehu Jord\u00e1nu (videa, fotografie)\" src=\"https:\/\/s5.cdnstatic.space\/wp-content\/uploads\/2025\/09\/photo_2025-09-18_20-04-49-490x276.jpg\" sizes=\"auto, (max-width: 600px) 100vw, 600px\" srcset=\"https:\/\/s5.cdnstatic.space\/wp-content\/uploads\/2025\/09\/photo_2025-09-18_20-04-49-490x276.jpg 490w, https:\/\/s5.cdnstatic.space\/wp-content\/uploads\/2025\/09\/photo_2025-09-18_20-04-49-768x432.jpg 768w, https:\/\/s5.cdnstatic.space\/wp-content\/uploads\/2025\/09\/photo_2025-09-18_20-04-49.jpg 960w\" alt=\"Krvav\u00fd den pro Izrael, \u0161est voj\u00e1k\u016f zabit\u00fdch v Gaze a na Z\u00e1padn\u00edm b\u0159ehu Jord\u00e1nu (videa, fotografie)\" width=\"609\" height=\"343\" aria-describedby=\"caption-attachment-229493\" \/><\/a><\/p>\n<p id=\"caption-attachment-229493\" class=\"wp-caption-text\"><span dir=\"auto\">Kliknut\u00edm zobraz\u00edte obr\u00e1zek v pln\u00e9 velikosti. (Telegram)<\/span><\/p>\n<\/div>\n<p><span dir=\"auto\">Ofenz\u00edva v Gaze m\u00e1 \u00fadajn\u011b donutit Ham\u00e1s k odzbrojen\u00ed, propu\u0161t\u011bn\u00ed v\u0161ech zb\u00fdvaj\u00edc\u00edch rukojm\u00edch a \u00fapln\u00e9mu opu\u0161t\u011bn\u00ed Gazy.<\/span><\/p>\n<p><span dir=\"auto\">\u00datoky na hrani\u010dn\u00edm p\u0159echodu Allenby a v Rafahu jsou pravd\u011bpodobn\u011b jen za\u010d\u00e1tkem reakce na ofenz\u00edvu IDF. Zat\u00edmco Izrael pravd\u011bpodobn\u011b nakonec obsad\u00ed cel\u00e9 m\u011bsto Gaza, Ham\u00e1s se pravd\u011bpodobn\u011b nevzd\u00e1. Tragick\u00e1 humanit\u00e1rn\u00ed situace Palestinc\u016f v p\u00e1smu nav\u00edc pravd\u011bpodobn\u011b vyvine v\u011bt\u0161\u00ed tlak na Izrael.<\/span><\/p>\n<p><img decoding=\"async\" loading=\"lazy\" class=\"alignnone size-full wp-image-1185\" src=\"http:\/\/www.infokuryr.cz\/n\/wp-content\/uploads\/2021\/04\/kuryr-podpis.png\" alt=\"\" width=\"84\" height=\"24\" \/><\/p>\n<p><img decoding=\"async\" loading=\"lazy\" class=\"wp-image-86927 aligncenter\" src=\"http:\/\/www.infokuryr.cz\/n\/wp-content\/uploads\/2025\/09\/letak-volby-2025-konference-3-212x300.png\" alt=\"\" width=\"815\" height=\"1153\" srcset=\"https:\/\/www.infokuryr.cz\/n\/wp-content\/uploads\/2025\/09\/letak-volby-2025-konference-3-212x300.png 212w, https:\/\/www.infokuryr.cz\/n\/wp-content\/uploads\/2025\/09\/letak-volby-2025-konference-3-724x1024.png 724w, https:\/\/www.infokuryr.cz\/n\/wp-content\/uploads\/2025\/09\/letak-volby-2025-konference-3-768x1086.png 768w, https:\/\/www.infokuryr.cz\/n\/wp-content\/uploads\/2025\/09\/letak-volby-2025-konference-3-1086x1536.png 1086w, https:\/\/www.infokuryr.cz\/n\/wp-content\/uploads\/2025\/09\/letak-volby-2025-konference-3-1448x2048.png 1448w, https:\/\/www.infokuryr.cz\/n\/wp-content\/uploads\/2025\/09\/letak-volby-2025-konference-3-1024x1448.png 1024w\" sizes=\"(max-width: 815px) 100vw, 815px\" \/><\/p>\n","protected":false},"excerpt":{"rendered":"<p>\u0160est izraelsk\u00fdch voj\u00e1k\u016f bylo zabito 18. z\u00e1\u0159\u00ed p\u0159i dvou samostatn\u00fdch \u00fatoc\u00edch, k nim\u017e do\u0161lo na&#8230;<\/p>\n","protected":false},"author":2,"featured_media":88174,"comment_status":"closed","ping_status":"closed","sticky":false,"template":"","format":"standard","meta":[],"categories":[7],"tags":[348,107,871,2369],"_links":{"self":[{"href":"https:\/\/www.infokuryr.cz\/n\/wp-json\/wp\/v2\/posts\/88173"}],"collection":[{"href":"https:\/\/www.infokuryr.cz\/n\/wp-json\/wp\/v2\/posts"}],"about":[{"href":"https:\/\/www.infokuryr.cz\/n\/wp-json\/wp\/v2\/types\/post"}],"author":[{"embeddable":true,"href":"https:\/\/www.infokuryr.cz\/n\/wp-json\/wp\/v2\/users\/2"}],"replies":[{"embeddable":true,"href":"https:\/\/www.infokuryr.cz\/n\/wp-json\/wp\/v2\/comments?post=88173"}],"version-history":[{"count":0,"href":"https:\/\/www.infokuryr.cz\/n\/wp-json\/wp\/v2\/posts\/88173\/revisions"}],"wp:featuredmedia":[{"embeddable":true,"href":"https:\/\/www.infokuryr.cz\/n\/wp-json\/wp\/v2\/media\/88174"}],"wp:attachment":[{"href":"https:\/\/www.infokuryr.cz\/n\/wp-json\/wp\/v2\/media?parent=88173"}],"wp:term":[{"taxonomy":"category","embeddable":true,"href":"https:\/\/www.infokuryr.cz\/n\/wp-json\/wp\/v2\/categories?post=88173"},{"taxonomy":"post_tag","embeddable":true,"href":"https:\/\/www.infokuryr.cz\/n\/wp-json\/wp\/v2\/tags?post=88173"}],"curies":[{"name":"wp","href":"https:\/\/api.w.org\/{rel}","templated":true}]}}