{"id":88138,"date":"2025-09-19T00:33:45","date_gmt":"2025-09-18T22:33:45","guid":{"rendered":"https:\/\/www.infokuryr.cz\/n\/?p=88138"},"modified":"2025-09-19T07:01:15","modified_gmt":"2025-09-19T05:01:15","slug":"ve-svetle-nedavnych-udalosti-ktere-se-tykaji-predvolebni-kampane-hnuti-spd-v-karlovarskem-kraji-se-objevuji-vazna-obvineni","status":"publish","type":"post","link":"https:\/\/www.infokuryr.cz\/n\/2025\/09\/19\/ve-svetle-nedavnych-udalosti-ktere-se-tykaji-predvolebni-kampane-hnuti-spd-v-karlovarskem-kraji-se-objevuji-vazna-obvineni\/","title":{"rendered":"Ve sv\u011btle ned\u00e1vn\u00fdch ud\u00e1lost\u00ed, kter\u00e9 se t\u00fdkaj\u00ed p\u0159edvolebn\u00ed kampan\u011b hnut\u00ed SPD  v Karlovarsk\u00e9m kraji, se objevuj\u00ed v\u00e1\u017en\u00e1 obvin\u011bn\u00ed&#8230;"},"content":{"rendered":"<div id=\"fb-root\"><\/div>\n<p><strong>Ve sv\u011btle ned\u00e1vn\u00fdch ud\u00e1lost\u00ed, kter\u00e9 se t\u00fdkaj\u00ed p\u0159edvolebn\u00ed kampan\u011b hnut\u00ed SPD v Karlovarsk\u00e9m kraji, se objevuj\u00ed v\u00e1\u017en\u00e1 obvin\u011bn\u00ed, kter\u00e1 zpochyb\u0148uj\u00ed etiku a pravdivost volebn\u00edch materi\u00e1l\u016f, kter\u00e9 jsou ve\u0159ejnosti p\u0159edkl\u00e1d\u00e1ny. P\u0159edseda PRO Karlovarsk\u00e9ho kraje PhDr. Michal Ri\u0161ko toti\u017e ve\u0159ejn\u011b upozornil na z\u00e1va\u017en\u00e9 manipulace a l\u017ei, kter\u00e9 jsou sou\u010d\u00e1st\u00ed p\u0159edvolebn\u00ed propagandy SPD, konkr\u00e9tn\u011b poslankyn\u011b Karly Ma\u0159\u00edkov\u00e9.<\/strong><\/p>\n<p>Vyzval ji, aby okam\u017eit\u011b odstranila l\u017eiv\u00e9 p\u0159edvolebn\u00ed materi\u00e1ly, kter\u00e9 vytv\u00e1\u0159ej\u00ed dojem, \u017ee SPD v Karlovarsk\u00e9m kraji spolupracuje s Trikolorou, Svobodn\u00fdmi a stranou PRO. Tato informace je v\u0161ak zcela nepravdiv\u00e1, jak jasn\u011b potvrzuje ofici\u00e1ln\u00ed kandid\u00e1tn\u00ed listina SPD, kter\u00e1 na webu www.volby.cz neuv\u00e1d\u00ed ani jednoho \u010dlena z uveden\u00fdch stran na sv\u00e9 kandid\u00e1tce.<\/p>\n<h3><strong>L\u017eiv\u00e9 plak\u00e1ty politick\u00e9 kampan\u011b, jsou rozm\u00edst\u011bny doslova po cel\u00e9 republice.<\/strong><\/h3>\n<p>SPD v Karlovarsk\u00e9m kraji, pod veden\u00edm Karly Ma\u0159\u00edkov\u00e9, pou\u017e\u00edv\u00e1 plak\u00e1ty, kter\u00e9 klamou ve\u0159ejnost a vytv\u00e1\u0159ej\u00ed fale\u0161nou p\u0159edstavu o spolupr\u00e1ci s jin\u00fdmi politick\u00fdmi stranami. Plak\u00e1ty, kter\u00e9 byly vyv\u011b\u0161eny na ve\u0159ejn\u00fdch m\u00edstech, ukazuj\u00ed spojen\u00ed, kter\u00e9 ve skute\u010dnosti nikdy neexistovalo<strong>.<\/strong> SPD se v kampani sna\u017e\u00ed parazitovat na \u00fasp\u011b\u0161\u00edch jin\u00fdch politick\u00fdch formac\u00ed, p\u0159i\u010dem\u017e v tomto kraji spolupr\u00e1ci s t\u011bmito subjekty odm\u00edtla. Tento druh propagandy je nejen zav\u00e1d\u011bj\u00edc\u00ed, ale p\u0159\u00edmo neetick\u00fd, proto\u017ee zneu\u017e\u00edv\u00e1 d\u016fv\u011bru voli\u010d\u016f a manipuluje s jejich rozhodov\u00e1n\u00edm.<\/p>\n<h3><strong>Zneu\u017e\u00edv\u00e1n\u00ed politick\u00fdch partner\u016f<\/strong><\/h3>\n<p>PhDr. Michal Ri\u0161ko v tomto kontextu zd\u016fraz\u0148uje, \u017ee takov\u00e1to manipulace je podvodn\u00e1 a l\u017eiv\u00e1. Vytv\u00e1\u0159en\u00ed dojm\u016f o fiktivn\u00edch koalic\u00edch nebo spoluprac\u00edch mezi politick\u00fdmi subjekty, kter\u00e9 nikdy neexistovaly, je typick\u00fdm p\u0159\u00edkladem politick\u00e9ho podvodu. Tato taktika m\u00e1 za c\u00edl zm\u00e1st voli\u010de a p\u0159im\u011bt je k hlasov\u00e1n\u00ed pro SPD, jako by byla sou\u010d\u00e1st\u00ed \u0161ir\u0161\u00ed, politicky siln\u00e9 koalice, kter\u00e1 ale ve skute\u010dnosti nen\u00ed re\u00e1ln\u00e1. Takov\u00e1 manipulace je obzvl\u00e1\u0161t\u011b nebezpe\u010dn\u00e1 ve chv\u00edl\u00edch, kdy se ob\u010dan\u00e9 rozhoduj\u00ed o budoucnosti sv\u00e9ho kraje a cel\u00e9 zem\u011b.<\/p>\n<h3><strong>V\u00fdzva Michala Ri\u0161ka k odstran\u011bn\u00ed l\u017eiv\u00fdch a klamav\u00fdch materi\u00e1l\u016f SPD<\/strong><\/h3>\n<p><strong><em>Ri\u0161ko v tomto kontextu jasn\u011b vyzval Karlu Ma\u0159\u00edkovou, aby okam\u017eit\u011b odstranila ve\u0161ker\u00e9 l\u017eiv\u00e9 plak\u00e1ty a dal\u0161\u00ed materi\u00e1ly, kter\u00e9 obsahuj\u00ed nep\u0159esn\u00e9 a nepravdiv\u00e9 informace. \u201eTakov\u00e9 jedn\u00e1n\u00ed pova\u017euji za podvodn\u00e9 a l\u017eiv\u00e9. Fale\u0161n\u011b parazituje na spolupr\u00e1ci s jin\u00fdmi krajsk\u00fdmi organizacemi, kter\u00e9 nikdy v Karlovarsk\u00e9m kraji neexistovaly,\u201c uvedl Ri\u0161ko. Tato v\u00fdzva jasn\u011b ukazuje na zneu\u017e\u00edv\u00e1n\u00ed politick\u00e9 reklamy a na pot\u0159ebu prohlubov\u00e1n\u00ed politick\u00e9 kultury v zemi.<\/em><\/strong><\/p>\n<h3><strong>Ofici\u00e1ln\u00ed d\u016fkazy o manipulaci<\/strong><\/h3>\n<p>Jako d\u016fkaz nepravdivosti tvrzen\u00ed SPD uvedl Michal Ri\u0161ko ofici\u00e1ln\u00ed zve\u0159ejn\u011bn\u00ed kandid\u00e1tn\u00ed listiny SPD na serveru www.volby.cz. Tento zdroj je nezpochybniteln\u00fd a jednozna\u010dn\u011b potvrzuje, \u017ee SPD v Karlovarsk\u00e9m kraji nem\u00e1 na sv\u00e9 kandid\u00e1tce \u017e\u00e1dn\u00e9ho z\u00e1stupce Trikolory, Svobodn\u00fdch nebo PRO, co\u017e je v p\u0159\u00edm\u00e9m rozporu s jejich volebn\u00edmi materi\u00e1ly, kter\u00e9 tyto subjekty myln\u011b uv\u00e1d\u011bj\u00ed jako sv\u00e9 partnery. Tato skute\u010dnost ukazuje, \u017ee SPD se v r\u00e1mci sv\u00e9 kampan\u011b ne\u0161t\u00edt\u00ed pou\u017e\u00edvat l\u017ei a podvodn\u00e9 praktiky k manipulaci ve\u0159ejnosti.<\/p>\n<p>Zdroj:\u00a0<a href=\"https:\/\/www.volby.cz\/app\/ps2025\/cs\/name-lists\/!_1_4100_6\">Jmenn\u00e9 seznamy a p\u0159ehledy | volby.cz<\/a><\/p>\n<p><strong>Dal\u0161\u00edm faktem je t\u00e9m\u011b\u0159 toto\u017en\u00e1 situace ve v\u0161ech kraj\u00edch. Z\u00a0toho vypl\u00fdv\u00e1, \u017ee Rajchl stranu PRO zastupuje na kandid\u00e1tk\u00e1ch SPD jako l\u00eddr v Moravskoslezsk\u00e9m kraji s\u00e1m. Jeden kandid\u00e1t za PRO se podle serveru www.volby.cz objevil v \u00dasteck\u00e9m kraji, a to je v\u0161e.<\/strong><\/p>\n<h3><strong>Etika v politice: Je \u010das na zm\u011bnu<\/strong><\/h3>\n<p>Politika by m\u011bla b\u00fdt zalo\u017eena na d\u016fv\u011b\u0159e a transparentnosti. Jak\u00e9koliv pokusy o manipulaci, lhan\u00ed a \u0161\u00ed\u0159en\u00ed nepravdiv\u00fdch informac\u00ed podkop\u00e1vaj\u00ed z\u00e1klady demokratick\u00e9ho procesu. Voli\u010di maj\u00ed pr\u00e1vo na pravdiv\u00e9 a relevantn\u00ed informace, na jejich\u017e z\u00e1klad\u011b mohou u\u010dinit informovan\u00e9 rozhodnut\u00ed o tom, kdo bude jejich z\u00e1stupcem v krajsk\u00e9 nebo celost\u00e1tn\u00ed politice.<\/p>\n<p>V tomto ohledu je nezbytn\u00e9, aby politi\u010dt\u00ed l\u00edd\u0159i p\u0159estali pou\u017e\u00edvat l\u017eiv\u00e9 taktiky ve sv\u00fdch kampan\u00edch a m\u00edsto toho se zam\u011b\u0159ili na re\u00e1ln\u00e9 a poctiv\u00e9 komunikov\u00e1n\u00ed sv\u00fdch program\u016f a hodnot. Jen tak lze obnovit d\u016fv\u011bru ob\u010dan\u016f v politick\u00fd proces a zajistit, \u017ee budou m\u00edt mo\u017enost volit skute\u010dn\u00e9 p\u0159edstavitele, kte\u0159\u00ed budou pracovat pro jejich dobro, nikoli pro vlastn\u00ed z\u00e1jmy.<\/p>\n<p>Z\u00e1v\u011brem lze konstatovat, \u017ee kampa\u0148 SPD v Karlovarsk\u00e9m kraji, v\u010detn\u011b volebn\u00edch plak\u00e1t\u016f Karly Ma\u0159\u00edkov\u00e9, je p\u0159\u00edkladem toho, jak politick\u00e1 manipulace m\u016f\u017ee ohrozit d\u016fv\u011bru ve volebn\u00ed proces. Voli\u010di maj\u00ed pr\u00e1vo na pravdu, a je na \u010dase, aby si to i politi\u010dt\u00ed p\u0159edstavitel\u00e9 uv\u011bdomili a jednali v souladu s etick\u00fdmi normami.<\/p>\n<p>Michal Ri\u0161ko je odv\u00e1\u017en\u00fd, \u017ee takov\u00e1 prohl\u00e1\u0161en\u00ed zve\u0159ejnil, proto\u017ee pravda podlo\u017eena d\u016fkazy, kter\u00e9 nelze zpochybnit, nen\u00ed \u00fapln\u011b to, za co se v politice chv\u00e1l\u00ed, ale naopak. Podle bli\u017e\u0161\u00edch informac\u00ed Rajchl vyv\u00edj\u00ed na p\u0159edsedu Karlovarsk\u00e9ho kraje n\u00e1tlak, aby rezignoval.<\/p>\n<p><img decoding=\"async\" loading=\"lazy\" class=\"alignnone size-full wp-image-1185\" src=\"http:\/\/www.infokuryr.cz\/n\/wp-content\/uploads\/2021\/04\/kuryr-podpis.png\" alt=\"\" width=\"84\" height=\"24\" \/><\/p>\n<p><img decoding=\"async\" loading=\"lazy\" class=\"wp-image-86739 aligncenter\" src=\"http:\/\/www.infokuryr.cz\/n\/wp-content\/uploads\/2025\/08\/volby-program-211x300.png\" alt=\"\" width=\"829\" height=\"1179\" srcset=\"https:\/\/www.infokuryr.cz\/n\/wp-content\/uploads\/2025\/08\/volby-program-211x300.png 211w, https:\/\/www.infokuryr.cz\/n\/wp-content\/uploads\/2025\/08\/volby-program-721x1024.png 721w, https:\/\/www.infokuryr.cz\/n\/wp-content\/uploads\/2025\/08\/volby-program-768x1091.png 768w, https:\/\/www.infokuryr.cz\/n\/wp-content\/uploads\/2025\/08\/volby-program-1081x1536.png 1081w, https:\/\/www.infokuryr.cz\/n\/wp-content\/uploads\/2025\/08\/volby-program-1024x1455.png 1024w\" sizes=\"(max-width: 829px) 100vw, 829px\" \/><\/p>\n<p>&nbsp;<\/p>\n","protected":false},"excerpt":{"rendered":"<p>Ve sv\u011btle ned\u00e1vn\u00fdch ud\u00e1lost\u00ed, kter\u00e9 se t\u00fdkaj\u00ed p\u0159edvolebn\u00ed kampan\u011b hnut\u00ed SPD v Karlovarsk\u00e9m kraji, se&#8230;<\/p>\n","protected":false},"author":2,"featured_media":62119,"comment_status":"closed","ping_status":"closed","sticky":false,"template":"","format":"standard","meta":[],"categories":[6],"tags":[2992,2135,2663,176,27],"_links":{"self":[{"href":"https:\/\/www.infokuryr.cz\/n\/wp-json\/wp\/v2\/posts\/88138"}],"collection":[{"href":"https:\/\/www.infokuryr.cz\/n\/wp-json\/wp\/v2\/posts"}],"about":[{"href":"https:\/\/www.infokuryr.cz\/n\/wp-json\/wp\/v2\/types\/post"}],"author":[{"embeddable":true,"href":"https:\/\/www.infokuryr.cz\/n\/wp-json\/wp\/v2\/users\/2"}],"replies":[{"embeddable":true,"href":"https:\/\/www.infokuryr.cz\/n\/wp-json\/wp\/v2\/comments?post=88138"}],"version-history":[{"count":0,"href":"https:\/\/www.infokuryr.cz\/n\/wp-json\/wp\/v2\/posts\/88138\/revisions"}],"wp:featuredmedia":[{"embeddable":true,"href":"https:\/\/www.infokuryr.cz\/n\/wp-json\/wp\/v2\/media\/62119"}],"wp:attachment":[{"href":"https:\/\/www.infokuryr.cz\/n\/wp-json\/wp\/v2\/media?parent=88138"}],"wp:term":[{"taxonomy":"category","embeddable":true,"href":"https:\/\/www.infokuryr.cz\/n\/wp-json\/wp\/v2\/categories?post=88138"},{"taxonomy":"post_tag","embeddable":true,"href":"https:\/\/www.infokuryr.cz\/n\/wp-json\/wp\/v2\/tags?post=88138"}],"curies":[{"name":"wp","href":"https:\/\/api.w.org\/{rel}","templated":true}]}}