{"id":88128,"date":"2025-09-19T00:31:24","date_gmt":"2025-09-18T22:31:24","guid":{"rendered":"https:\/\/www.infokuryr.cz\/n\/?p=88128"},"modified":"2025-09-18T18:17:27","modified_gmt":"2025-09-18T16:17:27","slug":"evropsti-levicovi-extremiste-se-tresou-klasifikace-teroristickeho-hnuti-usa-se-tyka-vsech-priznivcu-antify","status":"publish","type":"post","link":"https:\/\/www.infokuryr.cz\/n\/2025\/09\/19\/evropsti-levicovi-extremiste-se-tresou-klasifikace-teroristickeho-hnuti-usa-se-tyka-vsech-priznivcu-antify\/","title":{"rendered":"Evrop\u0161t\u00ed levicov\u00ed extremist\u00e9 se t\u0159esou: Klasifikace teroristick\u00e9ho hnut\u00ed USA se t\u00fdk\u00e1 v\u0161ech p\u0159\u00edznivc\u016f Antify"},"content":{"rendered":"<div id=\"fb-root\"><\/div>\n<p><strong><span dir=\"auto\">Donald Trump ozna\u010dil Antifu za teroristickou organizaci. Po\u017eaduje vy\u0161et\u0159ov\u00e1n\u00ed jej\u00edch finan\u010dn\u00edk\u016f a podporovatel\u016f. V USA nyn\u00ed hroz\u00ed tvrd\u00e9 tresty. V N\u011bmecku v\u0161ak Antifa t\u011b\u017e\u00ed z pen\u011bz da\u0148ov\u00fdch poplatn\u00edk\u016f a ochrany justice. Beztrestn\u011b pron\u00e1sleduje \u010dleny opozice s laskavost\u00ed vl\u00e1dy. Tento dvoj\u00ed metr mus\u00ed skon\u010dit i zde. Trump\u016fv krok ukazuje, co se stane, kdy\u017e st\u00e1t ji\u017e nechr\u00e1n\u00ed levicov\u00e9 extremisty. Dojde brzy v Evrop\u011b k p\u0159ehodnocen\u00ed situace? (<em>Pozn\u00e1mka red.<\/em>:<em>V \u010cesk\u00e9 republice jsou to Pir\u00e1ti s Barto\u0161em, kte\u0159\u00ed jsou na tuto zlo\u010dineckou organizaci napojen\u00ed viz \u00favodn\u00ed fotografie<\/em>)<\/span><\/strong><\/p>\n<p><span dir=\"auto\">Dne 17. z\u00e1\u0159\u00ed 2025 prezident Donald Trump na Truth Social prohl\u00e1sil Antifu za\u00a0<\/span><a href=\"https:\/\/x.com\/WhiteHouse\/status\/1968472434224337221\" target=\"_blank\" rel=\"noreferrer noopener\"><span dir=\"auto\">\u201evelkou teroristickou organizaci\u201c<\/span><\/a><span dir=\"auto\">\u00a0. Popsal ji jako \u201enemocnou, nebezpe\u010dnou, radik\u00e1ln\u011b levicovou katastrofu\u201c. Trump doporu\u010dil, aby finan\u010dn\u00edci skupiny byli \u201ed\u016fkladn\u011b vy\u0161et\u0159eni\u201c a st\u00edh\u00e1ni podle nejvy\u0161\u0161\u00edch pr\u00e1vn\u00edch standard\u016f. Toto ozn\u00e1men\u00ed p\u0159i\u0161lo kr\u00e1tce po vra\u017ed\u011b konzervativn\u00edho aktivisty Charlieho Kirka v Utahu. Dvaadvacetilet\u00fd pravd\u011bpodobn\u00fd pachatel Tyler Robinson byl zat\u010den. \u017dil s transgender osobou a na svou munici si vyryl slogany Antify.<\/span><\/p>\n<p><span dir=\"auto\">Trump\u016fv slib z roku 2020 klasifikovat Antifu jako teroristickou skupinu dosud nebyl spln\u011bn. Administrativa nyn\u00ed podnik\u00e1 rozhodn\u00e9 kroky proti levicov\u00e9mu n\u00e1sil\u00ed. Antifa je s\u00ed\u0165 radik\u00e1ln\u00edch aktivist\u016f. Bojuje proti v\u0161emu, co ozna\u010duje za pravicov\u00e9, \u010dasto s \u0161kodami na majetku, \u010dasto n\u00e1siln\u011b. Trump vyu\u017e\u00edv\u00e1 ozna\u010den\u00ed teroristick\u00e9 organizace k p\u0159eru\u0161en\u00ed finan\u010dn\u00edch tok\u016f Antify. Americk\u00e9 z\u00e1kony p\u0159\u00edsn\u011b zakazuj\u00ed \u201emateri\u00e1ln\u00ed podporu\u201c teroristick\u00fdch organizac\u00ed. Podle 18 USC \u00a7 2339B m\u016f\u017ee spolu\u00fa\u010dast a podpora v\u00e9st k trestu odn\u011bt\u00ed svobody a\u017e na 20 let. V p\u0159\u00edpad\u011b smrti je d\u016fsledkem do\u017eivotn\u00ed v\u011bzen\u00ed.\u00a0<\/span><a href=\"https:\/\/www.state.gov\/executive-order-13224\" target=\"_blank\" rel=\"noreferrer noopener\"><span dir=\"auto\">V\u00fdkonn\u00fd p\u0159\u00edkaz 13224<\/span><\/a><span dir=\"auto\"> zmrazuje majetek podporovatel\u016f.<\/span><\/p>\n<p><span dir=\"auto\">To tvrd\u011b zasahuje \u201enevl\u00e1dn\u00ed organizace\u201c a jejich d\u00e1rce. V na\u0161\u00ed zemi Antifa funguje jako prodlou\u017een\u00e1 ruka vl\u00e1dy. Dost\u00e1v\u00e1 pen\u00edze z dan\u00ed p\u0159\u00edmo i nep\u0159\u00edmo prost\u0159ednictv\u00edm \u201enevl\u00e1dn\u00edch organizac\u00ed\u201c a pod rou\u0161kou politick\u00e9 v\u00fdchovy.\u00a0<\/span><a href=\"https:\/\/report24.news\/schon-2020-gab-gruene-kuenast-zu-politik-will-nicht-die-demokratie-foerdern-sondern-linksextremismus\/\"><span dir=\"auto\">V roce 2020 Renate K\u00fcnast ze Strany zelen\u00fdch otev\u0159en\u011b vyzvala k<\/span><\/a><span dir=\"auto\">\u00a0bezpe\u010dn\u00e9mu financov\u00e1n\u00ed skupin Antifa, aby nemusely bojovat o granty. Tyto dary jsou sm\u011brov\u00e1ny p\u0159es nadace, jako je Nadace Amadeu Antonia, kter\u00e1 financuje protipravicov\u00e9 projekty miliony eur z rozpo\u010dtu. Antifa si v t\u00e9to zemi u\u017e\u00edv\u00e1 volnou ruku. Naru\u0161uje pravicov\u00e9 akce a pron\u00e1sleduje \u010dleny AfD, \u010dleny FP\u00d6 a opozi\u010dn\u00ed osobnosti. Nap\u0159\u00edklad \u201eHammer Gang\u201c kolem \u201eMaji T.\u201c (rozen\u00e9 Simeon T.) bil sv\u00e9 ob\u011bti kladivy a baseballov\u00fdmi p\u00e1lkami. Nicm\u00e9n\u011b n\u011bme\u010dt\u00ed politici od CDU po Levou stranu zelen\u00fdch se T. zastali, proto\u017ee v Ma\u010farsku nem\u016f\u017ee o\u010dek\u00e1vat soudn\u00ed shov\u00edvavost.<\/span><\/p>\n<p><span dir=\"auto\">Trumpova n\u00e1lepka terorista m\u00e1 dopad i na\u00a0<\/span><a href=\"https:\/\/www.opensocietyfoundations.org\/george-soros\" target=\"_blank\" rel=\"noreferrer noopener\"><span dir=\"auto\">George Sorose a jeho nadaci Open Society Foundations,<\/span><\/a><span dir=\"auto\"> z n\u00ed\u017e investuje miliardy do levicov\u00fdch projekt\u016f \u201eob\u010dansk\u00e9 spole\u010dnosti\u201c. Od roku 1979 investoval p\u0159es 32 miliard dolar\u016f do p\u0159etv\u00e1\u0159en\u00ed spole\u010dnosti podle sv\u00e9 vize. S\u00edt\u011b jako Arabella Advisors dost\u00e1vaj\u00ed Sorosovy finan\u010dn\u00ed prost\u0159edky a sm\u011bruj\u00ed je radik\u00e1ln\u00edm skupin\u00e1m. V USA nyn\u00ed d\u00e1rci riskuj\u00ed zmrazen\u00ed aktiv a soudn\u00ed spory za podporu terorismu.<\/span><\/p>\n<p><span dir=\"auto\">Tlak poc\u00edt\u00ed i evropsk\u00fd Wokoharam. Mnoz\u00ed z nich spolupracuj\u00ed transatlanticky s americkou Antifou. Tyto kontakty s teroristick\u00fdmi skupinami budou trestn\u00e9. St\u00e1tn\u00ed podpora levicov\u00fdch \u201enevl\u00e1dn\u00edch organizac\u00ed\u201c m\u016f\u017ee b\u00fdt nyn\u00ed interpretov\u00e1na jako st\u00e1tn\u00ed podpora terorismu. Pod\u00edvejme se, co te\u010f ud\u011blaj\u00ed na\u0161i politici, pro kter\u00e9 byl boj proti krajn\u00ed pravici jedin\u00fdm \u00fa\u010delem vl\u00e1dy. V Evrop\u011b je krajn\u00ed levice posv\u00e1tn\u00e1, st\u00e1tem \u017eiven\u00e1 a chr\u00e1n\u011bn\u00e1. Trump nyn\u00ed v USA obrac\u00ed situaci. St\u00e1t je nyn\u00ed proti nim. V\u00edtr se m\u011bn\u00ed. Brzy se to tak stane i tady.<\/span><\/p>\n<p><em><span dir=\"auto\">Od <a href=\"https:\/\/report24.news\/europas-linksextreme-zittern-us-terroreinstufung-trifft-alle-antifa-unterstuetzer\/\">Chrise Vebera<\/a><\/span><\/em><\/p>\n<p><img decoding=\"async\" loading=\"lazy\" class=\"wp-image-86739 aligncenter\" src=\"http:\/\/www.infokuryr.cz\/n\/wp-content\/uploads\/2025\/08\/volby-program-211x300.png\" alt=\"\" width=\"726\" height=\"1032\" srcset=\"https:\/\/www.infokuryr.cz\/n\/wp-content\/uploads\/2025\/08\/volby-program-211x300.png 211w, https:\/\/www.infokuryr.cz\/n\/wp-content\/uploads\/2025\/08\/volby-program-721x1024.png 721w, https:\/\/www.infokuryr.cz\/n\/wp-content\/uploads\/2025\/08\/volby-program-768x1091.png 768w, https:\/\/www.infokuryr.cz\/n\/wp-content\/uploads\/2025\/08\/volby-program-1081x1536.png 1081w, https:\/\/www.infokuryr.cz\/n\/wp-content\/uploads\/2025\/08\/volby-program-1442x2048.png 1442w, https:\/\/www.infokuryr.cz\/n\/wp-content\/uploads\/2025\/08\/volby-program-1024x1455.png 1024w\" sizes=\"(max-width: 726px) 100vw, 726px\" \/><\/p>\n","protected":false},"excerpt":{"rendered":"<p>Donald Trump ozna\u010dil Antifu za teroristickou organizaci. Po\u017eaduje vy\u0161et\u0159ov\u00e1n\u00ed jej\u00edch finan\u010dn\u00edk\u016f a podporovatel\u016f. V USA&#8230;<\/p>\n","protected":false},"author":2,"featured_media":863,"comment_status":"closed","ping_status":"closed","sticky":false,"template":"","format":"standard","meta":[],"categories":[7],"tags":[70,137,835],"_links":{"self":[{"href":"https:\/\/www.infokuryr.cz\/n\/wp-json\/wp\/v2\/posts\/88128"}],"collection":[{"href":"https:\/\/www.infokuryr.cz\/n\/wp-json\/wp\/v2\/posts"}],"about":[{"href":"https:\/\/www.infokuryr.cz\/n\/wp-json\/wp\/v2\/types\/post"}],"author":[{"embeddable":true,"href":"https:\/\/www.infokuryr.cz\/n\/wp-json\/wp\/v2\/users\/2"}],"replies":[{"embeddable":true,"href":"https:\/\/www.infokuryr.cz\/n\/wp-json\/wp\/v2\/comments?post=88128"}],"version-history":[{"count":1,"href":"https:\/\/www.infokuryr.cz\/n\/wp-json\/wp\/v2\/posts\/88128\/revisions"}],"predecessor-version":[{"id":88129,"href":"https:\/\/www.infokuryr.cz\/n\/wp-json\/wp\/v2\/posts\/88128\/revisions\/88129"}],"wp:featuredmedia":[{"embeddable":true,"href":"https:\/\/www.infokuryr.cz\/n\/wp-json\/wp\/v2\/media\/863"}],"wp:attachment":[{"href":"https:\/\/www.infokuryr.cz\/n\/wp-json\/wp\/v2\/media?parent=88128"}],"wp:term":[{"taxonomy":"category","embeddable":true,"href":"https:\/\/www.infokuryr.cz\/n\/wp-json\/wp\/v2\/categories?post=88128"},{"taxonomy":"post_tag","embeddable":true,"href":"https:\/\/www.infokuryr.cz\/n\/wp-json\/wp\/v2\/tags?post=88128"}],"curies":[{"name":"wp","href":"https:\/\/api.w.org\/{rel}","templated":true}]}}