{"id":88123,"date":"2025-09-19T00:30:22","date_gmt":"2025-09-18T22:30:22","guid":{"rendered":"https:\/\/www.infokuryr.cz\/n\/?p=88123"},"modified":"2025-09-18T17:57:23","modified_gmt":"2025-09-18T15:57:23","slug":"nalet-na-polsko-odhalen-podvod-s-dronem","status":"publish","type":"post","link":"https:\/\/www.infokuryr.cz\/n\/2025\/09\/19\/nalet-na-polsko-odhalen-podvod-s-dronem\/","title":{"rendered":"N\u00e1let na Polsko? Odhalen podvod s dronem"},"content":{"rendered":"<div id=\"fb-root\"><\/div>\n<p><strong><span dir=\"auto\">Ve v\u00e1lce pravda um\u00edr\u00e1 prvn\u00ed a v\u0161echny strany \u0161\u00ed\u0159\u00ed propagandu. Tyto l\u017ei by v\u0161ak nem\u011bly ur\u00e1\u017eet inteligenci lid\u00ed. Veden\u00ed EU si vymyslelo rusk\u00fd \u00fatok na Polsko. Zahrnoval levn\u00e9 polystyrenov\u00e9 drony a \u201e\u00fatok\u201c na kr\u00e1l\u00edk\u00e1rnu. Nyn\u00ed se ukazuje, \u017ee po\u0161kozen\u00fd d\u016fm ve Wyryki-Woli se nestal ob\u011bt\u00ed hra\u010dek z pap\u00edrma\u0161e, ale zatoulan\u00e9 st\u0159ely NATO odp\u00e1len\u00e9 z letounu F-16. V dob\u011b soci\u00e1ln\u00edch m\u00e9di\u00ed a internetu je l\u017eiv\u00e1 propaganda st\u00e1le obt\u00ed\u017en\u011bj\u0161\u00ed.<\/span><\/strong><\/p>\n<p><span dir=\"auto\">R\u010den\u00ed \u201eVe v\u00e1lce um\u00edr\u00e1 pravda prvn\u00ed\u201c zn\u00ed ot\u0159epan\u011b, ale k sou\u010dasn\u00e9 eskala\u010dn\u00ed orgii v Evrop\u011b se hod\u00ed jako ulit\u00e9. Od za\u010d\u00e1tku otev\u0159en\u00e9ho konfliktu na Ukrajin\u011b v roce 2022 n\u00e1s politici EU a gener\u00e1lov\u00e9 NATO pln\u00ed hororov\u00fdmi sc\u00e9n\u00e1\u0159i, kter\u00e9 n\u00e1m p\u0159edstavuj\u00ed dal\u0161\u00ed ob\u011bti. Bl\u00e1zniv\u011b hovo\u0159\u00ed o bezprost\u0159edn\u00edch \u00fatoc\u00edch z V\u00fdchodu, \u010dasto bezprost\u0159edn\u011b po nich n\u00e1sleduj\u00ed zpr\u00e1vy o bezprost\u0159edn\u00edm kolapsu Ruska. Rusov\u00e9 prohr\u00e1vaj\u00ed v\u00e1lku a z\u00e1rove\u0148 jsou na pokraji Pa\u0159\u00ed\u017ee. Pouze vl\u00e1dn\u00ed tisk a jeho p\u0159edplatitel\u00e9 manipulovan\u00e9ho my\u0161len\u00ed to dok\u00e1\u017eou spolknout bez rozporu.<\/span><\/p>\n<p><span dir=\"auto\">Je\u0161t\u011b absurdn\u011bj\u0161\u00ed se situace vyhrotila takzvan\u00fdm \u201e\u00fatokem na Polsko\u201c. Zachmu\u0159en\u00ed voj\u00e1ci obklopovali havarovan\u00e9 polystyrenov\u00e9 drony. Vrcholem byl Putin\u016fv \u00fatok na polskou kr\u00e1l\u00edk\u00e1rnu. Dron z pap\u00edrma\u0161e, slepen\u00fd komer\u010dn\u011b dostupnou p\u00e1skou, prolet\u011bl hust\u00fdm porostem strom\u016f p\u0159\u00edmo na st\u0159echu kr\u00e1l\u00edk\u00e1rny. Pot\u00e9 byl vyfotografov\u00e1n pro propaga\u010dn\u00ed \u00fa\u010dely. Mimochodem, kr\u00e1l\u00edci byli p\u0159i n\u00e1letu nezran\u011bni.<\/span><\/p>\n<figure class=\"wp-block-embed is-type-rich is-provider-twitter wp-block-embed-twitter\">\n<div class=\"wp-block-embed__wrapper\">\n<div class=\"twitter-tweet twitter-tweet-rendered\"><iframe id=\"twitter-widget-0\" class=\"\" title=\"X P\u0159\u00edsp\u011bvek\" src=\"https:\/\/platform.twitter.com\/embed\/Tweet.html?dnt=true&amp;embedId=twitter-widget-0&amp;features=eyJ0ZndfdGltZWxpbmVfbGlzdCI6eyJidWNrZXQiOltdLCJ2ZXJzaW9uIjpudWxsfSwidGZ3X2ZvbGxvd2VyX2NvdW50X3N1bnNldCI6eyJidWNrZXQiOnRydWUsInZlcnNpb24iOm51bGx9LCJ0ZndfdHdlZXRfZWRpdF9iYWNrZW5kIjp7ImJ1Y2tldCI6Im9uIiwidmVyc2lvbiI6bnVsbH0sInRmd19yZWZzcmNfc2Vzc2lvbiI6eyJidWNrZXQiOiJvbiIsInZlcnNpb24iOm51bGx9LCJ0ZndfZm9zbnJfc29mdF9pbnRlcnZlbnRpb25zX2VuYWJsZWQiOnsiYnVja2V0Ijoib24iLCJ2ZXJzaW9uIjpudWxsfSwidGZ3X21peGVkX21lZGlhXzE1ODk3Ijp7ImJ1Y2tldCI6InRyZWF0bWVudCIsInZlcnNpb24iOm51bGx9LCJ0ZndfZXhwZXJpbWVudHNfY29va2llX2V4cGlyYXRpb24iOnsiYnVja2V0IjoxMjA5NjAwLCJ2ZXJzaW9uIjpudWxsfSwidGZ3X3Nob3dfYmlyZHdhdGNoX3Bpdm90c19lbmFibGVkIjp7ImJ1Y2tldCI6Im9uIiwidmVyc2lvbiI6bnVsbH0sInRmd19kdXBsaWNhdGVfc2NyaWJlc190b19zZXR0aW5ncyI6eyJidWNrZXQiOiJvbiIsInZlcnNpb24iOm51bGx9LCJ0ZndfdXNlX3Byb2ZpbGVfaW1hZ2Vfc2hhcGVfZW5hYmxlZCI6eyJidWNrZXQiOiJvbiIsInZlcnNpb24iOm51bGx9LCJ0ZndfdmlkZW9faGxzX2R5bmFtaWNfbWFuaWZlc3RzXzE1MDgyIjp7ImJ1Y2tldCI6InRydWVfYml0cmF0ZSIsInZlcnNpb24iOm51bGx9LCJ0ZndfbGVnYWN5X3RpbWVsaW5lX3N1bnNldCI6eyJidWNrZXQiOnRydWUsInZlcnNpb24iOm51bGx9LCJ0ZndfdHdlZXRfZWRpdF9mcm9udGVuZCI6eyJidWNrZXQiOiJvbiIsInZlcnNpb24iOm51bGx9fQ%3D%3D&amp;frame=false&amp;hideCard=false&amp;hideThread=false&amp;id=1965902268919853335&amp;lang=cs&amp;origin=https%3A%2F%2Freport24.news%2Fluftangriff-auf-polen-drohnen-hoax-entlarvt%2F&amp;sessionId=6b8b07af31ecb9b1d1f68bdec6b4c04dc8fe9554&amp;theme=light&amp;widgetsVersion=2615f7e52b7e0%3A1702314776716&amp;width=550px\" frameborder=\"0\" scrolling=\"no\" allowfullscreen=\"allowfullscreen\" data-tweet-id=\"1965902268919853335\" data-mce-fragment=\"1\"><\/iframe><\/div>\n<\/div>\n<\/figure>\n<p><span dir=\"auto\">K tomu do\u0161lo v noci z 9. na 10. z\u00e1\u0159\u00ed 2025.\u00a0<\/span><a href=\"https:\/\/www.cnn.com\/2025\/09\/09\/europe\/poland-scramble-jets-russian-drone-reports-intl-hnk-ml\" target=\"_blank\" rel=\"noreferrer noopener\"><span dir=\"auto\">Tisk<\/span><\/a><span dir=\"auto\">\u00a0informoval o vstupu rusk\u00fdch dron\u016f do polsk\u00e9ho vzdu\u0161n\u00e9ho prostoru. Trysk\u00e1\u010de NATO, v\u010detn\u011b polsk\u00fdch F-16 a nizozemsk\u00fdch F-35, byly vyzv\u00e1ny k poplachu a n\u011bkolik z nich sest\u0159elily. Var\u0161ava hovo\u0159ila o \u201erozs\u00e1hl\u00e9 provokaci\u201c a \u0161\u00e9fka zahrani\u010dn\u00ed politiky EU Kaja Kallas to ozna\u010dila za \u201enejz\u00e1va\u017en\u011bj\u0161\u00ed naru\u0161en\u00ed od roku 2022\u201c a po\u017eadovala \u201er\u00e1znou reakci\u201c.\u00a0<\/span><strong><span dir=\"auto\">Nikdo nebyl ob\u011bt\u00ed ani zran\u011bn; v\u00e1\u017en\u011b po\u0161kozena byla pouze st\u0159echa ve Wyryki-Woli \u2013 ale ne rusk\u00fdmi drony, jak se p\u016fvodn\u011b tvrdilo.<\/span><\/strong><\/p>\n<p><span dir=\"auto\">Var\u0161avsk\u00e9 noviny Rzeczpospolita s odvol\u00e1n\u00edm na vl\u00e1dn\u00ed zdroje odhalily, \u017ee\u00a0<\/span><a href=\"https:\/\/www.reuters.com\/business\/aerospace-defense\/polish-missile-likely-hit-house-during-russian-drone-incursion-says-minister-2025-09-17\/\" target=\"_blank\" rel=\"noreferrer noopener\"><span dir=\"auto\">p\u0159\u00ed\u010dinou byla polsk\u00e1 raketa vzduch-vzduch AIM-120 odp\u00e1len\u00e1 z letounu F-16<\/span><\/a><span dir=\"auto\">\u00a0. Jej\u00ed nav\u00e1d\u011bc\u00ed syst\u00e9m selhal a raketa m\u00edsto toho zas\u00e1hla obytnou budovu. Ministr obrany W\u0142adys\u0142aw Kosiniak-Kamysz potvrdil:\u00a0<\/span><strong><span dir=\"auto\">\u201eS nejv\u011bt\u0161\u00ed pravd\u011bpodobnost\u00ed to byla raketa, kterou jsme proti dron\u016fm vyp\u00e1lili my.\u201c Prezident Karol Nawrocki po\u017eadoval ofici\u00e1ln\u00ed vysv\u011btlen\u00ed, zat\u00edmco opozi\u010dn\u00ed osobnosti\u00a0<\/span><\/strong><a href=\"https:\/\/www.pravda.com.ua\/eng\/news\/2025\/09\/16\/7531141\/\" target=\"_blank\" rel=\"noreferrer noopener\"><span dir=\"auto\">obvinily<\/span><\/a><span dir=\"auto\">\u00a0vl\u00e1du z podvodu\u00a0.<\/span><\/p>\n<p><span dir=\"auto\">Tak\u017ee to byl velk\u00fd povyk, pardon, polystyren, pro nic za nic. Brusel a Var\u0161ava ale incident vyu\u017eily k aktivaci \u010dl\u00e1nku 4 smlouvy NATO a po\u017eadovaly dal\u0161\u00ed p\u0159ezbrojen\u00ed. Byla zah\u00e1jena operace \u201eV\u00fdchodn\u00ed str\u00e1\u017e\u201c, do n\u00ed\u017e byly nasazeny letouny z n\u011bkolika zem\u00ed na \u201eochranu V\u00fdchodu\u201c. Paralely s af\u00e9rou s raketami Przewod\u00f3w v roce 2022 jsou zar\u00e1\u017eej\u00edc\u00ed. Tehdy ukrajinsk\u00e1 raketa S-300 zabila dva polsk\u00e9 civilisty v s\u00fdpce \u2013 ale m\u00e9dia vl\u00e1d EU byla prvn\u00ed, kter\u00e1 k\u0159i\u010dela o rusk\u00e9 palb\u011b. Gener\u00e1ln\u00ed tajemn\u00edk NATO Jens Stoltenberg pozd\u011bji p\u0159ipustil: \u201ePravd\u011bpodobn\u011b ukrajinsk\u00e1 raketa protivzdu\u0161n\u00e9 obrany.\u201c L\u017ei vydr\u017eely jen n\u011bkolik dn\u00ed, a to d\u00edky soci\u00e1ln\u00edm m\u00e9di\u00edm a nez\u00e1visl\u00fdm OSINT anal\u00fdz\u00e1m.<\/span><\/p>\n<p><span dir=\"auto\">Dnes, v roce 2025, je situace identick\u00e1:\u00a0<\/span><strong><span dir=\"auto\">Nejprve se objev\u00ed zpr\u00e1vy o rusk\u00fdch \u201e\u00fatoc\u00edch\u201c na obytn\u00e9 budovy a pak vyjde najevo pravda.<\/span><\/strong><span dir=\"auto\"> \u010c\u00e1ste\u010dn\u011b d\u00edky platform\u00e1m jako X a Telegram, kde u\u017eivatel\u00e9 v re\u00e1ln\u00e9m \u010dase rozeb\u00edraj\u00ed tyto narativy. Obr\u00e1zky z kr\u00e1l\u00ed\u010d\u00edch klec\u00ed odhaluj\u00ed l\u017ei v cel\u00e9 jejich absurdit\u011b. Tato propaganda je nejen extr\u00e9mn\u011b nebezpe\u010dn\u00e1, ale tak\u00e9 ur\u00e1\u017e\u00ed na\u0161i inteligenci. Pokud u\u017e maj\u00ed existovat l\u017ei, tak pros\u00edm, a\u0165 jsou l\u00e9pe formulovan\u00e9, draz\u00ed p\u0159\u00e1tel\u00e9 v\u011b\u010dn\u00e9 v\u00e1lky.<\/span><\/p>\n<p><span dir=\"auto\">Rusk\u00fd lid nechce v\u00e1lku proti Evrop\u011b. Putin nechce v\u00e1lku proti Evrop\u011b. Lid EU nechce v\u00e1lku proti Rusku. Pokud jde v\u0161ak o veden\u00ed EU, nemohu se ubr\u00e1nit dojmu, \u017ee tou\u017e\u00ed po tot\u00e1ln\u00ed v\u00e1lce. Jako posledn\u00ed mo\u017enost, jak se udr\u017eet u moci pot\u00e9, co jejich narativy o pandemii a klimatu selhaly. Alespo\u0148 v tomto bod\u011b je narativ na\u0161ich politik\u016f a jejich m\u00e9di\u00ed konzistentn\u00ed: \u201eRusov\u00e9\u201c jsou pro n\u00e1s stejn\u011b smrt\u00edc\u00ed jako \u201ekoronavirus\u201c a \u201eklima\u201c. (V\u00e1\u017een\u00ed p\u0159edplatitel\u00e9 Asistovan\u00e9ho my\u0161len\u00ed: nebojte se! To je ironick\u00e9!)<\/span><\/p>\n<p><em><span dir=\"auto\">Koment\u00e1\u0159 od <a href=\"https:\/\/report24.news\/luftangriff-auf-polen-drohnen-hoax-entlarvt\/\">Chrise Vebera<\/a><\/span><\/em><\/p>\n<p><img decoding=\"async\" loading=\"lazy\" class=\"wp-image-86739 aligncenter\" src=\"http:\/\/www.infokuryr.cz\/n\/wp-content\/uploads\/2025\/08\/volby-program-211x300.png\" alt=\"\" width=\"750\" height=\"1066\" srcset=\"https:\/\/www.infokuryr.cz\/n\/wp-content\/uploads\/2025\/08\/volby-program-211x300.png 211w, https:\/\/www.infokuryr.cz\/n\/wp-content\/uploads\/2025\/08\/volby-program-721x1024.png 721w, https:\/\/www.infokuryr.cz\/n\/wp-content\/uploads\/2025\/08\/volby-program-768x1091.png 768w, https:\/\/www.infokuryr.cz\/n\/wp-content\/uploads\/2025\/08\/volby-program-1081x1536.png 1081w, https:\/\/www.infokuryr.cz\/n\/wp-content\/uploads\/2025\/08\/volby-program-1442x2048.png 1442w, https:\/\/www.infokuryr.cz\/n\/wp-content\/uploads\/2025\/08\/volby-program-1024x1455.png 1024w\" sizes=\"(max-width: 750px) 100vw, 750px\" \/><\/p>\n","protected":false},"excerpt":{"rendered":"<p>Ve v\u00e1lce pravda um\u00edr\u00e1 prvn\u00ed a v\u0161echny strany \u0161\u00ed\u0159\u00ed propagandu. Tyto l\u017ei by v\u0161ak nem\u011bly&#8230;<\/p>\n","protected":false},"author":2,"featured_media":88124,"comment_status":"closed","ping_status":"closed","sticky":false,"template":"","format":"standard","meta":[],"categories":[7],"tags":[2856,1503,497,31],"_links":{"self":[{"href":"https:\/\/www.infokuryr.cz\/n\/wp-json\/wp\/v2\/posts\/88123"}],"collection":[{"href":"https:\/\/www.infokuryr.cz\/n\/wp-json\/wp\/v2\/posts"}],"about":[{"href":"https:\/\/www.infokuryr.cz\/n\/wp-json\/wp\/v2\/types\/post"}],"author":[{"embeddable":true,"href":"https:\/\/www.infokuryr.cz\/n\/wp-json\/wp\/v2\/users\/2"}],"replies":[{"embeddable":true,"href":"https:\/\/www.infokuryr.cz\/n\/wp-json\/wp\/v2\/comments?post=88123"}],"version-history":[{"count":0,"href":"https:\/\/www.infokuryr.cz\/n\/wp-json\/wp\/v2\/posts\/88123\/revisions"}],"wp:featuredmedia":[{"embeddable":true,"href":"https:\/\/www.infokuryr.cz\/n\/wp-json\/wp\/v2\/media\/88124"}],"wp:attachment":[{"href":"https:\/\/www.infokuryr.cz\/n\/wp-json\/wp\/v2\/media?parent=88123"}],"wp:term":[{"taxonomy":"category","embeddable":true,"href":"https:\/\/www.infokuryr.cz\/n\/wp-json\/wp\/v2\/categories?post=88123"},{"taxonomy":"post_tag","embeddable":true,"href":"https:\/\/www.infokuryr.cz\/n\/wp-json\/wp\/v2\/tags?post=88123"}],"curies":[{"name":"wp","href":"https:\/\/api.w.org\/{rel}","templated":true}]}}