{"id":88122,"date":"2025-09-19T00:28:19","date_gmt":"2025-09-18T22:28:19","guid":{"rendered":"https:\/\/www.infokuryr.cz\/n\/?p=88122"},"modified":"2025-09-18T17:52:36","modified_gmt":"2025-09-18T15:52:36","slug":"5-duvodu-proc-je-reakce-spolecnosti-pfizer-na-prezidenta-trumpa-naprosty-nesmysl","status":"publish","type":"post","link":"https:\/\/www.infokuryr.cz\/n\/2025\/09\/19\/5-duvodu-proc-je-reakce-spolecnosti-pfizer-na-prezidenta-trumpa-naprosty-nesmysl\/","title":{"rendered":"5 d\u016fvod\u016f, pro\u010d je reakce spole\u010dnosti Pfizer na prezidenta Trumpa naprost\u00fd nesmysl"},"content":{"rendered":"<div id=\"fb-root\"><\/div>\n<div class=\"elementor-element elementor-element-1fb4c2c elementor-widget elementor-widget-theme-post-content\" data-id=\"1fb4c2c\" data-element_type=\"widget\" data-widget_type=\"theme-post-content.default\">\n<div class=\"elementor-widget-container\">\n<p><span dir=\"auto\">1. z\u00e1\u0159\u00ed 2025 prezident Trump zve\u0159ejnil na Truth Social po\u017eadavek na transparentnost. Konkr\u00e9tn\u011b po\u017eadoval zve\u0159ejn\u011bn\u00ed \u00fadaj\u016f, kter\u00e9 obdr\u017eel od farmaceutick\u00fdch spole\u010dnost\u00ed o modifikovan\u00fdch vakc\u00edn\u00e1ch proti COVIDu na b\u00e1zi mRNA, a konkr\u00e9tn\u011b jmenoval spole\u010dnost Pfizer. Napsal:<\/span><\/p>\n<p><em><span dir=\"auto\">Je velmi d\u016fle\u017eit\u00e9, aby farmaceutick\u00e9 spole\u010dnosti ospravedl\u0148ovaly \u00fasp\u011bch sv\u00fdch r\u016fzn\u00fdch l\u00e9k\u016f na Covid. Mnoho lid\u00ed je pova\u017euje za z\u00e1zrak, kter\u00fd zachr\u00e1nil miliony \u017eivot\u016f. Jin\u00ed s t\u00edm nesouhlas\u00ed! Vzhledem k tomu, \u017ee CDC je v t\u00e9to ot\u00e1zce rozerv\u00e1no na kusy, chci odpov\u011b\u010f a chci ji TE\u010e. Byly mi uk\u00e1z\u00e1ny informace od spole\u010dnosti Pfizer a dal\u0161\u00edch, kter\u00e9 jsou mimo\u0159\u00e1dn\u00e9, ale zd\u00e1 se, \u017ee tyto v\u00fdsledky nikdy neukazuj\u00ed ve\u0159ejnosti. Pro\u010d ne???&#8230; Ukazuj\u00ed mi SKV\u011aL\u00c1 \u010d\u00edsla a v\u00fdsledky, ale zd\u00e1 se, \u017ee je neukazuj\u00ed mnoha dal\u0161\u00edm. Chci, aby je CDC a ve\u0159ejnosti uk\u00e1zali TE\u010e a n\u011bjak\u00fdm zp\u016fsobem tento CHAOS vyjasnili!!!<\/span><\/em><\/p>\n<p><span dir=\"auto\">Ve stejn\u00e9 zpr\u00e1v\u011b prezident Trump tak\u00e9 ve\u0159ejn\u011b zpochybnil \u00fasp\u011bch operace Warp Speed.<\/span><\/p>\n<p><span dir=\"auto\">Spole\u010dnost Pfizer vydala 8. z\u00e1\u0159\u00ed tiskovou zpr\u00e1vu, v n\u00ed\u017e propagovala v\u00fdsledky f\u00e1ze 3 klinick\u00fdch studi\u00ed nejnov\u011bj\u0161\u00ed verze sv\u00e9 genov\u00e9 terapie mRNA proti Covidu, kter\u00e1 je pl\u00e1nov\u00e1na na roky 2025-2026. Za\u010d\u00edn\u00e1 takto:<\/span><\/p>\n<p><em><span dir=\"auto\">Spole\u010dnosti Pfizer Inc. a BioNTech SE dnes ozn\u00e1mily pozitivn\u00ed v\u00fdsledky prob\u00edhaj\u00edc\u00ed klinick\u00e9 studie f\u00e1ze 3, kter\u00e1 hodnotila bezpe\u010dnost, sn\u00e1\u0161enlivost a imunogenitu 30\u00b5g d\u00e1vky monovalentn\u00ed vakc\u00edny COMIRNATY\u00ae (vakc\u00edna proti COVID-19, mRNA) 2025-2026 adaptovan\u00e9 na LP.8.1 u dosp\u011bl\u00fdch ve v\u011bku 65 let a star\u0161\u00edch a u dosp\u011bl\u00fdch ve v\u011bku 18 a\u017e 64 let s alespo\u0148 jedn\u00edm z\u00e1kladn\u00edm onemocn\u011bn\u00edm, kter\u00e9 p\u0159edstavuje zv\u00fd\u0161en\u00e9 riziko z\u00e1va\u017en\u00e9ho pr\u016fb\u011bhu COVID-19. P\u0159edb\u011b\u017en\u00e1 data prokazuj\u00ed siln\u00fd n\u00e1r\u016fst neutraliza\u010dn\u00edch protil\u00e1tek proti podlinii LP.8.1 viru SARS-CoV-2 po o\u010dkov\u00e1n\u00ed.<\/span><\/em><\/p>\n<p><span dir=\"auto\">Dokument spole\u010dnosti Pfizer je pln\u00fd podvod\u016f, co\u017e nen\u00ed p\u0159ekvapen\u00edm vzhledem k dlouh\u00e9 historii podvod\u016f a kriminality spole\u010dnosti. P\u0159e\u010dten\u00ed tiskov\u00e9 zpr\u00e1vy je v\u0161ak pou\u010dn\u00e9, proto\u017ee odhaluje n\u011bkter\u00e9 podvodn\u00e9 taktiky b\u011b\u017en\u011b pou\u017e\u00edvan\u00e9 ve vakc\u00ednov\u00e9m pr\u016fmyslu.<\/span><\/p>\n<p><span dir=\"auto\">Zde je m\u00fdch p\u011bt hlavn\u00edch d\u016fvod\u016f, pro\u010d je reakce spole\u010dnosti Pfizer prezidentu Trumpovi naprost\u00fd nesmysl. Jsou to:<\/span><\/p>\n<ol>\n<li><span dir=\"auto\">Dlouh\u00e1 historie kriminality a podvod\u016f spole\u010dnosti Pfizer<\/span><\/li>\n<li><span dir=\"auto\">Protil\u00e1tkov\u00e1 odpov\u011b\u010f nen\u00ed synonymem pro imunitu<\/span><\/li>\n<li><span dir=\"auto\">Boj proti respira\u010dn\u00edm vir\u016fm o\u010dkov\u00e1n\u00edm je zbyte\u010dn\u00fd<\/span><\/li>\n<li><span dir=\"auto\">Tvrzen\u00ed o bezpe\u010dnosti jsou neopodstatn\u011bn\u00e1<\/span><\/li>\n<li><span dir=\"auto\">Covid neoprav\u0148uje k posiluj\u00edc\u00edmu o\u010dkov\u00e1n\u00ed<\/span><\/li>\n<\/ol>\n<p class=\"has-medium-font-size\"><strong><span dir=\"auto\">Dlouh\u00e1 historie kriminality a podvod\u016f spole\u010dnosti Pfizer<\/span><\/strong><\/p>\n<p><span dir=\"auto\">Dlouho p\u0159ed covidem se spole\u010dnost Pfizer etablovala jako jedna z nejzlo\u010dinn\u011bj\u0161\u00edch spole\u010dnost\u00ed v historii s trestn\u00ed minulost\u00ed, za kterou by se styd\u011bla i British Petroleum. Od roku 2000 byly spole\u010dnost Pfizer a jej\u00ed dce\u0159in\u00e9 spole\u010dnosti odsouzeny za 107 trestn\u00fdch \u010din\u016f v celkov\u00e9 v\u00fd\u0161i neuv\u011b\u0159iteln\u00fdch 11 261 560 400 dolar\u016f.<\/span><\/p>\n<p><span dir=\"auto\">P\u0159esn\u011b tak: v\u00edce ne\u017e 100 poru\u0161en\u00ed s pokutami v celkov\u00e9 v\u00fd\u0161i p\u0159es 11 miliard dolar\u016f. Nejm\u00e9n\u011b 22 z nich bylo poru\u0161en\u00edm z\u00e1kona o nepravdiv\u00fdch tvrzen\u00edch \u2013 co\u017e znamen\u00e1, \u017ee spole\u010dnost Pfizer byla za posledn\u00edch 25 let neuv\u011b\u0159iteln\u00fdch 22kr\u00e1t usv\u011bd\u010dena z podvodu v\u016f\u010di vl\u00e1d\u011b.<\/span><\/p>\n<p><span dir=\"auto\">Tiskov\u00e1 zpr\u00e1va spole\u010dnosti Pfizer obsahuje pouze shrnut\u00ed jej\u00edch studi\u00ed. Neobsahuje nezpracovan\u00e1 data, jak na\u0159\u00eddil prezident Trump. Tiskov\u00e1 zpr\u00e1va pouze uv\u00e1d\u00ed: \u201eSpole\u010dnosti p\u0159edlo\u017eily tato data \u00da\u0159adu pro kontrolu potravin a l\u00e9\u010div (FDA).\u201c V tomto ohledu v \u017e\u00e1dn\u00e9m p\u0159\u00edpad\u011b nespl\u0148uje prezident\u016fv po\u017eadavek na transparentnost.<\/span><\/p>\n<p><span dir=\"auto\">Spole\u010dnost Pfizer kon\u010d\u00ed svou tiskovou zpr\u00e1vu kurz\u00edvou napsan\u00fdm prohl\u00e1\u0161en\u00edm o vylou\u010den\u00ed odpov\u011bdnosti o d\u00e9lce 1100 slov, kter\u00e9 za\u010d\u00edn\u00e1 takto:<\/span><\/p>\n<p><em><span dir=\"auto\">Informace obsa\u017een\u00e9 v t\u00e9to tiskov\u00e9 zpr\u00e1v\u011b jsou platn\u00e9 k 8. z\u00e1\u0159\u00ed 2025. Spole\u010dnost Pfizer nep\u0159eb\u00edr\u00e1 \u017e\u00e1dnou povinnost aktualizovat \u017e\u00e1dn\u00e1 v\u00fdhledov\u00e1 prohl\u00e1\u0161en\u00ed obsa\u017een\u00e1 v t\u00e9to tiskov\u00e9 zpr\u00e1v\u011b v d\u016fsledku nov\u00fdch informac\u00ed nebo budouc\u00edch ud\u00e1lost\u00ed \u010di v\u00fdvoje.<\/span><\/em><\/p>\n<p><span dir=\"auto\">Podle m\u00e9ho n\u00e1zoru toto prohl\u00e1\u0161en\u00ed v podstat\u011b \u0159\u00edk\u00e1 toto: D\u011bl\u00e1me pouze p\u0159edpoklady o budoucnosti a tato tiskov\u00e1 zpr\u00e1va by se mohla uk\u00e1zat jako naprost\u00fd nesmysl. Nep\u0159eb\u00edr\u00e1me \u017e\u00e1dnou odpov\u011bdnost za n\u00e1pravu, pokud by tomu tak bylo.<\/span><\/p>\n<p><span dir=\"auto\">V\u011b\u0159\u00edte v\u00fdsledk\u016fm, kter\u00e9 hl\u00e1s\u00ed spole\u010dnost Pfizer? Pokud ano, mohu v\u00e1m nab\u00eddnout v\u00fdhodnou koupi mostu mezi Brooklynem a Manhattanem. Doufejme a modleme se, aby si prezident a jeho poradci pln\u011b uv\u011bdomovali, s k\u00fdm zde jednaj\u00ed, a aby tento dokument v \u017e\u00e1dn\u00e9m p\u0159\u00edpad\u011b neposkytoval transparentnost, kterou prezident po\u017eaduje.<\/span><\/p>\n<p class=\"has-medium-font-size\"><strong><span dir=\"auto\">Protil\u00e1tkov\u00e1 odpov\u011b\u010f nen\u00ed synonymem pro imunitu<\/span><\/strong><\/p>\n<p><span dir=\"auto\">P\u0159edpokl\u00e1dejme, \u017ee Pfizer tentokr\u00e1t \u0159\u00edk\u00e1 pravdu. (V\u00edm, \u017ee je to odv\u00e1\u017en\u00fd p\u0159edpoklad, ale dovolte mi na chv\u00edli fantaz\u00edrovat.) P\u0159edpokl\u00e1dejme, \u017ee verze vakc\u00edny proti COVID-19 od spole\u010dnosti Pfizer pro obdob\u00ed 2025-2026 skute\u010dn\u011b produkuje \u201enejm\u00e9n\u011b \u010dty\u0159n\u00e1sobn\u00e9 zv\u00fd\u0161en\u00ed titr\u016f neutraliza\u010dn\u00edch protil\u00e1tek LP.8.1\u201c, jak uv\u00e1d\u00ed tiskov\u00e1 zpr\u00e1va.<\/span><\/p>\n<p><span dir=\"auto\">No a co?<\/span><\/p>\n<p><span dir=\"auto\">Pokud v\u00e1m toto tvrzen\u00ed zn\u00ed nejasn\u011b, je to proto, \u017ee to tak je. Nen\u00ed to tak, jak tvrd\u00ed Pfizer,<\/span><\/p>\n<p><em><span dir=\"auto\">podporuj\u00ed preklinick\u00e9 \u00fadaje, kter\u00e9 podpo\u0159ily ned\u00e1vn\u00e9 schv\u00e1len\u00ed vakc\u00edny proti COVID-19 adaptovan\u00e9 na LP.8.1 americk\u00fdm \u00da\u0159adem pro kontrolu potravin a l\u00e9\u010div (FDA), kter\u00e1 prok\u00e1zala zes\u00edlenou imunitn\u00ed odpov\u011b\u010f proti v\u00edce cirkuluj\u00edc\u00edm podlini\u00edm SARS-CoV-2.<\/span><\/em><\/p>\n<p><span dir=\"auto\">Ztoto\u017e\u0148ov\u00e1n\u00ed produkce protil\u00e1tek s \u201eimunitn\u00ed odpov\u011bd\u00ed\u201c je intelektu\u00e1ln\u011b nepoctiv\u00fd jazykov\u00fd trik, kter\u00fd je ve sv\u011bt\u011b vakc\u00edn a\u017e p\u0159\u00edli\u0161 typick\u00fd.<\/span><\/p>\n<p><span dir=\"auto\">Produkce protil\u00e1tek, a\u0165 u\u017e siln\u00e1, \u010di nikoli, nen\u00ed z\u00e1rukou klinicky relevantn\u00ed imunity. V\u016fbec ne. Tvrzen\u00ed, \u017ee vakc\u00edna, kter\u00e1 vyvol\u00e1 silnou protil\u00e1tkovou odpov\u011b\u010f, v\u00e1s ochr\u00e1n\u00ed p\u0159ed infekc\u00ed, p\u0159enosem nebo onemocn\u011bn\u00edm, je chybn\u00fd z\u00e1v\u011br zalo\u017een\u00fd na myln\u00fdch p\u0159edpokladech.<\/span><\/p>\n<p><span dir=\"auto\">Ztoto\u017e\u0148ov\u00e1n\u00ed produkce protil\u00e1tek s imunitou je jednou ze z\u00e1kladn\u00edch l\u017e\u00ed v\u011bdy o vakc\u00edn\u00e1ch. Je to jako kdyby chamtiv\u00fd a p\u0159ehnan\u011b horliv\u00fd sportovn\u00ed agent prohl\u00e1sil sv\u00e9ho osmn\u00e1ctilet\u00e9ho nov\u00e1\u010dka-nadhazova\u010de za v\u011b\u010dn\u00e9ho hv\u011bzdu Major League jen proto, \u017ee dok\u00e1\u017ee hodit m\u00ed\u010d rychlost\u00ed 98 mil za hodinu.<\/span><\/p>\n<p><span dir=\"auto\">Ten kluk sice m\u016f\u017ee m\u00edt silnou pa\u017ei, ale pokud neum\u00ed zahr\u00e1t strike, je k ni\u010demu.<\/span><\/p>\n<p><span dir=\"auto\">Lidsk\u00fd imunitn\u00ed syst\u00e9m je extr\u00e9mn\u011b slo\u017eit\u00fd a mimo ch\u00e1p\u00e1n\u00ed lidstva jako celku, nato\u017e pak Alberta Bourly, Paula Offita nebo jak\u00e9hokoli jin\u00e9ho fanatika o\u010dkov\u00e1n\u00ed, kter\u00e9ho si jen vzpomenete. Protil\u00e1tky jsou jen jedn\u00edm z prvk\u016f imunitn\u00ed odpov\u011bdi na infekce. D\u016fle\u017eit\u00fdm, ale pouze jedn\u00edm.<\/span><\/p>\n<p><span dir=\"auto\">Pamatujte, \u017ee na rozd\u00edl od opakovan\u00fdch tvrzen\u00ed spole\u010dnost\u00ed Pfizer, Fauciho, Rochelle Walensk\u00e9, mainstreamov\u00fdch m\u00e9di\u00ed a samotn\u00e9ho Joea \u201eZimy t\u011b\u017ek\u00fdch nemoc\u00ed a smrti\u201c Bidena p\u016fvodn\u00ed vakc\u00edny Pfizer proti COVID\u00a0<\/span><em><span dir=\"auto\">nechr\u00e1nily<\/span><\/em><span dir=\"auto\">\u00a0p\u0159\u00edjemce p\u0159ed n\u00e1kazou nebo \u0161\u00ed\u0159en\u00edm viru. Tyto vakc\u00edny tak\u00e9 vyvolaly silnou protil\u00e1tkovou reakci. Nesplnily v\u0161ak to, co n\u00e1m bylo opakovan\u011b slibov\u00e1no. Ani zdaleka ne.<\/span><\/p>\n<h3 class=\"wp-block-heading has-medium-font-size\"><strong><span dir=\"auto\">Boj proti respira\u010dn\u00edm vir\u016fm o\u010dkov\u00e1n\u00edm je zbyte\u010dn\u00fd<\/span><\/strong><\/h3>\n<p><span dir=\"auto\">I kdyby protil\u00e1tky sta\u010dily k vytvo\u0159en\u00ed imunity, protil\u00e1tky, kter\u00e9 vakc\u00edna ve va\u0161em t\u011ble stimuluje, mus\u00ed odpov\u00eddat zam\u00fd\u0161len\u00e9 \u010d\u00e1sti viru \u2013 antigenu \u2013 aby m\u011bly pozitivn\u00ed \u00fa\u010dinek. Pokud virus b\u011bhem v\u00fdvoje p\u0159\u00edpravku dostate\u010dn\u011b zmutuje, protil\u00e1tky indukovan\u00e9 vakc\u00ednou, kter\u00e9 byly vyvinuty pro starou verzi c\u00edlov\u00e9ho antigenu, ji\u017e nebudou rozpozn\u00e1vat novou, mutovanou verzi antigenu, na kter\u00fd se maj\u00ed v\u00e1zat. Jin\u00fdmi slovy, \u201enep\u0159ichyt\u00ed se\u201c a nebudou plnit svou zam\u00fd\u0161lenou funkci.<\/span><\/p>\n<p><span dir=\"auto\">Mal\u00e9, jednoduch\u00e9 respira\u010dn\u00ed viry zalo\u017een\u00e9 na RNA, jako je ten, kter\u00fd zp\u016fsobuje COVID, ch\u0159ipku a v\u011bt\u0161inu b\u011b\u017en\u00fdch nachlazen\u00ed, mutuj\u00ed rychle a neust\u00e1le. Kdy\u017e sly\u0161\u00edme o nejnov\u011bj\u0161\u00ed \u201evariant\u011b\u201c COVIDu, m\u00e1me na mysli nejnov\u011bj\u0161\u00ed produkt tohoto neust\u00e1l\u00e9ho evolu\u010dn\u00edho procesu.<\/span><\/p>\n<p><span dir=\"auto\">Pokud jde o jednoduch\u00e9, rychle mutuj\u00edc\u00ed viry, jako je SARS-CoV-2 nebo ch\u0159ipka, v\u00fdvoj\u00e1\u0159i vakc\u00edn jsou jako za\u010d\u00ednaj\u00edc\u00ed m\u00f3dn\u00ed nad\u0161enci, kte\u0159\u00ed nakupuj\u00ed pouze ve Filene&#8217;s Basement. Jsou neust\u00e1le uv\u011bzn\u011bni v marn\u00e9m z\u00e1vod\u011b o to, kdo se udr\u017e\u00ed na \u0161pici, i kdy\u017e maj\u00ed p\u0159\u00edstup pouze k n\u00e1vrh\u016fm z minul\u00e9 sez\u00f3ny.<\/span><\/p>\n<p><span dir=\"auto\">Pokud v\u0161ak v\u00fdrobci jako Pfizer dok\u00e1\u017e\u00ed sv\u00e9 produkty dostate\u010dn\u011b efektivn\u011b propagovat, stane se tato fat\u00e1ln\u00ed chyba sp\u00ed\u0161e funkc\u00ed ne\u017e chybou. Za p\u0159edpokladu, \u017ee se Pfizeru poda\u0159\u00ed p\u0159esv\u011bd\u010dit lidi, \u017ee pot\u0159ebuj\u00ed opakovan\u00e9 posilovac\u00ed d\u00e1vky, p\u0159edstavuj\u00ed sez\u00f3nn\u00ed vakc\u00edny nep\u0159ekonateln\u00fd obchodn\u00ed model. L\u00e9ky bez odpov\u011bdnosti pro zdrav\u00e9 lidi?\u00a0<\/span><em><span dir=\"auto\">\u010cau-\u010dau!<\/span><\/em><span dir=\"auto\">\u00a0D\u00e1t vakc\u00ednu ka\u017ed\u00e9mu mu\u017ei, \u017een\u011b a d\u00edt\u011bti ka\u017ed\u00fd rok na z\u00e1klad\u011b modelu trval\u00e9ho p\u0159edplatn\u00e9ho?\u00a0<\/span><em><span dir=\"auto\">\u010cau-\u010dau!<\/span><\/em><\/p>\n<p><span dir=\"auto\">Ve skute\u010dnosti jsme v porovn\u00e1n\u00ed s respira\u010dn\u00edmi viry, pokud jde o vakc\u00edny, hor\u0161\u00ed. Jsou p\u0159\u00edli\u0161 hbit\u00e9 a rychl\u00e9 na to, abychom s nimi dr\u017eeli krok. Vakc\u00edny jsou v kone\u010dn\u00e9m d\u016fsledku jen zbran\u011b vhodn\u00e9 pro posledn\u00ed v\u00e1lku.<\/span><\/p>\n<p><span dir=\"auto\">Nejlep\u0161\u00ed je zakr\u00fdt si ka\u0161el, um\u00fdt si ruce a nechat sv\u016fj imunitn\u00ed syst\u00e9m d\u011blat to, co um\u00ed nejl\u00e9pe. (Nemluv\u011b o tom, \u017ee byste m\u011bli p\u0159estat m\u011bnit ne\u0161kodn\u00e9 viry ve smrt\u00edc\u00ed biologick\u00e9 zbran\u011b.) Ale kde jsou v tom v\u0161em pen\u00edze?<\/span><\/p>\n<h3 class=\"wp-block-heading has-medium-font-size\"><strong><span dir=\"auto\">Tvrzen\u00ed o bezpe\u010dnosti jsou neopodstatn\u011bn\u00e1<\/span><\/strong><\/h3>\n<p><span dir=\"auto\">Tiskov\u00e1 zpr\u00e1va spole\u010dnosti Pfizer uv\u00e1d\u00ed: \u201eBezpe\u010dnostn\u00ed profil vakc\u00edny byl v souladu s p\u0159edchoz\u00edmi studiemi a nebyly zji\u0161t\u011bny \u017e\u00e1dn\u00e9 nov\u00e9 bezpe\u010dnostn\u00ed probl\u00e9my.\u201c<\/span><\/p>\n<p><span dir=\"auto\">Zn\u00ed to dob\u0159e? Po\u010dkejte chv\u00edli. Tiskov\u00e1 zpr\u00e1va tak\u00e9 uv\u00e1d\u00ed, \u017ee<\/span><\/p>\n<ul>\n<li><span dir=\"auto\">bylo zahrnuto pouze 100 \u00fa\u010dastn\u00edk\u016f<\/span><\/li>\n<li><span dir=\"auto\">data poch\u00e1zej\u00ed pouze od \u201ehodnocen\u00fdch \u00fa\u010dastn\u00edk\u016f\u201c bez specifikace, kolik \u00fa\u010dastn\u00edk\u016f \u00fa\u010dast odstoupilo<\/span><\/li>\n<li><span dir=\"auto\">studie prob\u00edhala po dobu 14 dn\u016f<\/span><\/li>\n<li><span dir=\"auto\">bezpe\u010dnostn\u00ed profil vakc\u00edny byl \u201ev souladu s p\u0159edchoz\u00edmi studiemi\u201c, ani\u017e by bylo specifikov\u00e1no, co p\u0159edchoz\u00ed studie prok\u00e1zaly<\/span><\/li>\n<\/ul>\n<p><span dir=\"auto\">Zde se op\u011bt setk\u00e1v\u00e1me s klasick\u00fdmi triky, kter\u00e9 jsou typick\u00e9 pro studie vakc\u00edn.<\/span><\/p>\n<p><span dir=\"auto\">\u201eBezpe\u010dnost\u201c nelze ur\u010dit na z\u00e1klad\u011b uboze mal\u00e9 studie s m\u00e9n\u011b ne\u017e stovkou subjekt\u016f pozorovan\u00fdch po dobu pouh\u00fdch dvou t\u00fddn\u016f.<\/span><\/p>\n<p><span dir=\"auto\">\u201eBezpe\u010dnost\u201c nelze stanovit pouh\u00fdm konstatov\u00e1n\u00edm, \u017ee v\u00fdsledky jsou \u201ev souladu\u201c s \u201ep\u0159edchoz\u00edmi studiemi\u201c, ani\u017e by n\u00e1m byly sd\u011bleny v\u00fdsledky p\u0159edchoz\u00edch studi\u00ed.<\/span><\/p>\n<p><span dir=\"auto\">\u201eBezpe\u010dnost\u201c nelze ur\u010dit bez srovn\u00e1n\u00ed se skute\u010dn\u00fdm placebem.<\/span><\/p>\n<p><span dir=\"auto\">Pfizerovo zaml\u010dov\u00e1n\u00ed \u201ebezpe\u010dnosti\u201c v t\u00e9to tiskov\u00e9 zpr\u00e1v\u011b by bylo komick\u00e9, kdybychom neznali rozsah zran\u011bn\u00ed a \u00famrt\u00ed souvisej\u00edc\u00edch s o\u010dkov\u00e1n\u00edm v souvislosti s d\u0159\u00edv\u011bj\u0161\u00edmi verzemi injekc\u00ed mRNA modifikovan\u00fdch pro Covid.<\/span><\/p>\n<h3 class=\"wp-block-heading has-medium-font-size\"><strong><span dir=\"auto\">Covid si nezaslou\u017e\u00ed posilovac\u00ed o\u010dkov\u00e1n\u00ed<\/span><\/strong><\/h3>\n<p><span dir=\"auto\">Dovolte mi b\u00fdt up\u0159\u00edmn\u00fd: Virus SARS-CoV-2 si prost\u011b u\u017e nezaslou\u017e\u00ed vakc\u00ednu \u2013 pokud si ji n\u011bkdy zaslou\u017eil. Tato skute\u010dnost u\u017e nen\u00ed jen slonem v m\u00edstnosti. Je to obrovsk\u00fd slon troub\u00edc\u00ed na pln\u00fd hlasitost.<\/span><\/p>\n<p><span dir=\"auto\">Na konci roku 2019 byl SARS-CoV-2 uvoln\u011bn z laborato\u0159e do lidsk\u00e9 populace. Ano, byl to geneticky modifikovan\u00fd virus se zv\u00fd\u0161enou funkc\u00ed. Ano, zpo\u010d\u00e1tku byl nebezpe\u010dn\u00fd pro star\u0161\u00ed lidi a osoby s ji\u017e existuj\u00edc\u00edmi v\u00e1\u017en\u00fdmi zdravotn\u00edmi probl\u00e9my.<\/span><\/p>\n<p><span dir=\"auto\">Stejn\u011b jako v\u0161echny \u017eiv\u00e9 organismy se v\u0161ak i viry vyv\u00edjej\u00ed zp\u016fsobem, kter\u00fd nejl\u00e9pe vyhovuje jejich vlastn\u00edmu p\u0159e\u017eit\u00ed a reprodukci. V souladu s nem\u011bnnost\u00ed p\u0159\u00edrodn\u00edho z\u00e1kona virov\u00e1 evoluce \u2013 zejm\u00e9na u jednoduch\u00fdch, rychle mutuj\u00edc\u00edch vir\u016f, jako je SARS-CoV-2 \u2013 nevyhnuteln\u011b up\u0159ednost\u0148uje mutace, kter\u00e9 \u010din\u00ed patogen m\u00e9n\u011b smrteln\u00fdm pro jeho hostitele, ale sn\u00e1ze p\u0159enosn\u00fdm mezi jednotliv\u00fdmi hostiteli.<\/span><\/p>\n<p><span dir=\"auto\">Z evolu\u010dn\u00edho hlediska to samoz\u0159ejm\u011b d\u00e1v\u00e1 dokonal\u00fd smysl. Prost\u0159ednictv\u00edm mutac\u00ed a p\u0159irozen\u00e9ho v\u00fdb\u011bru se virus nau\u010d\u00ed \u017e\u00edt se sv\u00fdm hostitelem, m\u00edsto aby ho zab\u00edjel. A\u0165 u\u017e se jedn\u00e1 o \u010dlov\u011bka nebo virus, pro v\u00e1s ani va\u0161e d\u011bti nen\u00ed prosp\u011b\u0161n\u00e9 se p\u0159est\u011bhovat do nov\u00e9ho domova a okam\u017eit\u011b ho zap\u00e1lit.<\/span><\/p>\n<p><span dir=\"auto\">Jin\u00fdmi slovy, jak v\u0161ichni po posledn\u00edch p\u011bti letech intuitivn\u011b v\u00edme, SARS-CoV-2 se vyvinul z laboratorn\u011b vyvinut\u00e9ho biologick\u00e9ho viru v dal\u0161\u00ed virus b\u011b\u017en\u00e9ho nachlazen\u00ed \u2013 stejn\u011b jako jin\u00e9 existuj\u00edc\u00ed koronaviry.<\/span><\/p>\n<p><span dir=\"auto\">Data to tak\u00e9 potvrzuj\u00ed. Nov\u00e1 zpr\u00e1va CDC z roku 2024 uv\u00e1d\u00ed, \u017ee COVID-19 ji\u017e nepat\u0159\u00ed mezi 10 nej\u010dast\u011bj\u0161\u00edch p\u0159\u00ed\u010din \u00famrt\u00ed ve Spojen\u00fdch st\u00e1tech. Sebevra\u017eda, des\u00e1t\u00e1 nej\u010dast\u011bj\u0161\u00ed p\u0159\u00ed\u010dina \u00famrt\u00ed v roce 2024, byla uvedena na 48 000 m\u00edstech. Auto\u0159i zpr\u00e1vy neuvedli p\u0159esn\u00fd po\u010det \u00famrt\u00ed zp\u016fsoben\u00fdch COVID-19 ani jeho p\u0159esn\u00e9 po\u0159ad\u00ed, pouze v\u00e1gn\u011b uvedli, \u017ee \u201eje st\u00e1le mezi 15 nej\u010dast\u011bj\u0161\u00edmi\u201c.<\/span><\/p>\n<p><span dir=\"auto\">Mus\u00edme doj\u00edt k z\u00e1v\u011bru, \u017ee po\u010det \u00famrt\u00ed na covid v roce 2024 je rozhodn\u011b ni\u017e\u0161\u00ed ne\u017e 48 000, mo\u017en\u00e1 i v\u00fdrazn\u011b ni\u017e\u0161\u00ed. Vzhledem k neochot\u011b \u201eodborn\u00edk\u016f\u201c sd\u011blit n\u00e1m p\u0159esn\u00e9 \u010d\u00edslo a vzhledem k tomu, \u017ee by se klidn\u011b mohlo jednat o \u010d\u00edslo 15 na seznamu, je velmi pravd\u011bpodobn\u00e9, \u017ee toto \u010d\u00edslo je je\u0161t\u011b mnohem ni\u017e\u0161\u00ed.<\/span><\/p>\n<p><span dir=\"auto\">Ne\u017e ukvapen\u011b p\u0159ip\u00ed\u0161eme z\u00e1sluhy za tento pokles modifikovan\u00fdm mRNA vakc\u00edn\u00e1m, m\u011bli bychom poznamenat, \u017ee m\u00edra o\u010dkov\u00e1n\u00ed proti COVIDu prudce klesla. Do konce roku 2023, m\u011bs\u00edc po zaveden\u00ed tehdy nov\u00fdch posilovac\u00edch d\u00e1vek proti COVIDu, kter\u00e9 byly siln\u011b propagov\u00e1ny, bylo o\u010dkov\u00e1no pouze 7 % dosp\u011bl\u00fdch a 2 % d\u011bt\u00ed \u2013 m\u00edra o\u010dkov\u00e1n\u00ed, kterou \u201eodborn\u00edci\u201c ozna\u010dili za \u201ekatastrof\u00e1ln\u00ed\u201c.<\/span><\/p>\n<p><span dir=\"auto\">Nicm\u00e9n\u011b, covid zmizel ze seznamu hlavn\u00edch p\u0159\u00ed\u010din \u00famrt\u00ed v n\u00e1sleduj\u00edc\u00edm roce.<\/span><\/p>\n<h3 class=\"wp-block-heading has-medium-font-size\"><strong><span dir=\"auto\">Shrnut\u00ed<\/span><\/strong><\/h3>\n<p><span dir=\"auto\">Reakce spole\u010dnosti Pfizer na velmi rozumn\u00fd po\u017eadavek prezidenta Trumpa na transparentnost dat o jej\u00ed nejnov\u011bj\u0161\u00ed verzi modifikovan\u00fdch mRNA vakc\u00edn proti Covidu nen\u00ed ni\u010d\u00edm jin\u00fdm ne\u017e ur\u00e1\u017ekou inteligence ka\u017ed\u00e9ho \u010dten\u00e1\u0159e, v\u010detn\u011b samotn\u00e9ho prezidenta.<\/span><\/p>\n<p><span dir=\"auto\">Zd\u00e1 se, \u017ee gener\u00e1ln\u00ed \u0159editel spole\u010dnosti Pfizer Albert Bourla cynicky lichotil prezidentu Trumpovi t\u00edm, \u017ee po\u017eadoval Nobelovu cenu za operaci Warp Speed, zat\u00edmco se Pfizer z\u00e1rove\u0148 sna\u017eil oklamat prezidenta a v\u0161echny Ameri\u010dany t\u00edmto zav\u00e1d\u011bj\u00edc\u00edm dokumentem.<\/span><\/p>\n<p><span dir=\"auto\">K\u00e9\u017e prezident Trump prohl\u00e9dne v\u0161echnu tuto nepoctivost. K\u00e9\u017e uzn\u00e1 reakci spole\u010dnosti Pfizer na jeho po\u017eadavek poctivosti a transparentnosti takovou, jak\u00e1 je: naprost\u00fd nesmysl.<\/span><\/p>\n<p><strong>Clayton J. Baker, MD<\/strong><\/p>\n<\/div>\n<\/div>\n<div class=\"elementor-element elementor-element-8c57238 quelle dc-has-condition dc-condition-empty elementor-widget elementor-widget-heading\" data-id=\"8c57238\" data-element_type=\"widget\" data-widget_type=\"heading.default\">\n<div class=\"elementor-widget-container\">\n<h3 class=\"elementor-heading-title elementor-size-default\"><span style=\"font-size: 10pt;\"><a href=\"https:\/\/brownstone.org\/articles\/5-reasons-pfizers-reply-to-president-trump-is-complete-rubbish\/\" target=\"_blank\" rel=\"nofollow noopener\"><span dir=\"auto\">Zdroj<\/span><\/a><\/span><\/h3>\n<p><img decoding=\"async\" loading=\"lazy\" class=\"wp-image-86739 aligncenter\" src=\"http:\/\/www.infokuryr.cz\/n\/wp-content\/uploads\/2025\/08\/volby-program-211x300.png\" alt=\"\" width=\"749\" height=\"1065\" srcset=\"https:\/\/www.infokuryr.cz\/n\/wp-content\/uploads\/2025\/08\/volby-program-211x300.png 211w, https:\/\/www.infokuryr.cz\/n\/wp-content\/uploads\/2025\/08\/volby-program-721x1024.png 721w, https:\/\/www.infokuryr.cz\/n\/wp-content\/uploads\/2025\/08\/volby-program-768x1091.png 768w, https:\/\/www.infokuryr.cz\/n\/wp-content\/uploads\/2025\/08\/volby-program-1081x1536.png 1081w, https:\/\/www.infokuryr.cz\/n\/wp-content\/uploads\/2025\/08\/volby-program-1442x2048.png 1442w, https:\/\/www.infokuryr.cz\/n\/wp-content\/uploads\/2025\/08\/volby-program-1024x1455.png 1024w\" sizes=\"(max-width: 749px) 100vw, 749px\" \/><\/p>\n<\/div>\n<\/div>\n","protected":false},"excerpt":{"rendered":"<p>1. z\u00e1\u0159\u00ed 2025 prezident Trump zve\u0159ejnil na Truth Social po\u017eadavek na transparentnost. Konkr\u00e9tn\u011b po\u017eadoval zve\u0159ejn\u011bn\u00ed&#8230;<\/p>\n","protected":false},"author":2,"featured_media":7792,"comment_status":"closed","ping_status":"closed","sticky":false,"template":"","format":"standard","meta":[],"categories":[7],"tags":[315,452,651],"_links":{"self":[{"href":"https:\/\/www.infokuryr.cz\/n\/wp-json\/wp\/v2\/posts\/88122"}],"collection":[{"href":"https:\/\/www.infokuryr.cz\/n\/wp-json\/wp\/v2\/posts"}],"about":[{"href":"https:\/\/www.infokuryr.cz\/n\/wp-json\/wp\/v2\/types\/post"}],"author":[{"embeddable":true,"href":"https:\/\/www.infokuryr.cz\/n\/wp-json\/wp\/v2\/users\/2"}],"replies":[{"embeddable":true,"href":"https:\/\/www.infokuryr.cz\/n\/wp-json\/wp\/v2\/comments?post=88122"}],"version-history":[{"count":0,"href":"https:\/\/www.infokuryr.cz\/n\/wp-json\/wp\/v2\/posts\/88122\/revisions"}],"wp:featuredmedia":[{"embeddable":true,"href":"https:\/\/www.infokuryr.cz\/n\/wp-json\/wp\/v2\/media\/7792"}],"wp:attachment":[{"href":"https:\/\/www.infokuryr.cz\/n\/wp-json\/wp\/v2\/media?parent=88122"}],"wp:term":[{"taxonomy":"category","embeddable":true,"href":"https:\/\/www.infokuryr.cz\/n\/wp-json\/wp\/v2\/categories?post=88122"},{"taxonomy":"post_tag","embeddable":true,"href":"https:\/\/www.infokuryr.cz\/n\/wp-json\/wp\/v2\/tags?post=88122"}],"curies":[{"name":"wp","href":"https:\/\/api.w.org\/{rel}","templated":true}]}}