{"id":88095,"date":"2025-09-19T00:18:52","date_gmt":"2025-09-18T22:18:52","guid":{"rendered":"https:\/\/www.infokuryr.cz\/n\/?p=88095"},"modified":"2025-09-18T13:35:53","modified_gmt":"2025-09-18T11:35:53","slug":"trump-prijima-cerveny-koberec-od-globalistickeho-krale-karla","status":"publish","type":"post","link":"https:\/\/www.infokuryr.cz\/n\/2025\/09\/19\/trump-prijima-cerveny-koberec-od-globalistickeho-krale-karla\/","title":{"rendered":"Trump p\u0159ij\u00edm\u00e1 \u010derven\u00fd koberec od globalistick\u00e9ho kr\u00e1le Karla &#8230;"},"content":{"rendered":"<div id=\"fb-root\"><\/div>\n<h3 class=\"elementor-heading-title elementor-size-default\"><span dir=\"auto\">&#8230; zat\u00edmco nepopul\u00e1rn\u00ed britsk\u00e1 vl\u00e1da prosazuje digit\u00e1ln\u00ed identifika\u010dn\u00ed \u00fadaje a v\u00e1lku s Ruskem<\/span><\/h3>\n<div class=\"elementor-element elementor-element-1fb4c2c elementor-widget elementor-widget-theme-post-content\" data-id=\"1fb4c2c\" data-element_type=\"widget\" data-widget_type=\"theme-post-content.default\">\n<div class=\"elementor-widget-container\">\n<p><em><span dir=\"auto\">Kr\u00e1l chov\u00e1 starod\u00e1vnou z\u00e1\u0161\u0165 v\u016f\u010di Rusku a pot\u0159ebuje Donalda, aby si vyrovnal \u00fa\u010dty.<\/span><\/em><\/p>\n<p><span dir=\"auto\">Britsk\u00fd premi\u00e9r Keir Starmer op\u011bt vyj\u00e1d\u0159il z\u00e1jem o zaveden\u00ed digit\u00e1ln\u00edch identifika\u010dn\u00edch \u010d\u00edsel v boji proti neleg\u00e1ln\u00ed imigraci a neleg\u00e1ln\u00ed pr\u00e1ci ve sv\u00e9 zemi. Pro\u010d by se o to m\u011bli my v USA starat? Pokus\u00edm se vysv\u011btlit \u0161ir\u0161\u00ed souvislosti.<\/span><\/p>\n<p><span dir=\"auto\">The\u00a0<\/span><em><span dir=\"auto\">Independent<\/span><\/em><span dir=\"auto\">\u00a0minul\u00fd m\u011bs\u00edc informoval:<\/span><\/p>\n<p><em><span dir=\"auto\">\u201ePo\u010det \u017eadatel\u016f o azyl ubytovan\u00fdch ve st\u00e1tn\u00edch hotelech se v prvn\u00edm roce vl\u00e1dy labourist\u016f zv\u00fd\u0161il, co\u017e zvy\u0161uje tlak na sira Keira Starmera, aby se zab\u00fdval rostouc\u00edm po\u010dtem lid\u00ed, kte\u0159\u00ed se pokou\u0161ej\u00ed o nebezpe\u010dn\u00e9 p\u0159ekro\u010den\u00ed Laman\u0161sk\u00e9ho pr\u016flivu.\u201c<\/span><\/em><\/p>\n<p><span dir=\"auto\">Pokra\u010dovalo to:<\/span><\/p>\n<p><em><span dir=\"auto\">\u201eVl\u00e1da se p\u0159ipravuje na novou vlnu pr\u00e1vn\u00edch krok\u016f ze strany m\u00edstn\u00edch zastupitelstev, kter\u00e9 se sna\u017e\u00ed zav\u00e9st podobn\u00e9 z\u00e1kazy ve sv\u00fdch oblastech, a nov\u00e1 \u010d\u00edsla ministerstva vnitra ukazuj\u00ed, \u017ee po\u010det \u017e\u00e1dost\u00ed o azyl v roce kon\u010d\u00edc\u00edm \u010dervnem vzrostl na rekordn\u00edch 111 000, zat\u00edmco po\u010det mal\u00fdch lod\u00ed p\u0159ekra\u010duj\u00edc\u00edch Laman\u0161sk\u00fd pr\u016fliv nad\u00e1le roste.\u201c<\/span><\/em><\/p>\n<p><span dir=\"auto\">Vl\u00e1da byla opakovan\u011b obvi\u0148ov\u00e1na z neschopnosti \u0159e\u0161it probl\u00e9m imigrace. P\u0159edseda strany Reform UK Nigel Farage prohl\u00e1sil, \u017ee \u201eve\u0159ejnost m\u00e1 v\u0161echny d\u016fvody k velk\u00e9mu hn\u011bvu\u201c kv\u016fli n\u00e1r\u016fstu po\u010dtu \u017eadatel\u016f o azyl ubytovan\u00fdch v britsk\u00fdch hotelech.<\/span><\/p>\n<p><span dir=\"auto\">Toto je klasick\u00e1\u00a0<\/span><strong><span dir=\"auto\">hegelovsk\u00e1 dialektika<\/span><\/strong><span dir=\"auto\">\u00a0: Vytvo\u0159it probl\u00e9m, naslouchat reakc\u00edm lid\u00ed, kte\u0159\u00ed na probl\u00e9m reaguj\u00ed, a pak p\u0159ij\u00edt s \u0159e\u0161en\u00edm. A \u0159e\u0161en\u00edm je v\u017edycky takov\u00e9, kter\u00e9 prosazuje globalistickou agendu. V tomto p\u0159\u00edpad\u011b: registrace ka\u017ed\u00e9 osoby s digit\u00e1ln\u00edm identifika\u010dn\u00edm \u010d\u00edslem, po\u010d\u00ednaje narozen\u00edm, v souladu s C\u00edlem 16.9 Agendy OSN 2030 pro udr\u017eiteln\u00fd rozvoj.<\/span><\/p>\n<p><span dir=\"auto\">Trump, stejn\u011b jako Starmer, prohl\u00e1sil, \u017ee k \u0159e\u0161en\u00ed neleg\u00e1ln\u00ed imigrace pot\u0159ebujeme \u201e\u0159\u00e1dn\u00fd syst\u00e9m biometrick\u00e9ho sledov\u00e1n\u00ed\u201c.<\/span><\/p>\n<p><span dir=\"auto\">Vzhledem k tomu, \u017ee Starmerova vl\u00e1da je ve Spojen\u00e9m kr\u00e1lovstv\u00ed tak nepopul\u00e1rn\u00ed, Trump by mu mohl pomoci. P\u0159eto\u010dme si video z po\u0159adu\u00a0<\/span><em><span dir=\"auto\">The Duran<\/span><\/em><span dir=\"auto\">\u00a0na 10 minut , kde najdete skv\u011blou anal\u00fdzu toho, pro\u010d Trump podnik\u00e1 svou druhou st\u00e1tn\u00ed n\u00e1v\u0161t\u011bvu Spojen\u00e9ho kr\u00e1lovstv\u00ed.<\/span><\/p>\n<p><span dir=\"auto\">Trump vn\u00edm\u00e1 USA a Spojen\u00e9 kr\u00e1lovstv\u00ed jako neodd\u011bliteln\u011b spjat\u00e9. Dnes na st\u00e1tn\u00edm banketu na hrad\u011b Windsor prohl\u00e1sil, \u017ee \u201espole\u010dn\u011b jsme pro lidstvo ud\u011blali v\u00edce dobra ne\u017e kter\u00e9koli jin\u00e9 dv\u011b zem\u011b v cel\u00fdch d\u011bjin\u00e1ch\u201c.<\/span><\/p>\n<p><span dir=\"auto\">Starmer a Trump se naprosto shoduj\u00ed na budoucnosti glob\u00e1ln\u00ed ekonomiky. Vid\u00ed ji jako \u0159\u00edzenou angloamerick\u00fdm imp\u00e9riem v r\u00e1mci globalizovan\u00e9ho celosv\u011btov\u00e9ho syst\u00e9mu digit\u00e1ln\u00ed identifikace\/digit\u00e1ln\u00ed m\u011bny a dohledu.<\/span><\/p>\n<p><span dir=\"auto\">A masy je budou n\u00e1sledovat jako ovce na por\u00e1\u017eku.<\/span><\/p>\n<h3 class=\"wp-block-heading\"><span dir=\"auto\">Trump a Starmer \u2013 \u017e\u00e1dn\u00e9 protiklady?<\/span><\/h3>\n<p><span dir=\"auto\">Ot\u00e1zka: Sly\u0161eli jste n\u011bkdy prezidenta Trumpa kritizovat Keira Starmera? Sly\u0161eli jste n\u011bkdy Trumpa kritizovat p\u0159echod na biometrick\u00e9 digit\u00e1ln\u00ed identity?<\/span><\/p>\n<p><span dir=\"auto\">Pan Starmer je v\u016fdcem Labouristick\u00e9 strany ve Spojen\u00e9m kr\u00e1lovstv\u00ed, obdoby Demokratick\u00e9 strany ve Spojen\u00fdch st\u00e1tech \u2013 strany, kterou Trump \u00fadajn\u011b tolik opovrhuje. Trump ale nekritizuje nic, co Starmer d\u011bl\u00e1. M\u00edsto toho b\u011bhem sv\u00e9 n\u00e1v\u0161t\u011bvy Lond\u00fdna tento t\u00fdden chv\u00e1l\u00ed sv\u00e9ho dobr\u00e9ho p\u0159\u00edtele kr\u00e1le Karla.<\/span><\/p>\n<p><span dir=\"auto\">Britsk\u00e1 kr\u00e1lovsk\u00e1 rodina v \u010dele s kr\u00e1lem Karlem dnes pro Trumpa rozprost\u0159ela \u010derven\u00fd koberec. Je jedn\u00edm z jejich nejcenn\u011bj\u0161\u00edch spojenc\u016f. Trump ve Velk\u00e9 Brit\u00e1nii zna\u010dn\u011b investoval, zejm\u00e9na do sv\u00fdch golfov\u00fdch h\u0159i\u0161\u0165 ve Skotsku.<\/span><\/p>\n<p><span dir=\"auto\">Spojen\u00e9 kr\u00e1lovstv\u00ed je nervov\u00fdm centrem protirusk\u00e9 propagandy vych\u00e1zej\u00edc\u00ed ze z\u00e1padn\u00edch m\u00e9di\u00ed, kter\u00e1 tla\u010d\u00ed na v\u00e1lku s Ruskem. Nakonec se Trump postav\u00ed na stranu sv\u00e9ho kr\u00e1le proti Rusku a povede Ameriku do t\u0159et\u00ed sv\u011btov\u00e9 v\u00e1lky.<\/span><\/p>\n<h3 class=\"wp-block-heading\"><span dir=\"auto\">Digit\u00e1ln\u00ed reset a v\u00e1le\u010dn\u00e1 agenda<\/span><\/h3>\n<p><span dir=\"auto\">Digit\u00e1ln\u00ed reset nelze pln\u011b realizovat, dokud lid\u00e9 nebudou zcela zoufal\u00ed a chud\u00ed. T\u0159et\u00ed sv\u011btov\u00e1 v\u00e1lka k tomu pom\u016f\u017ee.<\/span><\/p>\n<p><span dir=\"auto\">Britsk\u00e1 posedlost por\u00e1\u017ekou Ruska a jeho eliminac\u00ed jako\u017eto velmoci sah\u00e1 a\u017e do 18. stolet\u00ed. Britsk\u00e9 mocensk\u00e9 elity, levicov\u00e9 i pravicov\u00e9, vyu\u017eily Rusko k por\u00e1\u017ece Napoleona a pozd\u011bji Hitlera. Poka\u017ed\u00e9 se v\u0161ak vr\u00e1tily ke sv\u00e9mu z\u00e1kladn\u00edmu postoji: obvi\u0148ovat Rusko ze v\u0161ech sv\u011btov\u00fdch neduh\u016f.<\/span><\/p>\n<p><span dir=\"auto\">Britsk\u00e9 elity si nedaj\u00ed pokoj, dokud nebude Rusko pora\u017eeno, rozd\u011bleno na n\u011bkolik men\u0161\u00edch zem\u00ed a Z\u00e1pad neukrade jeho obrovsk\u00e9 zdroje.<\/span><\/p>\n<p><span dir=\"auto\">Nakonec bude Trump pln\u011b v souladu s digit\u00e1ln\u00edm resetem globalist\u016f \u2013 za pou\u017eit\u00ed digit\u00e1ln\u00edch\/programovateln\u00fdch pad\u011blan\u00fdch pen\u011bz (stablecoin\u016f nebo jin\u00fdch kryptom\u011bn) a biometrick\u00e9ho digit\u00e1ln\u00edho pr\u016fkazu toto\u017enosti pro komplexn\u00ed dohled nad v\u0161emi lidmi.<\/span><\/p>\n<p><span dir=\"auto\">\u201eRychlost\u00ed blesku\u201c protla\u010dil pro sv\u011bt fale\u0161n\u00e9 vakc\u00edny a nad\u00e1le podporuje samozvan\u00e9ho \u201einov\u00e1tora\u201c mRNA vakc\u00edn Billa Gatese, otev\u0159en\u00e9ho zast\u00e1nce sni\u017eov\u00e1n\u00ed populace.<\/span><\/p>\n<p><span dir=\"auto\">Globalist\u00e9 pot\u0159ebovali Donalda Trumpa v B\u00edl\u00e9m dom\u011b z jednoho velmi d\u016fle\u017eit\u00e9ho d\u016fvodu: aby z\u00edskali konzervativce pro sv\u016fj program digit\u00e1ln\u00ed identifikace a digit\u00e1ln\u00edch pen\u011bz \u2013 dal\u0161\u00ed velk\u00fd podvod, jeho\u017e c\u00edlem je p\u0159ipravit n\u00e1s o n\u00e1\u0161 majetek, na\u0161i nez\u00e1vislost a na\u0161i svobodu.<\/span><\/p>\n<p><em><strong><span dir=\"auto\">Leo Hohmann<\/span><\/strong><\/em><\/p>\n<\/div>\n<\/div>\n<div class=\"elementor-element elementor-element-8c57238 quelle dc-has-condition dc-condition-empty elementor-widget elementor-widget-heading\" data-id=\"8c57238\" data-element_type=\"widget\" data-widget_type=\"heading.default\">\n<div class=\"elementor-widget-container\">\n<h3 class=\"elementor-heading-title elementor-size-default\"><span style=\"font-size: 10pt;\"><a href=\"https:\/\/leohohmann.substack.com\/p\/trump-gets-royal-red-carpet-treatment?utm_source=post-email-title&amp;publication_id=787967&amp;post_id=173882853&amp;utm_campaign=email-post-title&amp;isFreemail=true&amp;r=pf6gr&amp;triedRedirect=true&amp;utm_medium=email\" target=\"_blank\" rel=\"nofollow noopener\"><span dir=\"auto\">Zdroj<\/span><\/a><\/span><\/h3>\n<p><img decoding=\"async\" loading=\"lazy\" class=\"wp-image-86927 aligncenter\" src=\"http:\/\/www.infokuryr.cz\/n\/wp-content\/uploads\/2025\/09\/letak-volby-2025-konference-3-212x300.png\" alt=\"\" width=\"848\" height=\"1200\" srcset=\"https:\/\/www.infokuryr.cz\/n\/wp-content\/uploads\/2025\/09\/letak-volby-2025-konference-3-212x300.png 212w, https:\/\/www.infokuryr.cz\/n\/wp-content\/uploads\/2025\/09\/letak-volby-2025-konference-3-724x1024.png 724w, https:\/\/www.infokuryr.cz\/n\/wp-content\/uploads\/2025\/09\/letak-volby-2025-konference-3-768x1086.png 768w, https:\/\/www.infokuryr.cz\/n\/wp-content\/uploads\/2025\/09\/letak-volby-2025-konference-3-1086x1536.png 1086w, https:\/\/www.infokuryr.cz\/n\/wp-content\/uploads\/2025\/09\/letak-volby-2025-konference-3-1448x2048.png 1448w, https:\/\/www.infokuryr.cz\/n\/wp-content\/uploads\/2025\/09\/letak-volby-2025-konference-3-1024x1448.png 1024w\" sizes=\"(max-width: 848px) 100vw, 848px\" \/><\/p>\n<\/div>\n<\/div>\n","protected":false},"excerpt":{"rendered":"<p>&#8230; zat\u00edmco nepopul\u00e1rn\u00ed britsk\u00e1 vl\u00e1da prosazuje digit\u00e1ln\u00ed identifika\u010dn\u00ed \u00fadaje a v\u00e1lku s Ruskem Kr\u00e1l chov\u00e1&#8230;<\/p>\n","protected":false},"author":2,"featured_media":88096,"comment_status":"closed","ping_status":"closed","sticky":false,"template":"","format":"standard","meta":[],"categories":[7],"tags":[279,3291,452,303],"_links":{"self":[{"href":"https:\/\/www.infokuryr.cz\/n\/wp-json\/wp\/v2\/posts\/88095"}],"collection":[{"href":"https:\/\/www.infokuryr.cz\/n\/wp-json\/wp\/v2\/posts"}],"about":[{"href":"https:\/\/www.infokuryr.cz\/n\/wp-json\/wp\/v2\/types\/post"}],"author":[{"embeddable":true,"href":"https:\/\/www.infokuryr.cz\/n\/wp-json\/wp\/v2\/users\/2"}],"replies":[{"embeddable":true,"href":"https:\/\/www.infokuryr.cz\/n\/wp-json\/wp\/v2\/comments?post=88095"}],"version-history":[{"count":0,"href":"https:\/\/www.infokuryr.cz\/n\/wp-json\/wp\/v2\/posts\/88095\/revisions"}],"wp:featuredmedia":[{"embeddable":true,"href":"https:\/\/www.infokuryr.cz\/n\/wp-json\/wp\/v2\/media\/88096"}],"wp:attachment":[{"href":"https:\/\/www.infokuryr.cz\/n\/wp-json\/wp\/v2\/media?parent=88095"}],"wp:term":[{"taxonomy":"category","embeddable":true,"href":"https:\/\/www.infokuryr.cz\/n\/wp-json\/wp\/v2\/categories?post=88095"},{"taxonomy":"post_tag","embeddable":true,"href":"https:\/\/www.infokuryr.cz\/n\/wp-json\/wp\/v2\/tags?post=88095"}],"curies":[{"name":"wp","href":"https:\/\/api.w.org\/{rel}","templated":true}]}}