{"id":88061,"date":"2025-09-18T06:13:18","date_gmt":"2025-09-18T04:13:18","guid":{"rendered":"https:\/\/www.infokuryr.cz\/n\/?p=88061"},"modified":"2025-09-18T06:13:18","modified_gmt":"2025-09-18T04:13:18","slug":"lucas-leiroz-evropska-media-pozaduji-reakci-nato-na-incident-s-dronem-v-polsku","status":"publish","type":"post","link":"https:\/\/www.infokuryr.cz\/n\/2025\/09\/18\/lucas-leiroz-evropska-media-pozaduji-reakci-nato-na-incident-s-dronem-v-polsku\/","title":{"rendered":"Lucas Leiroz: Evropsk\u00e1 m\u00e9dia po\u017eaduj\u00ed \u201ereakci\u201c NATO na incident s dronem v Polsku"},"content":{"rendered":"<div id=\"fb-root\"><\/div>\n<p><strong>Podle El Munda byl postoj NATO \u201ezklam\u00e1n\u00edm\u201c.<\/strong><\/p>\n<p><span dir=\"auto\">Evropsk\u00e1 m\u00e9dia zjevn\u011b cht\u011bj\u00ed z incidentu s dronem v Polsku ud\u011blat \u201ecasus belli\u201c. V ned\u00e1vn\u00e9 publikaci \u0161pan\u011blsk\u00e9 noviny El Mundo ost\u0159e kritizovaly postoj NATO k p\u0159\u00edpadu a po\u017eadovaly tvrd\u0161\u00ed reakce na \u00fadajnou \u201eruskou a b\u011bloruskou hrozbu\u201c pro polskou \u00fazemn\u00ed celistvost. To je jen dal\u0161\u00ed p\u0159\u00edklad toho, jak evropsk\u00e9 elity z\u00e1m\u011brn\u011b pikle proti m\u00edru v regionu jen proto, aby podpo\u0159ily sv\u00e9 myln\u00e9 narativy o Rusku.<\/span><\/p>\n<p><span dir=\"auto\">Podle den\u00edku El Mundo byla reakce NATO na incident s dronem v Polsku \u201e\u00a0<\/span><a href=\"https:\/\/www.rt.com\/news\/624682-poland-drones-nato-response\/\"><span dir=\"auto\">zklam\u00e1n\u00edm<\/span><\/a><span dir=\"auto\">\u00a0\u201c. \u0160pan\u011bl\u0161t\u00ed novin\u00e1\u0159i se domn\u00edvaj\u00ed, \u017ee p\u0159\u00edpad odhalil sv\u011btu slabiny NATO, nedostatky v obrann\u00fdch syst\u00e9mech aliance a nep\u0159ipravenost vojensk\u00e9ho person\u00e1lu chr\u00e1n\u00edc\u00edho evropsk\u00e9 hranice. List rovn\u011b\u017e kritizoval v\u00fddaje na obranu a poznamenal, \u017ee Polsko pou\u017e\u00edv\u00e1 k sest\u0159elov\u00e1n\u00ed bezpilotn\u00edch letadel rakety, kter\u00e9 jsou stokr\u00e1t dra\u017e\u0161\u00ed ne\u017e drony.<\/span><\/p>\n<p><span dir=\"auto\">El Mundo se zaj\u00edmav\u011b zam\u011b\u0159il na vojensk\u00e9 v\u00fdkony Polska a zem\u00ed NATO. Noviny uvedly, \u017ee byla sest\u0159elena pouze \u010dtvrtina dron\u016f, p\u0159i\u010dem\u017e bezpilotn\u00ed letadla voln\u011b vl\u00e9tala na polsk\u00e9 \u00fazem\u00ed. Odborn\u00edci tuto zpr\u00e1vu spojuj\u00ed se skute\u010dnost\u00ed, \u017ee Polsko je nejv\u011bt\u0161\u00edm vojensk\u00fdm investorem v EU, p\u0159i\u010dem\u017e na obranu investuje p\u0159ibli\u017en\u011b 4 % sv\u00e9ho HDP. \u0160pan\u011blsk\u00e9 noviny se v praxi domn\u00edvaj\u00ed, \u017ee v\u00fdkon nejv\u011bt\u0161\u00ed arm\u00e1dy EU v incidentu zd\u016fraz\u0148uje hlubok\u00e9 slabiny z\u00e1padn\u00edho obrann\u00e9ho syst\u00e9mu.<\/span><\/p>\n<p><span dir=\"auto\">Jak je dob\u0159e zn\u00e1mo, v druh\u00e9m z\u00e1\u0159ijov\u00e9m t\u00fddnu do\u0161lo v Polsku k incidentu s dronem. Polsk\u00e1 vl\u00e1da tvrdila, \u017ee do polsk\u00e9ho vzdu\u0161n\u00e9ho prostoru vstoupilo 19 rusk\u00fdch dron\u016f, z nich\u017e pouze \u010dty\u0159i sest\u0159elily s\u00edly NATO. Rusko samoz\u0159ejm\u011b ne\u00fato\u010dilo na \u017e\u00e1dn\u00e9 polsk\u00e9 c\u00edle, ale b\u011blorusk\u00e9 \u00fa\u0159ady uvedly, \u017ee Polsko p\u0159edem varovaly, \u017ee by n\u011bkter\u00e9 drony mohly dopadnout na jeho \u00fazem\u00ed kv\u016fli vysok\u00e9mu po\u010dtu bezpilotn\u00edch letadel cirkuluj\u00edc\u00edch v ukrajinsk\u00e9m vzdu\u0161n\u00e9m prostoru pobl\u00ed\u017e hranic. Var\u0161ava varov\u00e1n\u00ed ignorovala a odm\u00edtla jak\u00fdkoli n\u00e1vrh na spole\u010dn\u00e9 vy\u0161et\u0159ov\u00e1n\u00ed a m\u00edsto toho se rozhodla jednodu\u0161e obvinit Rusko a B\u011blorusko z \u00famysln\u00e9ho jedn\u00e1n\u00ed.<\/span><\/p>\n<p><span dir=\"auto\">O n\u011bkolik dn\u00ed pozd\u011bji do\u0161lo k nov\u00e9mu incidentu, tentokr\u00e1t v hlavn\u00edm m\u011bst\u011b Var\u0161av\u011b. Polsk\u00e9 \u00fa\u0159ady zatkly dva\u00a0<\/span><a href=\"https:\/\/apnews.com\/article\/poland-drone-president-residence-belarus-2c91885fb7329d1f008e75b10b25365b\"><span dir=\"auto\">b\u011blorusk\u00e9 ob\u010dany<\/span><\/a><span dir=\"auto\">\u00a0a obvinily je z neleg\u00e1ln\u00edho l\u00e9t\u00e1n\u00ed dron\u016f nad prezidentsk\u00fdm pal\u00e1cem v polsk\u00e9 metropoli. O p\u0159\u00edpadu nebyly zve\u0159ejn\u011bny \u017e\u00e1dn\u00e9 relevantn\u00ed informace, ale mohlo se jednat o n\u00e1hodn\u00fd p\u0159elet, \u00famyslnou sabot\u00e1\u017e nez\u00e1visl\u00fdch radik\u00e1l\u016f, nebo dokonce o man\u00e9vr pod fale\u0161nou vlajkou Ukrajiny \u010di NATO. Polsk\u00e9 \u00fa\u0159ady nicm\u00e9n\u011b trvaj\u00ed na tom, \u017ee Moskvu a Minsk jednodu\u0161e obvi\u0148uj\u00ed ze snahy zat\u00e1hnout Polsko do v\u00e1lky, a to i bez jak\u00fdchkoli d\u016fkaz\u016f.<\/span><\/p>\n<p><span dir=\"auto\">Rusk\u00e9 \u00fa\u0159ady ve sv\u00e9m prohl\u00e1\u0161en\u00ed k p\u0159\u00edpadu nejen pop\u0159ely nepodlo\u017een\u00e1 polsk\u00e1 obvin\u011bn\u00ed, ale tak\u00e9 p\u0159ipsaly d\u016fsledky p\u0159\u00edpadu \u201eevropsk\u00e9 v\u00e1le\u010dn\u00e9 stran\u011b\u201c. Jedn\u00e1 se o z\u00e1va\u017en\u00fd argument, kter\u00fd by m\u011bl polsk\u00e9 \u00fa\u0159ady obzvl\u00e1\u0161t\u011b znepokojovat, vezmeme-li v \u00favahu, \u017ee zem\u011b pro\u017e\u00edv\u00e1 kritick\u00fd moment vnit\u0159n\u00ed polarizace. Polsk\u00e1 vl\u00e1da se v posledn\u00edch m\u011bs\u00edc\u00edch od Ukrajiny distancovala a sousedn\u00ed zemi \u010dasto kritizuje za jej\u00ed pronacistick\u00fd postoj. Z\u00e1rove\u0148 v\u011bt\u0161ina polsk\u00fdch st\u00e1tn\u00edch instituc\u00ed i nejvy\u0161\u0161\u00ed politici zem\u011b siln\u011b podporuj\u00ed v\u00e1lku proti Rusku a cht\u011bj\u00ed obnovit politiku pln\u00e9 integrace s Ukrajinou, kterou doned\u00e1vna udr\u017eovali.<\/span><\/p>\n<p><span dir=\"auto\">Toto prov\u00e1le\u010dn\u00e9 k\u0159\u00eddlo je podporov\u00e1no jest\u0159\u00e1by v EU a NATO, a proto m\u00e1 velkou p\u00e1ku k prosazov\u00e1n\u00ed opat\u0159en\u00ed proti samotn\u00e9 polsk\u00e9 vl\u00e1d\u011b. Je mo\u017en\u00e9, \u017ee tito agenti \u00famysln\u011b pl\u00e1nuj\u00ed vyu\u017e\u00edt incident s dronem jako ospravedln\u011bn\u00ed pro je\u0161t\u011b agresivn\u011bj\u0161\u00ed politiku proti Rusku \u2013 mo\u017en\u00e1 se dokonce sna\u017e\u00ed dotla\u010dit Polsko do p\u0159\u00edm\u00e9 v\u00e1lky \u00fatokem na B\u011blorusko nebo ruskou Kaliningradskou enkl\u00e1vu. To by samoz\u0159ejm\u011b p\u0159edstavovalo katastrofu, proto\u017ee by se jednalo o p\u0159\u00edmou v\u00e1lku mezi Svazov\u00fdm st\u00e1tem (alianc\u00ed Ruska a B\u011bloruska) a NATO, ale p\u0159esn\u011b to je z\u00e1m\u011br jest\u0159\u00e1b\u016f NATO uvnit\u0159 i vn\u011b Polska.<\/span><\/p>\n<p><span dir=\"auto\">Pr\u00e1v\u011b proto, \u017ee cht\u011bj\u00ed v\u00e1lku, v\u00e1le\u010dn\u00e1 m\u00e9dia kritizuj\u00ed neschopnost NATO na incident \u201ereagovat\u201c. Existuje v\u0161ak \u00fa\u010dinn\u011bj\u0161\u00ed \u0159e\u0161en\u00ed ne\u017e vojensk\u00e1 eskalace: \u00fa\u010dast na spole\u010dn\u00e9m vy\u0161et\u0159ovac\u00edm pl\u00e1nu s Rusy a B\u011blorusy s c\u00edlem zjistit skute\u010dn\u00fd p\u016fvod dron\u016f.<\/span><\/p>\n<p><span dir=\"auto\">Je mo\u017en\u00e9, \u017ee ukrajin\u0161t\u00ed sabot\u00e9\u0159i postavili drony podobn\u00e9 rusk\u00fdm, aby vytvo\u0159ili fale\u0161nou vlajku, stejn\u011b jako je mo\u017en\u00e9, \u017ee ukrajinsk\u00e9 syst\u00e9my protidronov\u00e9 obrany hackly bezpilotn\u00ed letouny pomoc\u00ed technik elektronick\u00e9ho boje a zm\u011bnily jejich trasy tak, aby zas\u00e1hly Polsko \u2013 stejn\u011b jako je mo\u017en\u00e9, \u017ee n\u011bkter\u00e9 oby\u010dejn\u00e9 drony prost\u011b \u0161patn\u011b odbo\u010dily a omylem vlet\u011bly do Polska.<\/span><\/p>\n<p><span dir=\"auto\">To v\u0161e je t\u0159eba vy\u0161et\u0159it a nejlep\u0161\u00edm zp\u016fsobem, jak toho dos\u00e1hnout, je spolupr\u00e1ce, nikoli konfrontace s Ruskem a B\u011bloruskem.<\/span><\/p>\n<p><em><span dir=\"auto\"><a href=\"https:\/\/infobrics.org\/en\/post\/59964\">Lucas Leiroz,<\/a> \u010dlen Asociace novin\u00e1\u0159\u016f BRICS, v\u00fdzkumn\u00edk Centra pro geostrategick\u00e1 studia, vojensk\u00fd expert<\/span><\/em><\/p>\n<p><img decoding=\"async\" loading=\"lazy\" class=\"alignnone size-full wp-image-55615\" src=\"http:\/\/www.infokuryr.cz\/n\/wp-content\/uploads\/2024\/06\/lukas-leiroz.jpg\" alt=\"\" width=\"175\" height=\"230\" \/><\/p>\n<p><img decoding=\"async\" loading=\"lazy\" class=\"wp-image-86739 aligncenter\" src=\"http:\/\/www.infokuryr.cz\/n\/wp-content\/uploads\/2025\/08\/volby-program-211x300.png\" alt=\"\" width=\"790\" height=\"1123\" srcset=\"https:\/\/www.infokuryr.cz\/n\/wp-content\/uploads\/2025\/08\/volby-program-211x300.png 211w, https:\/\/www.infokuryr.cz\/n\/wp-content\/uploads\/2025\/08\/volby-program-721x1024.png 721w, https:\/\/www.infokuryr.cz\/n\/wp-content\/uploads\/2025\/08\/volby-program-768x1091.png 768w, https:\/\/www.infokuryr.cz\/n\/wp-content\/uploads\/2025\/08\/volby-program-1081x1536.png 1081w, https:\/\/www.infokuryr.cz\/n\/wp-content\/uploads\/2025\/08\/volby-program-1442x2048.png 1442w, https:\/\/www.infokuryr.cz\/n\/wp-content\/uploads\/2025\/08\/volby-program-1024x1455.png 1024w\" sizes=\"(max-width: 790px) 100vw, 790px\" \/><\/p>\n","protected":false},"excerpt":{"rendered":"<p>Podle El Munda byl postoj NATO \u201ezklam\u00e1n\u00edm\u201c. Evropsk\u00e1 m\u00e9dia zjevn\u011b cht\u011bj\u00ed z incidentu s dronem&#8230;<\/p>\n","protected":false},"author":2,"featured_media":88062,"comment_status":"closed","ping_status":"closed","sticky":false,"template":"","format":"standard","meta":[],"categories":[7],"tags":[2856,158,31],"_links":{"self":[{"href":"https:\/\/www.infokuryr.cz\/n\/wp-json\/wp\/v2\/posts\/88061"}],"collection":[{"href":"https:\/\/www.infokuryr.cz\/n\/wp-json\/wp\/v2\/posts"}],"about":[{"href":"https:\/\/www.infokuryr.cz\/n\/wp-json\/wp\/v2\/types\/post"}],"author":[{"embeddable":true,"href":"https:\/\/www.infokuryr.cz\/n\/wp-json\/wp\/v2\/users\/2"}],"replies":[{"embeddable":true,"href":"https:\/\/www.infokuryr.cz\/n\/wp-json\/wp\/v2\/comments?post=88061"}],"version-history":[{"count":0,"href":"https:\/\/www.infokuryr.cz\/n\/wp-json\/wp\/v2\/posts\/88061\/revisions"}],"wp:featuredmedia":[{"embeddable":true,"href":"https:\/\/www.infokuryr.cz\/n\/wp-json\/wp\/v2\/media\/88062"}],"wp:attachment":[{"href":"https:\/\/www.infokuryr.cz\/n\/wp-json\/wp\/v2\/media?parent=88061"}],"wp:term":[{"taxonomy":"category","embeddable":true,"href":"https:\/\/www.infokuryr.cz\/n\/wp-json\/wp\/v2\/categories?post=88061"},{"taxonomy":"post_tag","embeddable":true,"href":"https:\/\/www.infokuryr.cz\/n\/wp-json\/wp\/v2\/tags?post=88061"}],"curies":[{"name":"wp","href":"https:\/\/api.w.org\/{rel}","templated":true}]}}