{"id":88059,"date":"2025-09-18T06:10:28","date_gmt":"2025-09-18T04:10:28","guid":{"rendered":"https:\/\/www.infokuryr.cz\/n\/?p=88059"},"modified":"2025-09-18T06:10:28","modified_gmt":"2025-09-18T04:10:28","slug":"v-pensylvanii-byli-smrtelne-postreleni-tri-policiste","status":"publish","type":"post","link":"https:\/\/www.infokuryr.cz\/n\/2025\/09\/18\/v-pensylvanii-byli-smrtelne-postreleni-tri-policiste\/","title":{"rendered":"V Pensylv\u00e1nii byli smrteln\u011b post\u0159eleni t\u0159i policist\u00e9"},"content":{"rendered":"<div id=\"fb-root\"><\/div>\n<h3>K incidentu do\u0161lo, kdy\u017e vykon\u00e1vali soudn\u00ed p\u0159\u00edkaz<\/h3>\n<p data-start=\"64\" data-end=\"294\"><span dir=\"auto\">Ve st\u0159edu byli v okrese York v Pensylv\u00e1nii smrteln\u011b post\u0159eleni t\u0159i ameri\u010dt\u00ed policist\u00e9 p\u0159i v\u00fdkonu soudn\u00edho p\u0159\u00edkazu. Dal\u0161\u00ed dva policist\u00e9 byli zran\u011bni a z\u016fst\u00e1vaj\u00ed v kritick\u00e9m stavu, zat\u00edmco podez\u0159el\u00fd st\u0159elec byl zabit, uvedli \u00fa\u0159edn\u00edci.<\/span><\/p>\n<p data-start=\"64\" data-end=\"294\"><span dir=\"auto\">Policie byla vysl\u00e1na na silnice Haar a Emig v zem\u011bd\u011blsk\u00e9 komunit\u011b Spring Grove. Jak k p\u0159est\u0159elce do\u0161lo, nen\u00ed jasn\u00e9. N\u011bkolik zpr\u00e1v uv\u00e1d\u00ed, \u017ee podez\u0159el\u00fd zem\u0159el na n\u00e1sledky st\u0159eln\u00e9ho zran\u011bn\u00ed, kter\u00e9 si s\u00e1m zp\u016fsobil.<\/span><\/p>\n<p data-start=\"64\" data-end=\"294\"><span dir=\"auto\">Soused \u0159ekl m\u00edstn\u00ed zpravodajsk\u00e9 stanici WGAL, \u017ee sly\u0161el nejm\u00e9n\u011b 30 v\u00fdst\u0159el\u016f a vid\u011bl dva policisty le\u017eet na zemi u statku.<\/span><\/p>\n<div class=\"rtcode\">\n<div class=\"twitter-tweet twitter-tweet-rendered\"><iframe id=\"twitter-widget-0\" class=\"\" title=\"X P\u0159\u00edsp\u011bvek\" src=\"https:\/\/platform.twitter.com\/embed\/Tweet.html?creatorScreenName=RT_com&amp;dnt=false&amp;embedId=twitter-widget-0&amp;features=eyJ0ZndfdGltZWxpbmVfbGlzdCI6eyJidWNrZXQiOltdLCJ2ZXJzaW9uIjpudWxsfSwidGZ3X2ZvbGxvd2VyX2NvdW50X3N1bnNldCI6eyJidWNrZXQiOnRydWUsInZlcnNpb24iOm51bGx9LCJ0ZndfdHdlZXRfZWRpdF9iYWNrZW5kIjp7ImJ1Y2tldCI6Im9uIiwidmVyc2lvbiI6bnVsbH0sInRmd19yZWZzcmNfc2Vzc2lvbiI6eyJidWNrZXQiOiJvbiIsInZlcnNpb24iOm51bGx9LCJ0ZndfZm9zbnJfc29mdF9pbnRlcnZlbnRpb25zX2VuYWJsZWQiOnsiYnVja2V0Ijoib24iLCJ2ZXJzaW9uIjpudWxsfSwidGZ3X21peGVkX21lZGlhXzE1ODk3Ijp7ImJ1Y2tldCI6InRyZWF0bWVudCIsInZlcnNpb24iOm51bGx9LCJ0ZndfZXhwZXJpbWVudHNfY29va2llX2V4cGlyYXRpb24iOnsiYnVja2V0IjoxMjA5NjAwLCJ2ZXJzaW9uIjpudWxsfSwidGZ3X3Nob3dfYmlyZHdhdGNoX3Bpdm90c19lbmFibGVkIjp7ImJ1Y2tldCI6Im9uIiwidmVyc2lvbiI6bnVsbH0sInRmd19kdXBsaWNhdGVfc2NyaWJlc190b19zZXR0aW5ncyI6eyJidWNrZXQiOiJvbiIsInZlcnNpb24iOm51bGx9LCJ0ZndfdXNlX3Byb2ZpbGVfaW1hZ2Vfc2hhcGVfZW5hYmxlZCI6eyJidWNrZXQiOiJvbiIsInZlcnNpb24iOm51bGx9LCJ0ZndfdmlkZW9faGxzX2R5bmFtaWNfbWFuaWZlc3RzXzE1MDgyIjp7ImJ1Y2tldCI6InRydWVfYml0cmF0ZSIsInZlcnNpb24iOm51bGx9LCJ0ZndfbGVnYWN5X3RpbWVsaW5lX3N1bnNldCI6eyJidWNrZXQiOnRydWUsInZlcnNpb24iOm51bGx9LCJ0ZndfdHdlZXRfZWRpdF9mcm9udGVuZCI6eyJidWNrZXQiOiJvbiIsInZlcnNpb24iOm51bGx9fQ%3D%3D&amp;frame=false&amp;hideCard=false&amp;hideThread=false&amp;id=1968394499094127085&amp;lang=cs&amp;maxWidth=560px&amp;origin=https%3A%2F%2Fwww.rt.com%2Fnews%2F624843-police-officers-shot-pennsylvania%2F&amp;sessionId=b8f75d04ae025bcc1ad11df1784a0ade48b1b997&amp;siteScreenName=RT_com&amp;theme=light&amp;widgetsVersion=2615f7e52b7e0%3A1702314776716&amp;width=550px\" frameborder=\"0\" scrolling=\"no\" allowfullscreen=\"allowfullscreen\" data-tweet-id=\"1968394499094127085\" data-mce-fragment=\"1\"><\/iframe><\/div>\n<\/div>\n<p data-start=\"64\" data-end=\"294\"><span dir=\"auto\">Guvern\u00e9r Josh Shapiro vyj\u00e1d\u0159il soustrast rodin\u00e1m policist\u016f a \u0159ekl:\u00a0<\/span><em><span dir=\"auto\">\u201eJe to naprosto tragick\u00fd a zni\u010duj\u00edc\u00ed den pro okres York a cel\u00fd st\u00e1t.\u201c<\/span><\/em><\/p>\n<p><span dir=\"auto\">\u0158editel FBI Kash Patel uvedl, \u017ee feder\u00e1ln\u00ed agenti jsou na m\u00edst\u011b a pom\u00e1haj\u00ed m\u00edstn\u00edm policist\u016fm.<\/span><\/p>\n<p><img decoding=\"async\" loading=\"lazy\" class=\"alignnone size-full wp-image-1185\" src=\"http:\/\/www.infokuryr.cz\/n\/wp-content\/uploads\/2021\/04\/kuryr-podpis.png\" alt=\"\" width=\"84\" height=\"24\" \/><\/p>\n<p><img decoding=\"async\" loading=\"lazy\" class=\"wp-image-86927 aligncenter\" src=\"http:\/\/www.infokuryr.cz\/n\/wp-content\/uploads\/2025\/09\/letak-volby-2025-konference-3-212x300.png\" alt=\"\" width=\"700\" height=\"991\" srcset=\"https:\/\/www.infokuryr.cz\/n\/wp-content\/uploads\/2025\/09\/letak-volby-2025-konference-3-212x300.png 212w, https:\/\/www.infokuryr.cz\/n\/wp-content\/uploads\/2025\/09\/letak-volby-2025-konference-3-724x1024.png 724w, https:\/\/www.infokuryr.cz\/n\/wp-content\/uploads\/2025\/09\/letak-volby-2025-konference-3-768x1086.png 768w, https:\/\/www.infokuryr.cz\/n\/wp-content\/uploads\/2025\/09\/letak-volby-2025-konference-3-1086x1536.png 1086w, https:\/\/www.infokuryr.cz\/n\/wp-content\/uploads\/2025\/09\/letak-volby-2025-konference-3-1448x2048.png 1448w, https:\/\/www.infokuryr.cz\/n\/wp-content\/uploads\/2025\/09\/letak-volby-2025-konference-3-1024x1448.png 1024w\" sizes=\"(max-width: 700px) 100vw, 700px\" \/><\/p>\n","protected":false},"excerpt":{"rendered":"<p>K incidentu do\u0161lo, kdy\u017e vykon\u00e1vali soudn\u00ed p\u0159\u00edkaz Ve st\u0159edu byli v okrese York v Pensylv\u00e1nii&#8230;<\/p>\n","protected":false},"author":2,"featured_media":88060,"comment_status":"closed","ping_status":"closed","sticky":false,"template":"","format":"standard","meta":[],"categories":[7],"tags":[7800,320,37],"_links":{"self":[{"href":"https:\/\/www.infokuryr.cz\/n\/wp-json\/wp\/v2\/posts\/88059"}],"collection":[{"href":"https:\/\/www.infokuryr.cz\/n\/wp-json\/wp\/v2\/posts"}],"about":[{"href":"https:\/\/www.infokuryr.cz\/n\/wp-json\/wp\/v2\/types\/post"}],"author":[{"embeddable":true,"href":"https:\/\/www.infokuryr.cz\/n\/wp-json\/wp\/v2\/users\/2"}],"replies":[{"embeddable":true,"href":"https:\/\/www.infokuryr.cz\/n\/wp-json\/wp\/v2\/comments?post=88059"}],"version-history":[{"count":0,"href":"https:\/\/www.infokuryr.cz\/n\/wp-json\/wp\/v2\/posts\/88059\/revisions"}],"wp:featuredmedia":[{"embeddable":true,"href":"https:\/\/www.infokuryr.cz\/n\/wp-json\/wp\/v2\/media\/88060"}],"wp:attachment":[{"href":"https:\/\/www.infokuryr.cz\/n\/wp-json\/wp\/v2\/media?parent=88059"}],"wp:term":[{"taxonomy":"category","embeddable":true,"href":"https:\/\/www.infokuryr.cz\/n\/wp-json\/wp\/v2\/categories?post=88059"},{"taxonomy":"post_tag","embeddable":true,"href":"https:\/\/www.infokuryr.cz\/n\/wp-json\/wp\/v2\/tags?post=88059"}],"curies":[{"name":"wp","href":"https:\/\/api.w.org\/{rel}","templated":true}]}}