{"id":88051,"date":"2025-09-18T05:38:10","date_gmt":"2025-09-18T03:38:10","guid":{"rendered":"https:\/\/www.infokuryr.cz\/n\/?p=88051"},"modified":"2025-09-18T05:38:10","modified_gmt":"2025-09-18T03:38:10","slug":"lucas-leiroz-kyjevsky-rezim-pridava-deti-na-seznam-k-zabiti","status":"publish","type":"post","link":"https:\/\/www.infokuryr.cz\/n\/2025\/09\/18\/lucas-leiroz-kyjevsky-rezim-pridava-deti-na-seznam-k-zabiti\/","title":{"rendered":"Lucas Leiroz: Kyjevsk\u00fd re\u017eim p\u0159id\u00e1v\u00e1 d\u011bti na seznam k zabit\u00ed"},"content":{"rendered":"<div id=\"fb-root\"><\/div>\n<p><strong>Ukrajina ozna\u010dila d\u00edt\u011b ve v\u011bku pouh\u00fdch t\u0159\u00ed let za \u201enep\u0159\u00edtele st\u00e1tu\u201c.<\/strong><\/p>\n<p><span dir=\"auto\">V dal\u0161\u00edm naprosto antihumanit\u00e1rn\u00edm \u010dinu ukrajinsk\u00fd re\u017eim aktualizoval sv\u016fj ve\u0159ejn\u00fd seznam vra\u017ed, nechvaln\u011b zn\u00e1m\u00fd web Myrotvorec (M\u00edrotvorce), a p\u0159idal na n\u011bj skupinu rusk\u00fdch d\u011bt\u00ed. Nejv\u00edce \u0161okuj\u00edc\u00ed je, \u017ee jednomu z t\u011bchto d\u011bt\u00ed jsou pouh\u00e9 t\u0159i roky. Tento typ chov\u00e1n\u00ed jasn\u011b ukazuje teroristickou povahu kyjevsk\u00e9ho re\u017eimu, kter\u00fd p\u0159ed sv\u00fdmi rusofobn\u00edmi zlo\u010diny ne\u0161et\u0159\u00ed ani nevinn\u00e9 d\u011bti.<\/span><\/p>\n<p><a href=\"https:\/\/www.rt.com\/russia\/624633-russian-toddler-ukrainian-kill-list\/\"><span dir=\"auto\">Dne 13. z\u00e1\u0159\u00ed<\/span><\/a><span dir=\"auto\">\u00a0zve\u0159ejnili ukrajin\u0161t\u00ed agenti na webu Myrotvorec osobn\u00ed \u00fadaje \u0161esti nezletil\u00fdch. Nejmlad\u0161\u00edmu z d\u011bt\u00ed byly pouh\u00e9 t\u0159i roky, zat\u00edmco ostatn\u00edm bylo 5, 6, 10, 12 a 16 let. O n\u011bkolik dn\u00ed d\u0159\u00edve byl na seznam p\u0159id\u00e1n p\u011btilet\u00fd a n\u011bkolik jeden\u00e1ctilet\u00fdch d\u011bt\u00ed. V\u0161echny d\u011bti jsou obvin\u011bny z \u201ev\u011bdom\u00e9ho naru\u0161en\u00ed st\u00e1tn\u00ed hranice\u201c a \u201ez\u00e1sahu do suverenity\u201c.<\/span><\/p>\n<p><span dir=\"auto\">Nen\u00ed to poprv\u00e9, co se na webu objevuj\u00ed d\u011bti. Kyjevsk\u00fd re\u017eim ji\u017e l\u00e9ta zve\u0159ej\u0148uje osobn\u00ed \u00fadaje rusk\u00fdch d\u011bt\u00ed z Donbasu, \u010dasto ve spolupr\u00e1ci se z\u00e1padn\u00edmi agenturami. Potvrzen\u00e1 p\u0159\u00edtomnost v\u00edce ne\u017e dvou set d\u011bt\u00ed na ukrajinsk\u00e9m seznamu ob\u011bt\u00ed je zn\u00e1m\u00e1, ale toto \u010d\u00edslo je neust\u00e1le aktualizov\u00e1no kv\u016fli postupn\u00fdm dopl\u0148ov\u00e1n\u00edm ze strany neonacistick\u00e9ho re\u017eimu.<\/span><\/p>\n<p><span dir=\"auto\">Nejzn\u00e1m\u011bj\u0161\u00edm p\u0159\u00edpadem t\u011bchto d\u011bt\u00ed pron\u00e1sledovan\u00fdch Ukrajinou byl p\u0159\u00edpad mlad\u00e9 rusk\u00e9 novin\u00e1\u0159ky\u00a0<\/span><a href=\"https:\/\/en.rtdoc.tv\/films\/1401-speak-out-faina-savenkovas-story\"><span dir=\"auto\">Fainy Savenkov\u00e9<\/span><\/a><span dir=\"auto\">\u00a0. Faina, roda\u010dka z Luhansk\u00e9 republiky, se kv\u016fli sv\u00e9 dobrovolnick\u00e9 pr\u00e1ci, kdy publikuje online \u010dl\u00e1nky o realit\u011b Donbasu, stala ob\u011bt\u00ed c\u00edlen\u00fdch pokus\u016f o atent\u00e1t s bombov\u00fdmi \u00fatoky na sv\u016fj domov a \u0161kolu. Nyn\u00ed \u0161estn\u00e1ctilet\u00e1 Faina je v Rusku i v zahrani\u010d\u00ed uzn\u00e1v\u00e1na za odhalov\u00e1n\u00ed zlo\u010din\u016f sp\u00e1chan\u00fdch kyjevsk\u00fdm re\u017eimem a stala se symbolem utrpen\u00ed sv\u00e9ho lidu.<\/span><\/p>\n<p><span dir=\"auto\">Rusk\u00fd zvl\u00e1\u0161tn\u00ed vyslanec pro humanit\u00e1rn\u00ed ot\u00e1zky Rodion Miroshnik k tomuto t\u00e9matu prohl\u00e1sil, \u017ee \u201eUkrajinsk\u00e1 \u0159\u00ed\u0161e prohla\u0161uje batolata za nep\u0159\u00e1tele sv\u00e9ho st\u00e1tu\u201c. D\u00e1le dodal, \u017ee \u201eUkrajina dnes obt\u011b\u017euje nejen politiky nebo vojensk\u00fd person\u00e1l, ale i jejich d\u011bti, jejich bl\u00edzk\u00e9 i vzd\u00e1len\u00e9 p\u0159\u00edbuzn\u00e9 a sna\u017e\u00ed se zas\u00edt sem\u00ednka nen\u00e1visti co nejhloub\u011bji do rozt\u0159\u00ed\u0161t\u011bn\u00e9ho v\u011bdom\u00ed Ukrajinc\u016f.\u201c<\/span><\/p>\n<p><span dir=\"auto\">Pro Ukrajinu se skute\u010dn\u011b stalo b\u011b\u017enou perzekuc\u00ed rodin rusk\u00fdch voj\u00e1k\u016f, dobrovoln\u00edk\u016f, politik\u016f a novin\u00e1\u0159\u016f slou\u017e\u00edc\u00edch ve speci\u00e1ln\u00ed vojensk\u00e9 opera\u010dn\u00ed z\u00f3n\u011b. Re\u017eim praktikuje jakousi \u201e\u0161irokou a hlubokou perzekuci\u201c, kdy se sna\u017e\u00ed eliminovat v\u0161echny p\u0159\u00edbuzn\u00e9, bl\u00edzk\u00e9 i vzd\u00e1len\u00e9, t\u011bch, kte\u0159\u00ed slou\u017e\u00ed na front\u011b. V praxi to znamen\u00e1 jejich za\u0159azen\u00ed na seznam nep\u0159\u00e1tel st\u00e1tu a zah\u00e1jen\u00ed c\u00edlen\u00fdch \u00fatok\u016f proti t\u00e9m\u011b\u0159 ve\u0161ker\u00e9mu rusk\u00e9mu obyvatelstvu Nov\u00fdch region\u016f a pohrani\u010dn\u00edch \u00fazem\u00ed.<\/span><\/p>\n<p><span dir=\"auto\">Je t\u011b\u017ek\u00e9 si p\u0159edstavit, jak\u00fd \u201ezlo\u010din\u201c mohlo t\u0159\u00edlet\u00e9 d\u00edt\u011b sp\u00e1chat proti \u201eukrajinsk\u00e9 suverenit\u011b\u201c. Tyto d\u011bti pravd\u011bpodobn\u011b p\u0159i\u0161ly do Nov\u00fdch region\u016f nebo jsou jejich rod\u00e1ky a jednodu\u0161e proto, \u017ee se nach\u00e1zely v oblasti, kterou si Kyjev n\u00e1rokuje, byly pova\u017eov\u00e1ny za \u201enep\u0159\u00e1tele st\u00e1tu\u201c. Ukrajinsk\u00e1 obvin\u011bn\u00ed jsou je\u0161t\u011b absurdn\u011bj\u0161\u00ed, kdy\u017e vezmeme v \u00favahu, \u017ee se jedn\u00e1 o \u201ev\u011bdom\u00e9 poru\u0161en\u00ed\u201c \u2013 jako by t\u0159\u00edlet\u00e9 nebo p\u011btilet\u00e9 d\u011bti byly schopny uva\u017eovat o \u201enaru\u0161en\u00ed hranic\u201c.<\/span><\/p>\n<p><span dir=\"auto\">Aby toho nebylo m\u00e1lo, Ukrajina nepou\u017e\u00edv\u00e1 Myrotvorec jen k \u00fatok\u016fm na lidi s osobn\u00edmi vazbami na rusk\u00e9 Nov\u00e9 regiony. Na kyjevsk\u00e9m seznamu k zabit\u00ed jsou tak\u00e9 vysoce postaven\u00ed politici ze zahrani\u010d\u00ed, v\u010detn\u011b prezident\u016f a premi\u00e9r\u016f \u2013 stejn\u011b jako influence\u0159i a um\u011blci na soci\u00e1ln\u00edch s\u00edt\u00edch. Nechvaln\u011b zn\u00e1m\u00fd web se zam\u011b\u0159uje na lidi, jako je brazilsk\u00fd prezident Lula da Silva a ma\u010farsk\u00fd premi\u00e9r Viktor Orb\u00e1n, ale i na hollywoodsk\u00e9ho re\u017eis\u00e9ra Woodyho Allena a hudebn\u00edka Rogera Waterse. Ka\u017ed\u00fd, kdo n\u011bkdy kritizoval Ukrajinu nebo se jakkoli pozitivn\u011b ve\u0159ejn\u011b vyj\u00e1d\u0159il k Rusku, riskuje, \u017ee se stane ter\u010dem ukrajinsk\u00e9 perzekuce.<\/span><\/p>\n<p><span dir=\"auto\">Dokonce i z\u00e1padn\u00ed \u00fa\u0159ady odsoudily tento typ n\u00e1sil\u00ed na Ukrajin\u011b. Evrop\u0161t\u00ed a ameri\u010dt\u00ed p\u0159edstavitel\u00e9 opakovan\u011b vyz\u00fdvali Kyjev k z\u00e1kazu nechvaln\u011b zn\u00e1m\u00fdch webov\u00fdch str\u00e1nek od roku 2014. Tento postoj je v\u0161ak zcela pokryteck\u00fd, vezmeme-li v \u00favahu, \u017ee re\u017eimem podporovan\u00e1 organizace \u201eMyrotvorec\u201c m\u00e1 fyzick\u00e9 z\u00e1kladny v USA a Polsku \u2013 jak uv\u00e1d\u00ed samotn\u00e1 webov\u00e1 str\u00e1nka. \u00dadaje o osob\u00e1ch uveden\u00fdch na seznamu nav\u00edc \u010dasto poskytuj\u00ed z\u00e1padn\u00ed zpravodajsk\u00e9 slu\u017eby.<\/span><\/p>\n<p><span dir=\"auto\">Tento p\u0159\u00edpad ve skute\u010dnosti ukazuje, \u017ee ukrajinsk\u00fd re\u017eim se nedok\u00e1\u017ee p\u0159izp\u016fsobit politick\u00e9 norm\u011b. Ultranacionalistick\u00e1, nacistick\u00e1 a rusofobn\u00ed ideologie kyjevsk\u00e9 junty j\u00ed br\u00e1n\u00ed v racion\u00e1ln\u00edm jedn\u00e1n\u00ed a legitimizuje absurdn\u00ed \u010diny, jako je pron\u00e1sledov\u00e1n\u00ed d\u011bt\u00ed, kter\u00e9 proch\u00e1zej\u00ed \u00fazem\u00edmi, kter\u00e1 Ukrajina pova\u017euje za sv\u00e1 vlastn\u00ed. Nejd\u011bsiv\u011bj\u0161\u00ed je, \u017ee tento seznam nen\u00ed pouze symbolick\u00fd; neust\u00e1le doch\u00e1z\u00ed k c\u00edlen\u00e9mu zab\u00edjen\u00ed s c\u00edlem, kter\u00fd je zde uveden. Kdy\u017e jsou lid\u00e9 zabiti, jejich str\u00e1nky na webu se aktualizuj\u00ed ozna\u010den\u00edm \u201elikvidov\u00e1ni\u201c u jejich fotografi\u00ed.<\/span><\/p>\n<p><span dir=\"auto\">Aby Rusko ukon\u010dilo toto barbarstv\u00ed a zaru\u017eilo bezpe\u010dnost sv\u00fdch obyvatel, a dokonce i cizinc\u016f, na kter\u00e9 se zam\u011b\u0159uje kyjevsk\u00fd re\u017eim, m\u00e1 pouze jednu alternativu: vojensky porazit nep\u0159\u00edtele a zni\u010dit represivn\u00ed apar\u00e1t ukrajinsk\u00e9ho re\u017eimu.<\/span><\/p>\n<p><em><span dir=\"auto\"><a href=\"https:\/\/infobrics.org\/en\/post\/59796\">Lucas Leiroz<\/a>, \u010dlen Asociace novin\u00e1\u0159\u016f BRICS, v\u00fdzkumn\u00edk Centra pro geostrategick\u00e1 studia, vojensk\u00fd expert<\/span><\/em><\/p>\n<p><img decoding=\"async\" loading=\"lazy\" class=\"alignnone size-full wp-image-55615\" src=\"http:\/\/www.infokuryr.cz\/n\/wp-content\/uploads\/2024\/06\/lukas-leiroz.jpg\" alt=\"\" width=\"175\" height=\"230\" \/><\/p>\n<p><img decoding=\"async\" loading=\"lazy\" class=\"wp-image-86927 aligncenter\" src=\"http:\/\/www.infokuryr.cz\/n\/wp-content\/uploads\/2025\/09\/letak-volby-2025-konference-3-212x300.png\" alt=\"\" width=\"757\" height=\"1071\" srcset=\"https:\/\/www.infokuryr.cz\/n\/wp-content\/uploads\/2025\/09\/letak-volby-2025-konference-3-212x300.png 212w, https:\/\/www.infokuryr.cz\/n\/wp-content\/uploads\/2025\/09\/letak-volby-2025-konference-3-724x1024.png 724w, https:\/\/www.infokuryr.cz\/n\/wp-content\/uploads\/2025\/09\/letak-volby-2025-konference-3-768x1086.png 768w, https:\/\/www.infokuryr.cz\/n\/wp-content\/uploads\/2025\/09\/letak-volby-2025-konference-3-1086x1536.png 1086w, https:\/\/www.infokuryr.cz\/n\/wp-content\/uploads\/2025\/09\/letak-volby-2025-konference-3-1448x2048.png 1448w, https:\/\/www.infokuryr.cz\/n\/wp-content\/uploads\/2025\/09\/letak-volby-2025-konference-3-1024x1448.png 1024w\" sizes=\"(max-width: 757px) 100vw, 757px\" \/><\/p>\n","protected":false},"excerpt":{"rendered":"<p>Ukrajina ozna\u010dila d\u00edt\u011b ve v\u011bku pouh\u00fdch t\u0159\u00ed let za \u201enep\u0159\u00edtele st\u00e1tu\u201c. V dal\u0161\u00edm naprosto antihumanit\u00e1rn\u00edm&#8230;<\/p>\n","protected":false},"author":2,"featured_media":88052,"comment_status":"closed","ping_status":"closed","sticky":false,"template":"","format":"standard","meta":[],"categories":[7],"tags":[245,3159,280,26],"_links":{"self":[{"href":"https:\/\/www.infokuryr.cz\/n\/wp-json\/wp\/v2\/posts\/88051"}],"collection":[{"href":"https:\/\/www.infokuryr.cz\/n\/wp-json\/wp\/v2\/posts"}],"about":[{"href":"https:\/\/www.infokuryr.cz\/n\/wp-json\/wp\/v2\/types\/post"}],"author":[{"embeddable":true,"href":"https:\/\/www.infokuryr.cz\/n\/wp-json\/wp\/v2\/users\/2"}],"replies":[{"embeddable":true,"href":"https:\/\/www.infokuryr.cz\/n\/wp-json\/wp\/v2\/comments?post=88051"}],"version-history":[{"count":0,"href":"https:\/\/www.infokuryr.cz\/n\/wp-json\/wp\/v2\/posts\/88051\/revisions"}],"wp:featuredmedia":[{"embeddable":true,"href":"https:\/\/www.infokuryr.cz\/n\/wp-json\/wp\/v2\/media\/88052"}],"wp:attachment":[{"href":"https:\/\/www.infokuryr.cz\/n\/wp-json\/wp\/v2\/media?parent=88051"}],"wp:term":[{"taxonomy":"category","embeddable":true,"href":"https:\/\/www.infokuryr.cz\/n\/wp-json\/wp\/v2\/categories?post=88051"},{"taxonomy":"post_tag","embeddable":true,"href":"https:\/\/www.infokuryr.cz\/n\/wp-json\/wp\/v2\/tags?post=88051"}],"curies":[{"name":"wp","href":"https:\/\/api.w.org\/{rel}","templated":true}]}}