{"id":88021,"date":"2025-09-18T00:16:27","date_gmt":"2025-09-17T22:16:27","guid":{"rendered":"https:\/\/www.infokuryr.cz\/n\/?p=88021"},"modified":"2025-09-17T12:25:27","modified_gmt":"2025-09-17T10:25:27","slug":"erik-best-narod-kolaborantu","status":"publish","type":"post","link":"https:\/\/www.infokuryr.cz\/n\/2025\/09\/18\/erik-best-narod-kolaborantu\/","title":{"rendered":"Erik Best: N\u00e1rod kolaborant\u016f"},"content":{"rendered":"<div id=\"fb-root\"><\/div>\n<p>S prohlubuj\u00edc\u00edm se rozd\u011blen\u00edm \u010desk\u00e9 spole\u010dnosti ztr\u00e1cej\u00ed n\u011bkter\u00e1 slova, je\u017e kdysi m\u011bla z\u00e1va\u017en\u00fd v\u00fdznam, na sv\u00e9 s\u00edle. Zahrani\u010dn\u00ed agenti, \u0161pioni \u010di kolaboranti \u010delili d\u0159\u00edve v\u0161eobecn\u00e9mu ve\u0159ejn\u00e9mu odsouzen\u00ed nebo dokonce v\u011bzen\u00ed, dnes ale jako byste nebyl, kdy\u017e nejste podobn\u011b po\u010dastov\u00e1n.<\/p>\n<p>\u0160\u00e9fredaktor Respektu\u00a0<a href=\"https:\/\/www.respekt.cz\/tydenik\/2025\/38\/kdo-pozve-kolaboranty-k-moci?srsltid=AfmBOor3aYXGhCzIiWPnSucskcF8RpA4sbjwVjChhROM53Lvb2LOiAs9\" target=\"_blank\" rel=\"noopener\">Erik Tabery<\/a>\u00a0napsal, \u017ee slovo \u201ekolaborant\u201c nem\u00e1 r\u00e1d, ale \u017ee pro SPD a\u00a0Sta\u010dilo! je to to spr\u00e1vn\u00e9 pojmenov\u00e1n\u00ed. \u0158editel den\u00edku Forum 24\u00a0<a href=\"https:\/\/www.forum24.cz\/17-dni-do-voleb-kolaboranti-uz-ztratili-veskere-zabrany-chteji-prodat-cesko-rusku\" target=\"_blank\" rel=\"noopener\">Pavel \u0160afr<\/a>\u00a0zahrnul mezi \u201ena\u0161e nejhor\u0161\u00ed kolaboranty\u201c Tomia Okamuru, Kate\u0159inu Kone\u010dnou a\u00a0Lubom\u00edra Zaor\u00e1lka, zat\u00edmco Andrej Babi\u0161 je podle n\u011bj exponent Ruska a\u00a0Putinovy kremelsk\u00e9 manipulace.<\/p>\n<p>Okamura zase prohl\u00e1sil, \u017ee\u00a0<a href=\"https:\/\/www.psp.cz\/eknih\/2021ps\/stenprot\/017schuz\/s017013.htm\" target=\"_blank\" rel=\"noopener\">p\u00e1tou kolonou<\/a>\u00a0jsou lidovci, proto\u017ee \u201ekolaboruj\u00ed\u201c se sudetsk\u00fdm landsman\u0161aftem. Pro n\u011bkoho je \u201e<a href=\"https:\/\/cnn.iprima.cz\/vyhrocena-situace-na-narodni-tride-fiala-je-nacista-a-kolaborant-kricel-demonstrujici-193283?utm_source=www.seznam.cz&amp;utm_medium=sekce-z-internetu\" target=\"_blank\" rel=\"noopener\">nacistou a\u00a0kolaborantem<\/a>\u201c Petr Fiala.<\/p>\n<p>Na internetu se tak\u00e9 objevuj\u00ed vtipy o\u00a0tom, \u017ee prezident Svazu obchodu a\u00a0cestovn\u00edho ruchu Tom\u00e1\u0161 Prouza je \u201ekolaborantem\u201c a\u00a0slu\u017ekou\u00a0<a href=\"https:\/\/x.com\/JZdesena\/status\/1946055082451017884\" target=\"_blank\" rel=\"noopener\">zahrani\u010dn\u00edch maloobchodn\u00edch \u0159et\u011bzc\u016f<\/a>. Vypad\u00e1 to na n\u00e1rod kolaborant\u016f. P\u0159esto BIS i\u00a0nejvy\u0161\u0161\u00ed st\u00e1tn\u00ed z\u00e1stupce neobvykle ml\u010d\u00ed. Tolik kolaborant\u016f a\u00a0nikdo nebyl zat\u010den. Z\u0159ejm\u011b je to nov\u00fd norm\u00e1l.<\/p>\n<p><a href=\"https:\/\/www.fsfinalword.cz\/?page=archive&amp;day=2025-09-17\">Erik Best<\/a><\/p>\n<p><img decoding=\"async\" loading=\"lazy\" class=\"alignnone  wp-image-1179\" src=\"http:\/\/www.infokuryr.cz\/n\/wp-content\/uploads\/2021\/04\/erik-best.jpg\" alt=\"\" width=\"129\" height=\"145\" \/><\/p>\n<p><img decoding=\"async\" loading=\"lazy\" class=\"wp-image-86739 aligncenter\" src=\"http:\/\/www.infokuryr.cz\/n\/wp-content\/uploads\/2025\/08\/volby-program-211x300.png\" alt=\"\" width=\"682\" height=\"970\" srcset=\"https:\/\/www.infokuryr.cz\/n\/wp-content\/uploads\/2025\/08\/volby-program-211x300.png 211w, https:\/\/www.infokuryr.cz\/n\/wp-content\/uploads\/2025\/08\/volby-program-721x1024.png 721w, https:\/\/www.infokuryr.cz\/n\/wp-content\/uploads\/2025\/08\/volby-program-768x1091.png 768w, https:\/\/www.infokuryr.cz\/n\/wp-content\/uploads\/2025\/08\/volby-program-1081x1536.png 1081w, https:\/\/www.infokuryr.cz\/n\/wp-content\/uploads\/2025\/08\/volby-program-1442x2048.png 1442w, https:\/\/www.infokuryr.cz\/n\/wp-content\/uploads\/2025\/08\/volby-program-1024x1455.png 1024w\" sizes=\"(max-width: 682px) 100vw, 682px\" \/><\/p>\n","protected":false},"excerpt":{"rendered":"<p>S prohlubuj\u00edc\u00edm se rozd\u011blen\u00edm \u010desk\u00e9 spole\u010dnosti ztr\u00e1cej\u00ed n\u011bkter\u00e1 slova, je\u017e kdysi m\u011bla z\u00e1va\u017en\u00fd v\u00fdznam, na&#8230;<\/p>\n","protected":false},"author":2,"featured_media":10149,"comment_status":"closed","ping_status":"closed","sticky":false,"template":"","format":"standard","meta":[],"categories":[6],"tags":[3524,1503,3949],"_links":{"self":[{"href":"https:\/\/www.infokuryr.cz\/n\/wp-json\/wp\/v2\/posts\/88021"}],"collection":[{"href":"https:\/\/www.infokuryr.cz\/n\/wp-json\/wp\/v2\/posts"}],"about":[{"href":"https:\/\/www.infokuryr.cz\/n\/wp-json\/wp\/v2\/types\/post"}],"author":[{"embeddable":true,"href":"https:\/\/www.infokuryr.cz\/n\/wp-json\/wp\/v2\/users\/2"}],"replies":[{"embeddable":true,"href":"https:\/\/www.infokuryr.cz\/n\/wp-json\/wp\/v2\/comments?post=88021"}],"version-history":[{"count":0,"href":"https:\/\/www.infokuryr.cz\/n\/wp-json\/wp\/v2\/posts\/88021\/revisions"}],"wp:featuredmedia":[{"embeddable":true,"href":"https:\/\/www.infokuryr.cz\/n\/wp-json\/wp\/v2\/media\/10149"}],"wp:attachment":[{"href":"https:\/\/www.infokuryr.cz\/n\/wp-json\/wp\/v2\/media?parent=88021"}],"wp:term":[{"taxonomy":"category","embeddable":true,"href":"https:\/\/www.infokuryr.cz\/n\/wp-json\/wp\/v2\/categories?post=88021"},{"taxonomy":"post_tag","embeddable":true,"href":"https:\/\/www.infokuryr.cz\/n\/wp-json\/wp\/v2\/tags?post=88021"}],"curies":[{"name":"wp","href":"https:\/\/api.w.org\/{rel}","templated":true}]}}