{"id":88003,"date":"2025-09-18T00:18:35","date_gmt":"2025-09-17T22:18:35","guid":{"rendered":"https:\/\/www.infokuryr.cz\/n\/?p=88003"},"modified":"2025-09-17T11:28:25","modified_gmt":"2025-09-17T09:28:25","slug":"obcanska-valka-na-zapade-proc-je-varovani-davida-betze-tak-verohodne","status":"publish","type":"post","link":"https:\/\/www.infokuryr.cz\/n\/2025\/09\/18\/obcanska-valka-na-zapade-proc-je-varovani-davida-betze-tak-verohodne\/","title":{"rendered":"Ob\u010dansk\u00e1 v\u00e1lka na Z\u00e1pad\u011b: Pro\u010d je varov\u00e1n\u00ed Davida Betze tak v\u011brohodn\u00e9"},"content":{"rendered":"<div id=\"fb-root\"><\/div>\n<div class=\"elementor-element elementor-element-1fb4c2c elementor-widget elementor-widget-theme-post-content\" data-id=\"1fb4c2c\" data-element_type=\"widget\" data-widget_type=\"theme-post-content.default\">\n<div class=\"elementor-widget-container\">\n<p><span dir=\"auto\">P\u0159edstava, \u017ee by z\u00e1padn\u00ed demokracie mohly sklouznout k ob\u010dansk\u00e9 v\u00e1lce, byla dlouho pova\u017eov\u00e1na za nep\u0159edstavitelnou. Britsk\u00fd profesor David Betz, renomovan\u00fd vojensk\u00fd a strategick\u00fd v\u00fdzkumn\u00edk, v\u0161ak v\u00a0<\/span><em><a href=\"https:\/\/www.militarystrategymagazine.com\/article\/civil-war-comes-to-the-west\/\" target=\"_blank\" rel=\"noreferrer noopener\" data-type=\"link\" data-id=\"https:\/\/www.militarystrategymagazine.com\/article\/civil-war-comes-to-the-west\/\"><span dir=\"auto\">\u010dasopise Military Strategy Magazine<\/span><\/a><\/em><span dir=\"auto\">\u00a0vykresluje obraz , kter\u00fd se zd\u00e1 b\u00fdt a\u017e d\u011bsiv\u011b pravd\u011bpodobn\u00fd: Podm\u00ednky pro vnit\u0159n\u00ed konflikt na Z\u00e1pad\u011b nejen\u017ee existuj\u00ed, ale sb\u00edhaj\u00ed se do nebezpe\u010dn\u00e9 sm\u011bsice. Jeho\u00a0<\/span><a href=\"https:\/\/www.militarystrategymagazine.com\/article\/civil-war-comes-to-the-west\/\" target=\"_blank\" rel=\"noreferrer noopener\" data-type=\"link\" data-id=\"https:\/\/www.militarystrategymagazine.com\/article\/civil-war-comes-to-the-west\/\"><span dir=\"auto\">anal\u00fdza<\/span><\/a><span dir=\"auto\">\u00a0je zalo\u017eena na \u010detn\u00fdch studi\u00edch, pr\u016fzkumech a historick\u00fdch paralel\u00e1ch, co\u017e ji \u010din\u00ed obzvl\u00e1\u0161t\u011b v\u011brohodnou.<\/span><\/p>\n<h2 class=\"wp-block-heading\"><span dir=\"auto\">Rozpad soci\u00e1ln\u00ed soudr\u017enosti<\/span><\/h2>\n<p><span dir=\"auto\">Jedn\u00edm z hlavn\u00edch d\u016fvod\u016f potenci\u00e1ln\u00ed eskalace spo\u010d\u00edv\u00e1 v postupn\u00e9 ztr\u00e1t\u011b soci\u00e1ln\u00ed d\u016fv\u011bry. Data, jako je\u00a0<\/span><strong><span dir=\"auto\">Edelman Trust Barometer<\/span><\/strong><span dir=\"auto\">\u00a0a studie Pew, ukazuj\u00ed masivn\u00ed pokles d\u016fv\u011bry ve vl\u00e1dy, parlamenty a m\u00e9dia. Z\u00e1rove\u0148 roste fragmentace: identitn\u00ed politika, etnick\u00e9 rozpory a bubliny digit\u00e1ln\u00edch filtr\u016f odd\u011bluj\u00ed lidi. To, co kdysi b\u00fdvalo spole\u010dn\u00fdm konsensem, se rozpad\u00e1 do mal\u00fdch, vz\u00e1jemn\u011b si ned\u016fv\u011b\u0159uj\u00edc\u00edch subkultur.<\/span><\/p>\n<h2 class=\"wp-block-heading\"><span dir=\"auto\">Ekonomick\u00e1 eroze jako urychlova\u010d<\/span><\/h2>\n<p><span dir=\"auto\">Betz tak\u00e9 poukazuje na\u00a0<\/span><strong><span dir=\"auto\">ekonomick\u00fd rozm\u011br<\/span><\/strong><span dir=\"auto\">\u00a0: deindustrializace, rostouc\u00ed \u017eivotn\u00ed n\u00e1klady a ztr\u00e1ta pracovn\u00edch m\u00edst naru\u0161ily st\u0159edn\u00ed t\u0159\u00eddu. Obzvl\u00e1\u0161t\u011b posti\u017eeny jsou \u201ezaostal\u00e9\u201c venkovsk\u00e9 regiony, zat\u00edmco metropole za\u017e\u00edvaj\u00ed nov\u00e9 nap\u011bt\u00ed v d\u016fsledku migrace a globalizace.\u00a0<\/span><strong><span dir=\"auto\">Dedolarizace<\/span><\/strong><span dir=\"auto\">\u00a0a \u00fapadek z\u00e1padn\u00ed ekonomick\u00e9 s\u00edly situaci d\u00e1le zhor\u0161uj\u00ed \u2013 v d\u016fsledku toho se boje o distribuci st\u00e1vaj\u00ed pravd\u011bpodobn\u011bj\u0161\u00edmi.<\/span><\/p>\n<h2 class=\"wp-block-heading\"><span dir=\"auto\">M\u011bsto versus venkov: Nov\u00e1 frontov\u00e1 linie<\/span><\/h2>\n<p><span dir=\"auto\">Obzvl\u00e1\u0161t\u011b pronikav\u00fdm bodem Betze je jeho teze, \u017ee ob\u010dansk\u00e1 v\u00e1lka\u00a0by\u00a0<\/span><strong><span dir=\"auto\">se nevyv\u00edjela po klasick\u00fdch lini\u00edch sever-jih nebo levice-pravice , ale sp\u00ed\u0161e po\u00a0<\/span><\/strong><strong><span dir=\"auto\">ose m\u011bsto-venkov<\/span><\/strong><span dir=\"auto\">\u00a0. M\u011bsta, kter\u00e1 jsou ji\u017e tak heterogenn\u00ed a soci\u00e1ln\u011b napjat\u00e1, by se mohla prom\u011bnit v ohniska povst\u00e1n\u00ed nebo nepokoj\u016f. Venkovsk\u00e9 oblasti jsou naopak pova\u017eov\u00e1ny za homogenn\u011bj\u0161\u00ed a mohly by se st\u00e1t z\u00e1kladnou pro protiopat\u0159en\u00ed.<\/span><\/p>\n<h2 class=\"wp-block-heading\"><span dir=\"auto\">Infrastruktura jako Achillova pata<\/span><\/h2>\n<p><span dir=\"auto\">Modern\u00ed ob\u010dansk\u00e1 v\u00e1lka se z\u00e1sadn\u011b li\u0161\u00ed od historick\u00fdch ob\u010dansk\u00fdch v\u00e1lek. Betz jasn\u011b uv\u00e1d\u00ed, \u017ee boje by se vedly m\u00e9n\u011b na boji\u0161t\u00edch a v\u00edce na\u00a0<\/span><strong><span dir=\"auto\">kritick\u00e9 infrastruktu\u0159e<\/span><\/strong><span dir=\"auto\">\u00a0\u2013 energetick\u00fdch s\u00edt\u00edch, komunika\u010dn\u00edch kan\u00e1lech a dopravn\u00edch tras\u00e1ch. \u00datoky na tyto syst\u00e9my by mohly paralyzovat cel\u00e9 regiony. Ve vysoce propojen\u00e9m sv\u011bt\u011b to \u010din\u00ed z\u00e1padn\u00ed spole\u010dnosti extr\u00e9mn\u011b zraniteln\u00fdmi.<\/span><\/p>\n<h2 class=\"wp-block-heading\"><span dir=\"auto\">N\u00e1bo\u017eensko-ideologick\u00fd faktor<\/span><\/h2>\n<p><span dir=\"auto\">K tomu se p\u0159id\u00e1v\u00e1 ideologick\u00fd dynamit: Narativy jako teorie \u201evelk\u00e9 n\u00e1hrady\u201c nebo pocit, kter\u00fd mnoz\u00ed c\u00edt\u00ed ze ztr\u00e1ty sv\u00e9ho spole\u010densk\u00e9ho postaven\u00ed, vytv\u00e1\u0159ej\u00ed nest\u00e1lou sm\u011bs strachu a z\u00e1\u0161ti. Takov\u00e9 p\u0159esv\u011bd\u010den\u00ed poskytuj\u00ed ide\u00e1ln\u00ed n\u00e1borovou p\u016fdu pro ty, kte\u0159\u00ed se sna\u017e\u00ed p\u0159i\u017eivit polarizaci. Studie citovan\u00e9 Betzem ukazuj\u00ed, \u017ee miliony lid\u00ed v USA a Evrop\u011b ji\u017e nyn\u00ed vn\u00edmaj\u00ed n\u00e1sil\u00ed jako legitimn\u00ed prost\u0159edek politick\u00e9ho konfliktu.<\/span><\/p>\n<h2 class=\"wp-block-heading\"><span dir=\"auto\">Pro\u010d by se Betzovo varov\u00e1n\u00ed m\u011blo br\u00e1t v\u00e1\u017en\u011b<\/span><\/h2>\n<p><span dir=\"auto\">Mnoho pozorovatel\u016f odm\u00edt\u00e1 varov\u00e1n\u00ed p\u0159ed ob\u010dansk\u00fdmi v\u00e1lkami jako stra\u0161en\u00ed. Betzova anal\u00fdza je v\u0161ak dob\u0159e podlo\u017een\u00e1: Kombinuje\u00a0<\/span><strong><span dir=\"auto\">empirick\u00e1 data, pr\u016fzkumy, historick\u00e1 srovn\u00e1n\u00ed a geopolitick\u00e9 trendy<\/span><\/strong><span dir=\"auto\">\u00a0. D\u00edky tomu je jeho progn\u00f3za tak v\u011brohodn\u00e1. Na rozd\u00edl od alarmist\u016f nenakresluje v\u00e1gn\u00ed sc\u00e9n\u00e1\u0159 hrozeb, ale sp\u00ed\u0161e st\u0159\u00edzliv\u011b vysv\u011btluje, pro\u010d jsou na Z\u00e1pad\u011b p\u0159\u00edtomny\u00a0<\/span><strong><span dir=\"auto\">v\u0161echny klasick\u00e9 rizikov\u00e9 faktory vnit\u0159n\u00edho konfliktu<\/span><\/strong><span dir=\"auto\">\u00a0\u2013 ztr\u00e1ta d\u016fv\u011bry, ekonomick\u00e9 pot\u00ed\u017ee, rozd\u011blen\u00ed identity, slab\u00e9 instituce.<\/span><\/p>\n<h2 class=\"wp-block-heading\"><span dir=\"auto\">Z\u00e1v\u011br: Chyst\u00e1 se bou\u0159e<\/span><\/h2>\n<p><span dir=\"auto\">\u010cl\u00e1nek Davida Betze nen\u00ed sp\u00ed\u0161e varov\u00e1n\u00edm ne\u017e bud\u00ed\u010dkem. Z\u00e1pad stoj\u00ed na k\u0159i\u017eovatce: Bu\u010f se n\u00e1m poda\u0159\u00ed obnovit soci\u00e1ln\u00ed soudr\u017enost, ekonomickou stabilitu a institucion\u00e1ln\u00ed d\u016fv\u011bru \u2013 nebo demokracie riskuj\u00ed, \u017ee je smete vnit\u0159n\u00ed konflikt.<\/span><\/p>\n<p><span dir=\"auto\">Pravd\u011bpodobnost, \u017ee se rozvinou sc\u00e9n\u00e1\u0159e podobn\u00e9 ob\u010dansk\u00e9 v\u00e1lce, je v\u011bt\u0161\u00ed, ne\u017e by si mnoz\u00ed p\u0159\u00e1li v\u011b\u0159it. A pr\u00e1v\u011b proto, \u017ee Betz sv\u00e9 teorie zakl\u00e1d\u00e1 na spolehliv\u00fdch zdroj\u00edch a ov\u011b\u0159iteln\u00fdch trendech, nelze tuto anal\u00fdzu jen tak ignorovat.<\/span><\/p>\n<\/div>\n<\/div>\n<div class=\"elementor-element elementor-element-8c57238 quelle dc-has-condition dc-condition-empty elementor-widget elementor-widget-heading\" data-id=\"8c57238\" data-element_type=\"widget\" data-widget_type=\"heading.default\">\n<div class=\"elementor-widget-container\">\n<h3 class=\"elementor-heading-title elementor-size-default\"><span style=\"font-size: 10pt;\"><a href=\"https:\/\/www.militarystrategymagazine.com\/article\/civil-war-comes-to-the-west\/\" target=\"_blank\" rel=\"nofollow noopener\"><span dir=\"auto\">Zdroj<\/span><\/a><\/span><\/h3>\n<p><img decoding=\"async\" loading=\"lazy\" class=\"wp-image-86927 aligncenter\" src=\"http:\/\/www.infokuryr.cz\/n\/wp-content\/uploads\/2025\/09\/letak-volby-2025-konference-3-212x300.png\" alt=\"\" width=\"718\" height=\"1016\" srcset=\"https:\/\/www.infokuryr.cz\/n\/wp-content\/uploads\/2025\/09\/letak-volby-2025-konference-3-212x300.png 212w, https:\/\/www.infokuryr.cz\/n\/wp-content\/uploads\/2025\/09\/letak-volby-2025-konference-3-724x1024.png 724w, https:\/\/www.infokuryr.cz\/n\/wp-content\/uploads\/2025\/09\/letak-volby-2025-konference-3-768x1086.png 768w, https:\/\/www.infokuryr.cz\/n\/wp-content\/uploads\/2025\/09\/letak-volby-2025-konference-3-1086x1536.png 1086w, https:\/\/www.infokuryr.cz\/n\/wp-content\/uploads\/2025\/09\/letak-volby-2025-konference-3-1448x2048.png 1448w, https:\/\/www.infokuryr.cz\/n\/wp-content\/uploads\/2025\/09\/letak-volby-2025-konference-3-1024x1448.png 1024w\" sizes=\"(max-width: 718px) 100vw, 718px\" \/><\/p>\n<\/div>\n<\/div>\n","protected":false},"excerpt":{"rendered":"<p>P\u0159edstava, \u017ee by z\u00e1padn\u00ed demokracie mohly sklouznout k ob\u010dansk\u00e9 v\u00e1lce, byla dlouho pova\u017eov\u00e1na za nep\u0159edstavitelnou&#8230;.<\/p>\n","protected":false},"author":2,"featured_media":88004,"comment_status":"closed","ping_status":"closed","sticky":false,"template":"","format":"standard","meta":[],"categories":[7],"tags":[1042,1401,365],"_links":{"self":[{"href":"https:\/\/www.infokuryr.cz\/n\/wp-json\/wp\/v2\/posts\/88003"}],"collection":[{"href":"https:\/\/www.infokuryr.cz\/n\/wp-json\/wp\/v2\/posts"}],"about":[{"href":"https:\/\/www.infokuryr.cz\/n\/wp-json\/wp\/v2\/types\/post"}],"author":[{"embeddable":true,"href":"https:\/\/www.infokuryr.cz\/n\/wp-json\/wp\/v2\/users\/2"}],"replies":[{"embeddable":true,"href":"https:\/\/www.infokuryr.cz\/n\/wp-json\/wp\/v2\/comments?post=88003"}],"version-history":[{"count":0,"href":"https:\/\/www.infokuryr.cz\/n\/wp-json\/wp\/v2\/posts\/88003\/revisions"}],"wp:featuredmedia":[{"embeddable":true,"href":"https:\/\/www.infokuryr.cz\/n\/wp-json\/wp\/v2\/media\/88004"}],"wp:attachment":[{"href":"https:\/\/www.infokuryr.cz\/n\/wp-json\/wp\/v2\/media?parent=88003"}],"wp:term":[{"taxonomy":"category","embeddable":true,"href":"https:\/\/www.infokuryr.cz\/n\/wp-json\/wp\/v2\/categories?post=88003"},{"taxonomy":"post_tag","embeddable":true,"href":"https:\/\/www.infokuryr.cz\/n\/wp-json\/wp\/v2\/tags?post=88003"}],"curies":[{"name":"wp","href":"https:\/\/api.w.org\/{rel}","templated":true}]}}