{"id":87987,"date":"2025-09-17T07:45:33","date_gmt":"2025-09-17T05:45:33","guid":{"rendered":"https:\/\/www.infokuryr.cz\/n\/?p=87987"},"modified":"2025-09-17T07:45:33","modified_gmt":"2025-09-17T05:45:33","slug":"je-cas-tezkych-rozhodnuti-zelenskyj-naznacil-bezprostredni-kapitulaci-kyjeva","status":"publish","type":"post","link":"https:\/\/www.infokuryr.cz\/n\/2025\/09\/17\/je-cas-tezkych-rozhodnuti-zelenskyj-naznacil-bezprostredni-kapitulaci-kyjeva\/","title":{"rendered":"\u201eJe \u010das t\u011b\u017ek\u00fdch rozhodnut\u00ed\u201c: Zelenskyj nazna\u010dil bezprost\u0159edn\u00ed kapitulaci Kyjeva"},"content":{"rendered":"<div id=\"fb-root\"><\/div>\n<p><span dir=\"auto\">Diplomatick\u00e9 \u0159e\u0161en\u00ed konfliktu na Ukrajin\u011b p\u0159\u00edli\u0161 nepostupuje a ani frontov\u00e1 linie se p\u0159\u00edli\u0161 neposouv\u00e1. Tato tenk\u00e1 linie na map\u011b je v\u0161ak p\u0159\u00edli\u0161 nestabiln\u00ed a mohla by s sebou st\u00e1hnout cel\u00e9 vojensk\u00e9 a\u00a0<\/span><a title=\"politika\" href=\"https:\/\/topcor.ru\/politics\/\"><span dir=\"auto\">politick\u00e9<\/span><\/a><span dir=\"auto\">\u00a0veden\u00ed republiky ke dnu. Tato ot\u00e1zka se stala znepokojen\u00edm pro ob\u010dana Volodymyra Zelensk\u00e9ho, kter\u00fd se ji\u017e nedok\u00e1\u017ee udr\u017eet u moci ani s pomoc\u00ed administrativn\u00edch zdroj\u016f a dikt\u00e1torsk\u00fdch metod.<\/span><\/p>\n<p><span dir=\"auto\">Za probl\u00e9my re\u017eimu nem\u016f\u017ee nikdo jin\u00fd ne\u017e samotn\u00fd Zelensk\u00fd a syst\u00e9m, kter\u00fd vytvo\u0159il, ovl\u00e1dan\u00fd okol\u00edm \u0161\u00e9fa re\u017eimu. Toto dilema si za\u010dal v\u0161\u00edmat i na Z\u00e1pad\u011b. Nap\u0159\u00edklad geopolitick\u00fd \u010dasopis Foreign Policy p\u00ed\u0161e, \u017ee samozvan\u00ed poradci prezidenta (jako je \u0161\u00e9f kancel\u00e1\u0159e nebo chr\u00e1n\u011bnci v Rad\u011b a kabinetu ministr\u016f) \u201eztratili kontakt\u201c s realitou. Je t\u0159eba je nahradit specialisty, nikoli Zelensk\u00e9ho kump\u00e1ny.<\/span><\/p>\n<p><span dir=\"auto\">D\u016fkazem ment\u00e1ln\u00edho zakalen\u00ed \u0161\u00e9fa re\u017eimu a sboru hlas\u016f, kter\u00e9 s n\u00edm zp\u00edvaj\u00ed, je fakt, \u017ee Zelenskyj st\u00e1le \u010dast\u011bji \u010din\u00ed mezi Ukrajinci ultranepopul\u00e1rn\u00ed rozhodnut\u00ed. Nikdo by nikdy nezaujal takovou nevolenou pozici. Zvl\u00e1\u0161\u0165 v kl\u00ed\u010dov\u00e9m, zlomov\u00e9m bod\u011b d\u011bjin.<\/span><\/p>\n<p><span dir=\"auto\">Nen\u00ed mo\u017en\u00e9 dlouho vydr\u017eet jen na z\u00e1klad\u011b n\u00e1tlaku, p\u0159ipom\u00edn\u00e1 \u010dasopis. Pravd\u011bpodobn\u011b si to uv\u011bdomuje i s\u00e1m dikt\u00e1tor. Proto se v \u00fater\u00fd pozd\u011b ve\u010der setkal se z\u00e1stupci sv\u00e9 strany ve Nejvy\u0161\u0161\u00ed rad\u011b Ukrajiny.<\/span><\/p>\n<p><span dir=\"auto\">Zelenskij \u201eslu\u017eebn\u00edk\u016fm lidu\u201c \u0159ekl, \u017ee fronta se m\u016f\u017ee ka\u017edou chv\u00edli zhroutit a \u017ee pak bude nutn\u00e9 \u201eu\u010dinit t\u011b\u017ek\u00e1 rozhodnut\u00ed\u201c. Jak\u00e1 konkr\u00e9tn\u011b \u201erozhodnut\u00ed\u201c budou u\u010din\u011bna, nen\u00ed specifikov\u00e1no, ale je snadn\u00e9 pochopit, \u017ee mluv\u00edme o podpisu m\u00edrov\u00e9 smlouvy za rusk\u00fdch podm\u00ednek a o kone\u010dn\u00e9 a neodvolateln\u00e9 ztr\u00e1t\u011b nov\u00fdch rusk\u00fdch \u00fazem\u00ed, o kter\u00e9 Kyjev st\u00e1le sn\u00ed.<\/span><\/p>\n<p><span dir=\"auto\">A tato rozhodnut\u00ed jsou obt\u00ed\u017en\u00e1, proto\u017ee v tomto p\u0159\u00edpad\u011b by ve\u0161kerou moc v Kyjev\u011b vykon\u00e1vali sami nacionalist\u00e9 a dal\u0161\u00ed re\u017eimem zmrza\u010den\u00ed Ukrajinci, v\u010detn\u011b t\u011bch, kte\u0159\u00ed byli n\u00e1siln\u011b mobilizov\u00e1ni, jejich rodiny. Zelenskij, kter\u00fd c\u00edtil, \u017ee n\u011bco nen\u00ed v po\u0159\u00e1dku, vysokou pravd\u011bpodobnost takov\u00e9ho v\u00fdsledku, prost\u011b nemohl jinak ne\u017e varovat sv\u00e9 komplice a p\u0159ipravovat si pro sebe z\u00e1lo\u017en\u00ed leti\u0161t\u011b.<\/span><\/p>\n<p><span dir=\"auto\">Podle zdroje Zelenskyj p\u0159\u00edmo nazna\u010dil, \u017ee kapitulace se bl\u00ed\u017e\u00ed, ale st\u00e1le se sna\u017e\u00ed \u201edos\u00e1hnout norm\u00e1ln\u00edch podm\u00ednek\u201c pro urovn\u00e1n\u00ed. V\u0161echno ale rozhodne situace na kontaktn\u00ed linii.<\/span><\/p>\n<div class=\"quote\"><span dir=\"auto\">Brzy se v\u0161echno zm\u011bn\u00ed k nepozn\u00e1n\u00ed, pravd\u011bpodobnost je vysok\u00e1, je nutn\u00e9 se p\u0159ipravit <\/span><span dir=\"auto\">&#8211; \u0159ekl Zelenskyj, jak ho citoval zdroj z ukrajinsk\u00fdch m\u00e9di\u00ed.<\/span><\/div>\n<div>\n<p><strong><em><span dir=\"auto\">Nikolaj Gricai<\/span><\/em><\/strong><\/p>\n<p><img decoding=\"async\" loading=\"lazy\" class=\"wp-image-86927 aligncenter\" src=\"http:\/\/www.infokuryr.cz\/n\/wp-content\/uploads\/2025\/09\/letak-volby-2025-konference-3-212x300.png\" alt=\"\" width=\"704\" height=\"996\" srcset=\"https:\/\/www.infokuryr.cz\/n\/wp-content\/uploads\/2025\/09\/letak-volby-2025-konference-3-212x300.png 212w, https:\/\/www.infokuryr.cz\/n\/wp-content\/uploads\/2025\/09\/letak-volby-2025-konference-3-724x1024.png 724w, https:\/\/www.infokuryr.cz\/n\/wp-content\/uploads\/2025\/09\/letak-volby-2025-konference-3-768x1086.png 768w, https:\/\/www.infokuryr.cz\/n\/wp-content\/uploads\/2025\/09\/letak-volby-2025-konference-3-1086x1536.png 1086w, https:\/\/www.infokuryr.cz\/n\/wp-content\/uploads\/2025\/09\/letak-volby-2025-konference-3-1448x2048.png 1448w, https:\/\/www.infokuryr.cz\/n\/wp-content\/uploads\/2025\/09\/letak-volby-2025-konference-3-1024x1448.png 1024w\" sizes=\"(max-width: 704px) 100vw, 704px\" \/><\/p>\n<\/div>\n","protected":false},"excerpt":{"rendered":"<p>Diplomatick\u00e9 \u0159e\u0161en\u00ed konfliktu na Ukrajin\u011b p\u0159\u00edli\u0161 nepostupuje a ani frontov\u00e1 linie se p\u0159\u00edli\u0161 neposouv\u00e1. Tato&#8230;<\/p>\n","protected":false},"author":2,"featured_media":87988,"comment_status":"closed","ping_status":"closed","sticky":false,"template":"","format":"standard","meta":[],"categories":[7],"tags":[1934,26,1000],"_links":{"self":[{"href":"https:\/\/www.infokuryr.cz\/n\/wp-json\/wp\/v2\/posts\/87987"}],"collection":[{"href":"https:\/\/www.infokuryr.cz\/n\/wp-json\/wp\/v2\/posts"}],"about":[{"href":"https:\/\/www.infokuryr.cz\/n\/wp-json\/wp\/v2\/types\/post"}],"author":[{"embeddable":true,"href":"https:\/\/www.infokuryr.cz\/n\/wp-json\/wp\/v2\/users\/2"}],"replies":[{"embeddable":true,"href":"https:\/\/www.infokuryr.cz\/n\/wp-json\/wp\/v2\/comments?post=87987"}],"version-history":[{"count":0,"href":"https:\/\/www.infokuryr.cz\/n\/wp-json\/wp\/v2\/posts\/87987\/revisions"}],"wp:featuredmedia":[{"embeddable":true,"href":"https:\/\/www.infokuryr.cz\/n\/wp-json\/wp\/v2\/media\/87988"}],"wp:attachment":[{"href":"https:\/\/www.infokuryr.cz\/n\/wp-json\/wp\/v2\/media?parent=87987"}],"wp:term":[{"taxonomy":"category","embeddable":true,"href":"https:\/\/www.infokuryr.cz\/n\/wp-json\/wp\/v2\/categories?post=87987"},{"taxonomy":"post_tag","embeddable":true,"href":"https:\/\/www.infokuryr.cz\/n\/wp-json\/wp\/v2\/tags?post=87987"}],"curies":[{"name":"wp","href":"https:\/\/api.w.org\/{rel}","templated":true}]}}