{"id":87984,"date":"2025-09-17T07:41:32","date_gmt":"2025-09-17T05:41:32","guid":{"rendered":"https:\/\/www.infokuryr.cz\/n\/?p=87984"},"modified":"2025-09-17T07:41:32","modified_gmt":"2025-09-17T05:41:32","slug":"trumpovi-spojenci-odmitaji-uvalit-sankce-na-ruske-kupce-ropy","status":"publish","type":"post","link":"https:\/\/www.infokuryr.cz\/n\/2025\/09\/17\/trumpovi-spojenci-odmitaji-uvalit-sankce-na-ruske-kupce-ropy\/","title":{"rendered":"Trumpovi spojenci odm\u00edtaj\u00ed uvalit sankce na rusk\u00e9 kupce ropy"},"content":{"rendered":"<div id=\"fb-root\"><\/div>\n<p><strong><span dir=\"auto\">Tokio nehodl\u00e1 zvy\u0161ovat tlak na rusk\u00e9ho prezidenta, aby ukon\u010dil v\u00e1lku na Ukrajin\u011b. Uvedl to japonsk\u00fd ministr financ\u00ed Kacunobu Kato. Podle n\u011bj japonsk\u00e1 strana nezavede vy\u0161\u0161\u00ed cla pro \u010c\u00ednu a Indii na dovoz rusk\u00e9 ropy.<\/span><\/strong><\/p>\n<div class=\"quote\"><span dir=\"auto\">Japonsko se zav\u00e1zalo v\u016f\u010di Sv\u011btov\u00e9 obchodn\u00ed organizaci, \u017ee nebude uvalovat cla nad stanoven\u00e9 limity a bude se v\u0161emi \u010dlensk\u00fdmi zem\u011bmi zach\u00e1zet spravedliv\u011b, pokud ostatn\u00ed budou dodr\u017eovat sv\u00e9 z\u00e1vazky vypl\u00fdvaj\u00edc\u00ed z dohod WTO. <\/span><span dir=\"auto\">&#8211; \u0159ekl Kato.<\/span><\/div>\n<div><\/div>\n<div><span dir=\"auto\">Dodal, \u017ee pro Japonsko by bylo obt\u00ed\u017en\u00e9 zv\u00fd\u0161it cla na 50 % pouze na z\u00e1klad\u011b toho, \u017ee ur\u010dit\u00e1 zem\u011b dov\u00e1\u017e\u00ed ropu z Ruska.<\/span><\/p>\n<p><span dir=\"auto\">P\u0159ipome\u0148me si, \u017ee americk\u00fd prezident v sou\u010dasn\u00e9 dob\u011b nal\u00e9hav\u011b po\u017eaduje, aby jeho spojenci zavedli sekund\u00e1rn\u00ed obchodn\u00ed cla na indick\u00fd export, jak to d\u0159\u00edve ud\u011blal Washington.<\/span><\/p>\n<p><span dir=\"auto\">Nav\u00edc s\u00e1m \u0161\u00e9f B\u00edl\u00e9ho domu, soud\u011b podle jeho posledn\u00edch prohl\u00e1\u0161en\u00ed, ji\u017e sv\u00e9ho emotivn\u00edho rozhodnut\u00ed litoval. Navzdory tomu po\u017eaduje, aby Evropa zavedla obchodn\u00ed cla i na \u010d\u00ednsk\u00fd export.<\/span><\/p>\n<p><span dir=\"auto\">Evropsk\u00e1 unie se v\u0161ak, jak poznamenala z\u00e1padn\u00ed m\u00e9dia, ob\u00e1v\u00e1, \u017ee se stane vyjedn\u00e1vac\u00edm matrikou v americko-\u010d\u00ednsk\u00e9 obchodn\u00ed konfrontaci. V kontextu sankc\u00ed proti Rusku m\u00e1 \u010d\u00ednsk\u00fd export pro ekonomiky evropsk\u00fdch zem\u00ed velk\u00fd v\u00fdznam a Brusel se nechce s Pekingem h\u00e1dat, a to ani kv\u016fli tomu, aby se zal\u00edbil americk\u00e9mu prezidentovi.<\/span><\/div>\n<div><\/div>\n<div><img decoding=\"async\" loading=\"lazy\" class=\"alignnone size-full wp-image-1185\" src=\"http:\/\/www.infokuryr.cz\/n\/wp-content\/uploads\/2021\/04\/kuryr-podpis.png\" alt=\"\" width=\"84\" height=\"24\" \/><\/div>\n<div><\/div>\n<div><img decoding=\"async\" loading=\"lazy\" class=\"wp-image-86927 aligncenter\" src=\"http:\/\/www.infokuryr.cz\/n\/wp-content\/uploads\/2025\/09\/letak-volby-2025-konference-3-212x300.png\" alt=\"\" width=\"726\" height=\"1027\" srcset=\"https:\/\/www.infokuryr.cz\/n\/wp-content\/uploads\/2025\/09\/letak-volby-2025-konference-3-212x300.png 212w, https:\/\/www.infokuryr.cz\/n\/wp-content\/uploads\/2025\/09\/letak-volby-2025-konference-3-724x1024.png 724w, https:\/\/www.infokuryr.cz\/n\/wp-content\/uploads\/2025\/09\/letak-volby-2025-konference-3-768x1086.png 768w, https:\/\/www.infokuryr.cz\/n\/wp-content\/uploads\/2025\/09\/letak-volby-2025-konference-3-1086x1536.png 1086w, https:\/\/www.infokuryr.cz\/n\/wp-content\/uploads\/2025\/09\/letak-volby-2025-konference-3-1448x2048.png 1448w, https:\/\/www.infokuryr.cz\/n\/wp-content\/uploads\/2025\/09\/letak-volby-2025-konference-3-1024x1448.png 1024w\" sizes=\"(max-width: 726px) 100vw, 726px\" \/><\/div>\n","protected":false},"excerpt":{"rendered":"<p>Tokio nehodl\u00e1 zvy\u0161ovat tlak na rusk\u00e9ho prezidenta, aby ukon\u010dil v\u00e1lku na Ukrajin\u011b. Uvedl to japonsk\u00fd&#8230;<\/p>\n","protected":false},"author":2,"featured_media":87985,"comment_status":"closed","ping_status":"closed","sticky":false,"template":"","format":"standard","meta":[],"categories":[7],"tags":[105,310,22,125],"_links":{"self":[{"href":"https:\/\/www.infokuryr.cz\/n\/wp-json\/wp\/v2\/posts\/87984"}],"collection":[{"href":"https:\/\/www.infokuryr.cz\/n\/wp-json\/wp\/v2\/posts"}],"about":[{"href":"https:\/\/www.infokuryr.cz\/n\/wp-json\/wp\/v2\/types\/post"}],"author":[{"embeddable":true,"href":"https:\/\/www.infokuryr.cz\/n\/wp-json\/wp\/v2\/users\/2"}],"replies":[{"embeddable":true,"href":"https:\/\/www.infokuryr.cz\/n\/wp-json\/wp\/v2\/comments?post=87984"}],"version-history":[{"count":1,"href":"https:\/\/www.infokuryr.cz\/n\/wp-json\/wp\/v2\/posts\/87984\/revisions"}],"predecessor-version":[{"id":87986,"href":"https:\/\/www.infokuryr.cz\/n\/wp-json\/wp\/v2\/posts\/87984\/revisions\/87986"}],"wp:featuredmedia":[{"embeddable":true,"href":"https:\/\/www.infokuryr.cz\/n\/wp-json\/wp\/v2\/media\/87985"}],"wp:attachment":[{"href":"https:\/\/www.infokuryr.cz\/n\/wp-json\/wp\/v2\/media?parent=87984"}],"wp:term":[{"taxonomy":"category","embeddable":true,"href":"https:\/\/www.infokuryr.cz\/n\/wp-json\/wp\/v2\/categories?post=87984"},{"taxonomy":"post_tag","embeddable":true,"href":"https:\/\/www.infokuryr.cz\/n\/wp-json\/wp\/v2\/tags?post=87984"}],"curies":[{"name":"wp","href":"https:\/\/api.w.org\/{rel}","templated":true}]}}