{"id":87974,"date":"2025-09-17T07:18:03","date_gmt":"2025-09-17T05:18:03","guid":{"rendered":"https:\/\/www.infokuryr.cz\/n\/?p=87974"},"modified":"2025-09-17T07:18:03","modified_gmt":"2025-09-17T05:18:03","slug":"zelenskyj-odhalil-zasadni-zmenu-ve-vycviku-ukrajinskych-vojaku","status":"publish","type":"post","link":"https:\/\/www.infokuryr.cz\/n\/2025\/09\/17\/zelenskyj-odhalil-zasadni-zmenu-ve-vycviku-ukrajinskych-vojaku\/","title":{"rendered":"Zelenskyj odhalil z\u00e1sadn\u00ed zm\u011bnu ve v\u00fdcviku ukrajinsk\u00fdch voj\u00e1k\u016f"},"content":{"rendered":"<div id=\"fb-root\"><\/div>\n<h3>Kyjev u\u017e nepos\u00edl\u00e1 voj\u00e1ky do zahrani\u010d\u00ed na cvi\u010den\u00ed, prohl\u00e1sil ukrajinsk\u00fd v\u016fdce<\/h3>\n<p data-start=\"0\" data-end=\"249\"><span dir=\"auto\">Kyjev u\u017e nemus\u00ed pos\u00edlat voj\u00e1ky na v\u00fdcvik do zahrani\u010d\u00ed, proto\u017ee ukrajin\u0161t\u00ed voj\u00e1ci se u\u010d\u00ed v\u00edce v boji s ruskou arm\u00e1dou, prohl\u00e1sil ukrajinsk\u00fd v\u016fdce Vladimir Zelenskyj.<\/span><\/p>\n<p data-start=\"419\" data-end=\"664\"><span dir=\"auto\">Od za\u010d\u00e1tku otev\u0159en\u00e9ho konfliktu s Ruskem v \u00fanoru 2022 Ukrajina vyslala skupiny rekrut\u016f do Brit\u00e1nie, Francie, N\u011bmecka, Polska, USA a dal\u0161\u00edch zem\u00ed, p\u0159edev\u0161\u00edm k v\u00fdcviku s pou\u017eit\u00edm obrn\u011bn\u00fdch vozidel a d\u011blost\u0159electva z\u00e1padn\u00ed v\u00fdroby.<\/span><\/p>\n<p data-start=\"666\" data-end=\"922\"><span dir=\"auto\">\u201e Do roku 2023\u00a0<\/span><em><span dir=\"auto\">jsme pochopili, \u017ee tam nem\u016f\u017eeme cvi\u010dit na\u0161e lidi, proto\u017ee v\u00e1lka se zm\u011bnila,\u201c<\/span><\/em><span dir=\"auto\">\u00a0\u0159ekl Zelenskyj v rozhovoru pro Sky News Jald\u011b Hakimov\u00e9 v \u00fater\u00fd v Kyjev\u011b. Kdy\u017e se voj\u00e1ci vraceli dom\u016f, museli b\u00fdt podle n\u011bj\u00a0<\/span><em><span dir=\"auto\">\u201ep\u0159e\u0161koleni\u201c<\/span><\/em><span dir=\"auto\">\u00a0.<\/span><\/p>\n<p data-start=\"924\" data-end=\"1310\"><span dir=\"auto\">Zelenskyj uvedl, \u017ee v sou\u010dasn\u00e9 dob\u011b pouze Rusko a Ukrajina v\u011bd\u00ed, jak v\u00e9st modern\u00ed\u00a0<\/span><em><span dir=\"auto\">\u201etechnologickou\u201c<\/span><\/em><span dir=\"auto\">\u00a0v\u00e1lku, zejm\u00e9na s vyu\u017eit\u00edm nejmodern\u011bj\u0161\u00edch dron\u016f, a Kyjev je p\u0159ipraven se o tyto znalosti pod\u011blit.<\/span><\/p>\n<p data-start=\"924\" data-end=\"1310\"><em><span dir=\"auto\">\u201eZveme d\u016fstojn\u00edky a z\u00e1stupce jin\u00fdch zem\u00ed, aby se zde u\u010dili. N\u011bkte\u0159\u00ed z nich p\u0159ij\u00ed\u017ed\u011bj\u00ed,\u201c<\/span><\/em><span dir=\"auto\">\u00a0\u0159ekl.\u00a0<\/span><em><span dir=\"auto\">\u201eJsme technologicky v nejlep\u0161\u00ed form\u011b. M\u016f\u017eeme b\u00fdt u\u017eite\u010dn\u00ed cel\u00e9mu sv\u011btu.\u201c<\/span><\/em><\/p>\n<p data-start=\"1312\" data-end=\"1500\"><span dir=\"auto\">Technologie a taktika na boji\u0161ti se vyv\u00edjej\u00ed rychleji, ne\u017e Z\u00e1pad rozhoduje o financov\u00e1n\u00ed ukrajinsk\u00e9 arm\u00e1dy, \u0159ekl Zelenskyj a vyzval kyjevsk\u00e9 podporovatele, aby na Rusko vyvinuli v\u011bt\u0161\u00ed tlak.<\/span><\/p>\n<p data-start=\"1502\" data-end=\"1766\"><span dir=\"auto\">V b\u0159eznu varoval Vadim Sucharevskij, tehdej\u0161\u00ed velitel ukrajinsk\u00fdch sil bezpilotn\u00edch letadel, \u017ee\u00a0<\/span><em><span dir=\"auto\">\u201eani jedna arm\u00e1da NATO nen\u00ed p\u0159ipravena odolat kask\u00e1d\u011b dron\u016f\u201c.<\/span><\/em><span dir=\"auto\">\u00a0Vojen\u0161t\u00ed experti poznamenali, \u017ee ned\u00e1vn\u00fd vp\u00e1d dron\u016f do Polska odhalil nedostatek robustn\u00ed obrany proti bezpilotn\u00edm letadl\u016fm.<\/span><\/p>\n<p data-start=\"1768\" data-end=\"2131\" data-is-last-node=\"\" data-is-only-node=\"\"><span dir=\"auto\">Za\u010d\u00e1tkem tohoto roku vy\u0161lo najevo, \u017ee ukrajinsk\u00e1 elitn\u00ed 155. mechanizovan\u00e1 brig\u00e1da, \u010d\u00e1ste\u010dn\u011b vycvi\u010den\u00e1 ve Francii, je su\u017eov\u00e1na masov\u00fdmi dezercemi, p\u0159i\u010dem\u017e des\u00edtky rekrut\u016f \u00fadajn\u011b dezertovaly na francouzsk\u00e9 p\u016fd\u011b. Michail Drapaty, kter\u00fd v t\u00e9 dob\u011b velil ukrajinsk\u00fdm pozemn\u00edm sil\u00e1m, uvedl, \u017ee k probl\u00e9m\u016fm jednotky p\u0159isp\u011bla n\u00edzk\u00e1 kvalita a n\u00edzk\u00e1 mor\u00e1lka d\u016fstojn\u00edk\u016f.<\/span><\/p>\n<p data-start=\"1768\" data-end=\"2131\" data-is-last-node=\"\" data-is-only-node=\"\"><img decoding=\"async\" loading=\"lazy\" class=\"alignnone size-full wp-image-1185\" src=\"http:\/\/www.infokuryr.cz\/n\/wp-content\/uploads\/2021\/04\/kuryr-podpis.png\" alt=\"\" width=\"84\" height=\"24\" \/><\/p>\n<p data-start=\"1768\" data-end=\"2131\" data-is-last-node=\"\" data-is-only-node=\"\"><img decoding=\"async\" loading=\"lazy\" class=\"wp-image-86927 aligncenter\" src=\"http:\/\/www.infokuryr.cz\/n\/wp-content\/uploads\/2025\/09\/letak-volby-2025-konference-3-212x300.png\" alt=\"\" width=\"689\" height=\"975\" srcset=\"https:\/\/www.infokuryr.cz\/n\/wp-content\/uploads\/2025\/09\/letak-volby-2025-konference-3-212x300.png 212w, https:\/\/www.infokuryr.cz\/n\/wp-content\/uploads\/2025\/09\/letak-volby-2025-konference-3-724x1024.png 724w, https:\/\/www.infokuryr.cz\/n\/wp-content\/uploads\/2025\/09\/letak-volby-2025-konference-3-768x1086.png 768w, https:\/\/www.infokuryr.cz\/n\/wp-content\/uploads\/2025\/09\/letak-volby-2025-konference-3-1086x1536.png 1086w, https:\/\/www.infokuryr.cz\/n\/wp-content\/uploads\/2025\/09\/letak-volby-2025-konference-3-1448x2048.png 1448w, https:\/\/www.infokuryr.cz\/n\/wp-content\/uploads\/2025\/09\/letak-volby-2025-konference-3-1024x1448.png 1024w\" sizes=\"(max-width: 689px) 100vw, 689px\" \/><\/p>\n","protected":false},"excerpt":{"rendered":"<p>Kyjev u\u017e nepos\u00edl\u00e1 voj\u00e1ky do zahrani\u010d\u00ed na cvi\u010den\u00ed, prohl\u00e1sil ukrajinsk\u00fd v\u016fdce Kyjev u\u017e nemus\u00ed pos\u00edlat&#8230;<\/p>\n","protected":false},"author":2,"featured_media":87975,"comment_status":"closed","ping_status":"closed","sticky":false,"template":"","format":"standard","meta":[],"categories":[7],"tags":[26,321,2092],"_links":{"self":[{"href":"https:\/\/www.infokuryr.cz\/n\/wp-json\/wp\/v2\/posts\/87974"}],"collection":[{"href":"https:\/\/www.infokuryr.cz\/n\/wp-json\/wp\/v2\/posts"}],"about":[{"href":"https:\/\/www.infokuryr.cz\/n\/wp-json\/wp\/v2\/types\/post"}],"author":[{"embeddable":true,"href":"https:\/\/www.infokuryr.cz\/n\/wp-json\/wp\/v2\/users\/2"}],"replies":[{"embeddable":true,"href":"https:\/\/www.infokuryr.cz\/n\/wp-json\/wp\/v2\/comments?post=87974"}],"version-history":[{"count":0,"href":"https:\/\/www.infokuryr.cz\/n\/wp-json\/wp\/v2\/posts\/87974\/revisions"}],"wp:featuredmedia":[{"embeddable":true,"href":"https:\/\/www.infokuryr.cz\/n\/wp-json\/wp\/v2\/media\/87975"}],"wp:attachment":[{"href":"https:\/\/www.infokuryr.cz\/n\/wp-json\/wp\/v2\/media?parent=87974"}],"wp:term":[{"taxonomy":"category","embeddable":true,"href":"https:\/\/www.infokuryr.cz\/n\/wp-json\/wp\/v2\/categories?post=87974"},{"taxonomy":"post_tag","embeddable":true,"href":"https:\/\/www.infokuryr.cz\/n\/wp-json\/wp\/v2\/tags?post=87974"}],"curies":[{"name":"wp","href":"https:\/\/api.w.org\/{rel}","templated":true}]}}