{"id":87967,"date":"2025-09-17T06:51:11","date_gmt":"2025-09-17T04:51:11","guid":{"rendered":"https:\/\/www.infokuryr.cz\/n\/?p=87967"},"modified":"2025-09-17T06:51:11","modified_gmt":"2025-09-17T04:51:11","slug":"ctyri-lide-byli-zatceni-pote-co-na-windsorsky-hrad-promitali-fotografie-trumpa-a-epsteina","status":"publish","type":"post","link":"https:\/\/www.infokuryr.cz\/n\/2025\/09\/17\/ctyri-lide-byli-zatceni-pote-co-na-windsorsky-hrad-promitali-fotografie-trumpa-a-epsteina\/","title":{"rendered":"\u010cty\u0159i lid\u00e9 byli zat\u010deni pot\u00e9, co na Windsorsk\u00fd hrad prom\u00edtali fotografie Trumpa a Epsteina"},"content":{"rendered":"<div id=\"fb-root\"><\/div>\n<h3>K incidentu do\u0161lo b\u011bhem st\u00e1tn\u00ed n\u00e1v\u0161t\u011bvy americk\u00e9ho prezidenta v Brit\u00e1nii<\/h3>\n<p data-start=\"96\" data-end=\"381\"><span dir=\"auto\">Britsk\u00e1 policie zatkla \u010dty\u0159i osoby podez\u0159el\u00e9 z prom\u00edt\u00e1n\u00ed obraz\u016f americk\u00e9ho prezidenta Donalda Trumpa a odsouzen\u00e9ho sexu\u00e1ln\u00edho delikventa Jeffreyho Epsteina na Windsorsk\u00fd hrad.<\/span><\/p>\n<p data-start=\"549\" data-end=\"783\"><span dir=\"auto\">K incidentu do\u0161lo v \u00fater\u00fd ve\u010der, kdy\u017e Trump p\u0159ijel na svou druhou st\u00e1tn\u00ed n\u00e1v\u0161t\u011bvu Spojen\u00e9ho kr\u00e1lovstv\u00ed. Prezident se m\u00e1 podle agentury Reuters ve st\u0159edu setkat s kr\u00e1lem Karlem III. v kr\u00e1lovsk\u00e9 rezidenci Windsor z\u00e1padn\u011b od Lond\u00fdna.<\/span><\/p>\n<p data-start=\"785\" data-end=\"1013\"><span dir=\"auto\">K odpov\u011bdnosti za kaskad\u00e9rsk\u00fd kousek, kter\u00fd zahrnoval i prom\u00edt\u00e1n\u00ed Trumpovy fotografie z roku 2023, po\u0159\u00edzen\u00e9 pot\u00e9, co byl ob\u017ealov\u00e1n z pokusu o zvr\u00e1cen\u00ed v\u00fdsledk\u016f prezidentsk\u00fdch voleb v roce 2020, se p\u0159ihl\u00e1sila aktivistick\u00e1 skupina Led by Donkeys.<\/span><\/p>\n<p data-start=\"1015\" data-end=\"1269\"><em><span dir=\"auto\">\u201eJakoukoli neopr\u00e1vn\u011bnou aktivitu v okol\u00ed Windsorsk\u00e9ho hradu bereme extr\u00e9mn\u011b v\u00e1\u017en\u011b. Na\u0161i policist\u00e9 zareagovali rychle, aby projekci zastavili, a \u010dty\u0159i osoby byly zat\u010deny,\u201c<\/span><\/em><span dir=\"auto\">\u00a0uvedla ve sv\u00e9m prohl\u00e1\u0161en\u00ed n\u00e1\u010delnice policie v \u00fadol\u00ed Tem\u017ee Felicity Parkerov\u00e1.<\/span><\/p>\n<p data-start=\"1271\" data-end=\"1677\"><span dir=\"auto\">Demokrat\u00e9 a n\u011bkte\u0159\u00ed Trumpovi spojenci obvinili prezidenta z kryt\u00ed p\u0159\u00edpadu Epstein s t\u00edm, \u017ee si tento zdiskreditovan\u00fd finan\u010dn\u00edk vedl \u201eseznam klient\u016f\u201c vlivn\u00fdch lid\u00ed, kter\u00fdm \u00fadajn\u011b obchodoval se \u017eenami.<\/span><\/p>\n<p data-start=\"1271\" data-end=\"1677\"><span dir=\"auto\">FBI a ministerstvo spravedlnosti pop\u0159ely existenci takov\u00e9ho seznamu, zat\u00edmco Trump uvedl, \u017ee sv\u00e9 p\u0159\u00e1telstv\u00ed s Epsteinem ukon\u010dil v roce 2000, je\u0161t\u011b ne\u017e si byl v\u011bdom obvin\u011bn\u00ed proti n\u011bmu.<\/span><\/p>\n<p data-start=\"1271\" data-end=\"1677\"><img decoding=\"async\" loading=\"lazy\" class=\"alignnone size-full wp-image-1185\" src=\"http:\/\/www.infokuryr.cz\/n\/wp-content\/uploads\/2021\/04\/kuryr-podpis.png\" alt=\"\" width=\"84\" height=\"24\" \/><\/p>\n<p data-start=\"1271\" data-end=\"1677\"><img decoding=\"async\" loading=\"lazy\" class=\"wp-image-86927 aligncenter\" src=\"http:\/\/www.infokuryr.cz\/n\/wp-content\/uploads\/2025\/09\/letak-volby-2025-konference-3-212x300.png\" alt=\"\" width=\"789\" height=\"1116\" srcset=\"https:\/\/www.infokuryr.cz\/n\/wp-content\/uploads\/2025\/09\/letak-volby-2025-konference-3-212x300.png 212w, https:\/\/www.infokuryr.cz\/n\/wp-content\/uploads\/2025\/09\/letak-volby-2025-konference-3-724x1024.png 724w, https:\/\/www.infokuryr.cz\/n\/wp-content\/uploads\/2025\/09\/letak-volby-2025-konference-3-768x1086.png 768w, https:\/\/www.infokuryr.cz\/n\/wp-content\/uploads\/2025\/09\/letak-volby-2025-konference-3-1086x1536.png 1086w, https:\/\/www.infokuryr.cz\/n\/wp-content\/uploads\/2025\/09\/letak-volby-2025-konference-3-1448x2048.png 1448w, https:\/\/www.infokuryr.cz\/n\/wp-content\/uploads\/2025\/09\/letak-volby-2025-konference-3-1024x1448.png 1024w\" sizes=\"(max-width: 789px) 100vw, 789px\" \/><\/p>\n","protected":false},"excerpt":{"rendered":"<p>K incidentu do\u0161lo b\u011bhem st\u00e1tn\u00ed n\u00e1v\u0161t\u011bvy americk\u00e9ho prezidenta v Brit\u00e1nii Britsk\u00e1 policie zatkla \u010dty\u0159i osoby&#8230;<\/p>\n","protected":false},"author":2,"featured_media":87968,"comment_status":"closed","ping_status":"closed","sticky":false,"template":"","format":"standard","meta":[],"categories":[7],"tags":[61,4097,452],"_links":{"self":[{"href":"https:\/\/www.infokuryr.cz\/n\/wp-json\/wp\/v2\/posts\/87967"}],"collection":[{"href":"https:\/\/www.infokuryr.cz\/n\/wp-json\/wp\/v2\/posts"}],"about":[{"href":"https:\/\/www.infokuryr.cz\/n\/wp-json\/wp\/v2\/types\/post"}],"author":[{"embeddable":true,"href":"https:\/\/www.infokuryr.cz\/n\/wp-json\/wp\/v2\/users\/2"}],"replies":[{"embeddable":true,"href":"https:\/\/www.infokuryr.cz\/n\/wp-json\/wp\/v2\/comments?post=87967"}],"version-history":[{"count":0,"href":"https:\/\/www.infokuryr.cz\/n\/wp-json\/wp\/v2\/posts\/87967\/revisions"}],"wp:featuredmedia":[{"embeddable":true,"href":"https:\/\/www.infokuryr.cz\/n\/wp-json\/wp\/v2\/media\/87968"}],"wp:attachment":[{"href":"https:\/\/www.infokuryr.cz\/n\/wp-json\/wp\/v2\/media?parent=87967"}],"wp:term":[{"taxonomy":"category","embeddable":true,"href":"https:\/\/www.infokuryr.cz\/n\/wp-json\/wp\/v2\/categories?post=87967"},{"taxonomy":"post_tag","embeddable":true,"href":"https:\/\/www.infokuryr.cz\/n\/wp-json\/wp\/v2\/tags?post=87967"}],"curies":[{"name":"wp","href":"https:\/\/api.w.org\/{rel}","templated":true}]}}