{"id":87964,"date":"2025-09-17T06:44:56","date_gmt":"2025-09-17T04:44:56","guid":{"rendered":"https:\/\/www.infokuryr.cz\/n\/?p=87964"},"modified":"2025-09-17T06:44:56","modified_gmt":"2025-09-17T04:44:56","slug":"von-der-leyen-celi-dvema-navrhum-na-vysloveni-neduvery","status":"publish","type":"post","link":"https:\/\/www.infokuryr.cz\/n\/2025\/09\/17\/von-der-leyen-celi-dvema-navrhum-na-vysloveni-neduvery\/","title":{"rendered":"Von der Leyen \u010del\u00ed dv\u011bma n\u00e1vrh\u016fm na vysloven\u00ed ned\u016fv\u011bry"},"content":{"rendered":"<div id=\"fb-root\"><\/div>\n<h3>Samostatn\u00e9 iniciativy poch\u00e1zej\u00ed od krajn\u011b pravicov\u00fdch a krajn\u011b levicov\u00fdch parlamentn\u00edch skupin<\/h3>\n<p><span dir=\"auto\">P\u0159edsedkyn\u011b Evropsk\u00e9 komise Ursula von der Leyenov\u00e1 bude za\u010d\u00e1tkem \u0159\u00edjna \u010delit dv\u011bma samostatn\u00fdm hlasov\u00e1n\u00edm o ned\u016fv\u011b\u0159e v Evropsk\u00e9m parlamentu, informoval v \u00fater\u00fd server Politico s odvol\u00e1n\u00edm na intern\u00ed e-mail p\u0159edsedkyn\u011b z\u00e1konod\u00e1rn\u00e9ho sboru Roberty Metsolov\u00e9.\u00a0\u00a0<\/span><\/p>\n<p><span dir=\"auto\">N\u00e1vrhy na vysloven\u00ed ned\u016fv\u011bry by se m\u011bly projedn\u00e1vat na plen\u00e1rn\u00edm zased\u00e1n\u00ed od 6. do 9. \u0159\u00edjna. N\u00e1vrhy p\u0159edlo\u017een\u00e9 proti von der Leyenov\u00e9, kter\u00e1 je v Bruselu kontroverzn\u00ed osobnost\u00ed, poch\u00e1zej\u00ed z pravice i levice \u2013 z parlamentn\u00edch skupin Patriots for Europe a The Left.<\/span><\/p>\n<p><span dir=\"auto\">Skupina Patriots for Europe ji obvinila z nedostatku transparentnosti a odpov\u011bdnosti, zejm\u00e9na v souvislosti s obchodn\u00edmi dohodami EU se Spojen\u00fdmi st\u00e1ty a jihoamerick\u00fdm obchodn\u00edm blokem Mercosur.\u00a0<\/span><em><span dir=\"auto\">\u201eEU je dnes slab\u0161\u00ed ne\u017e kdy jindy kv\u016fli vytrval\u00e9 neschopnosti p\u0159edsedy Komise vyrovnat se s nejnal\u00e9hav\u011bj\u0161\u00edmi v\u00fdzvami,\u201c<\/span><\/em><span dir=\"auto\">\u00a0uvedla skupina ve sv\u00e9m n\u00e1vrhu, citovan\u00e9m den\u00edkem Politico.<\/span><\/p>\n<p><span dir=\"auto\">Levice tak\u00e9 kritizovala obchodn\u00ed politiku Ursuly von der Leyenov\u00e9, ale kladla v\u011bt\u0161\u00ed d\u016fraz na to, jak EU \u0159e\u0161\u00ed konflikt mezi Izraelem a Ham\u00e1sem v Gaze. Skupina argumentovala, \u017ee Komise prok\u00e1zala ne\u010dinnost a nepovolala Izrael k odpov\u011bdnosti.<\/span><\/p>\n<p><span dir=\"auto\">Oba n\u00e1vrhy byly pod\u00e1ny o p\u016flnoci 10. z\u00e1\u0159\u00ed, co\u017e byla nejbli\u017e\u0161\u00ed p\u0159\u00edle\u017eitost po p\u0159edchoz\u00edm hlasov\u00e1n\u00ed o ned\u016fv\u011b\u0159e v \u010dervenci. Von der Leyenov\u00e1 toto hlasov\u00e1n\u00ed, kter\u00e9 inicioval rumunsk\u00fd pravicov\u00fd poslanec Evropsk\u00e9ho parlamentu Gheorghe Piperea a zam\u011b\u0159ovalo se na takzvan\u00fd skand\u00e1l Pfizergate, p\u0159e\u017eila. Kontroverze pramenila ze zmizen\u00ed textov\u00fdch zpr\u00e1v mezi von der Leyenovou a gener\u00e1ln\u00edm \u0159editelem spole\u010dnosti Pfizer b\u011bhem jedn\u00e1n\u00ed o velk\u00e9m n\u00e1kupu vakc\u00edny proti covidu-19.<\/span><\/p>\n<p><span dir=\"auto\">Von der Leyenov\u00e1, b\u00fdval\u00e1 l\u00e9ka\u0159ka a n\u011bmeck\u00e1 ministryn\u011b obrany, byla obvin\u011bna z nedostatku transparentnosti p\u0159i vyjedn\u00e1v\u00e1n\u00ed dohody v hodnot\u011b n\u011bkolika miliard eur. Obvin\u011bn\u00ed proti n\u00ed odm\u00edtla jako\u00a0<\/span><em><span dir=\"auto\">\u201epouhou le\u017e\u201c<\/span><\/em><span dir=\"auto\">\u00a0a sv\u00e9 kritiky ozna\u010dila za\u00a0<\/span><em><span dir=\"auto\">\u201ekonspira\u010dn\u00ed teoretiky\u201c.<\/span><\/em><\/p>\n<p><span dir=\"auto\">Iniciativa nakonec neusp\u011bla, podpo\u0159ilo ji pouze 175 poslanc\u016f Evropsk\u00e9ho parlamentu, proti n\u00ed hlasovalo 360. K jej\u00edmu schv\u00e1len\u00ed mus\u00ed hlasovat dv\u011b t\u0159etiny ze 720 poslanc\u016f. N\u00e1vrhy na vysloven\u00ed ned\u016fv\u011bry b\u00fdvaly v Evropsk\u00e9m parlamentu pom\u011brn\u011b vz\u00e1cn\u00e9. P\u0159ed \u010dervencov\u00fdm hlasov\u00e1n\u00edm byl takov\u00fd n\u00e1vrh proti Jeanu-Claudu Junckerovi naposledy p\u0159edlo\u017een v roce 2014.<\/span><\/p>\n<p><img decoding=\"async\" loading=\"lazy\" class=\"alignnone size-full wp-image-1185\" src=\"http:\/\/www.infokuryr.cz\/n\/wp-content\/uploads\/2021\/04\/kuryr-podpis.png\" alt=\"\" width=\"84\" height=\"24\" \/><\/p>\n<p><img decoding=\"async\" loading=\"lazy\" class=\"wp-image-86927 aligncenter\" src=\"http:\/\/www.infokuryr.cz\/n\/wp-content\/uploads\/2025\/09\/letak-volby-2025-konference-3-212x300.png\" alt=\"\" width=\"729\" height=\"1032\" srcset=\"https:\/\/www.infokuryr.cz\/n\/wp-content\/uploads\/2025\/09\/letak-volby-2025-konference-3-212x300.png 212w, https:\/\/www.infokuryr.cz\/n\/wp-content\/uploads\/2025\/09\/letak-volby-2025-konference-3-724x1024.png 724w, https:\/\/www.infokuryr.cz\/n\/wp-content\/uploads\/2025\/09\/letak-volby-2025-konference-3-768x1086.png 768w, https:\/\/www.infokuryr.cz\/n\/wp-content\/uploads\/2025\/09\/letak-volby-2025-konference-3-1086x1536.png 1086w, https:\/\/www.infokuryr.cz\/n\/wp-content\/uploads\/2025\/09\/letak-volby-2025-konference-3-1448x2048.png 1448w, https:\/\/www.infokuryr.cz\/n\/wp-content\/uploads\/2025\/09\/letak-volby-2025-konference-3-1024x1448.png 1024w\" sizes=\"(max-width: 729px) 100vw, 729px\" \/><\/p>\n","protected":false},"excerpt":{"rendered":"<p>Samostatn\u00e9 iniciativy poch\u00e1zej\u00ed od krajn\u011b pravicov\u00fdch a krajn\u011b levicov\u00fdch parlamentn\u00edch skupin P\u0159edsedkyn\u011b Evropsk\u00e9 komise Ursula&#8230;<\/p>\n","protected":false},"author":2,"featured_media":75486,"comment_status":"closed","ping_status":"closed","sticky":false,"template":"","format":"standard","meta":[],"categories":[7],"tags":[41,1887,3251],"_links":{"self":[{"href":"https:\/\/www.infokuryr.cz\/n\/wp-json\/wp\/v2\/posts\/87964"}],"collection":[{"href":"https:\/\/www.infokuryr.cz\/n\/wp-json\/wp\/v2\/posts"}],"about":[{"href":"https:\/\/www.infokuryr.cz\/n\/wp-json\/wp\/v2\/types\/post"}],"author":[{"embeddable":true,"href":"https:\/\/www.infokuryr.cz\/n\/wp-json\/wp\/v2\/users\/2"}],"replies":[{"embeddable":true,"href":"https:\/\/www.infokuryr.cz\/n\/wp-json\/wp\/v2\/comments?post=87964"}],"version-history":[{"count":0,"href":"https:\/\/www.infokuryr.cz\/n\/wp-json\/wp\/v2\/posts\/87964\/revisions"}],"wp:featuredmedia":[{"embeddable":true,"href":"https:\/\/www.infokuryr.cz\/n\/wp-json\/wp\/v2\/media\/75486"}],"wp:attachment":[{"href":"https:\/\/www.infokuryr.cz\/n\/wp-json\/wp\/v2\/media?parent=87964"}],"wp:term":[{"taxonomy":"category","embeddable":true,"href":"https:\/\/www.infokuryr.cz\/n\/wp-json\/wp\/v2\/categories?post=87964"},{"taxonomy":"post_tag","embeddable":true,"href":"https:\/\/www.infokuryr.cz\/n\/wp-json\/wp\/v2\/tags?post=87964"}],"curies":[{"name":"wp","href":"https:\/\/api.w.org\/{rel}","templated":true}]}}