{"id":87931,"date":"2025-09-17T00:25:24","date_gmt":"2025-09-16T22:25:24","guid":{"rendered":"https:\/\/www.infokuryr.cz\/n\/?p=87931"},"modified":"2025-09-16T17:26:29","modified_gmt":"2025-09-16T15:26:29","slug":"miroslav-petr-rakusanuv-sen","status":"publish","type":"post","link":"https:\/\/www.infokuryr.cz\/n\/2025\/09\/17\/miroslav-petr-rakusanuv-sen\/","title":{"rendered":"Miroslav Petr: Raku\u0161an\u016fv sen"},"content":{"rendered":"<div id=\"fb-root\"><\/div>\n<p><strong>Advok\u00e1t N\u011bmec v rozhovoru s Redlem \/STAN\/ : &#8222;Na ministerstvu spravedlnosti by m\u011bl b\u00fdt Marek Benda. V\u0161e by se vr\u00e1tilo do star\u00fdch dobr\u00fdch kolej\u00ed, proto\u017ee tam jsou kl\u00ed\u010de a vyp\u00edna\u010de ke v\u0161emu.&#8220;<\/strong><\/p>\n<p>Raku\u0161an dnes tvrd\u00ed: &#8222;V p\u0159\u00edpadn\u00e9 dal\u0161\u00ed vl\u00e1d\u011b se sou\u010dasnou koalic\u00ed budeme \u017e\u00e1dat, aby Ministerstvo spravedlnosti vedli Starostov\u00e9.&#8220; Nesta\u010d\u00ed vl\u00e1dnut\u00ed mafie na jednom ministerstvu&#8230;<\/p>\n<p>Chce snad jist\u00fd u\u010ditel p\u0159edehnat Ukrajinu v nejv\u011bt\u0161\u00ed korupci a mafii na sv\u011bt\u011b?<\/p>\n<p>Budete v\u011b\u0159it \u017een\u011b, kter\u00e1 d\u00e1 ka\u017ed\u00e9mu, \u017ee od z\u00edt\u0159ka bude v\u011brn\u00e1? Uv\u011b\u0159\u00edte marnotratn\u00e9 \u017een\u011b, \u017ee od z\u00edt\u0159ka bude \u0161etrn\u00e1? Budete v\u011b\u0159it mu\u017ei, kter\u00fd denn\u011b surov\u011b zml\u00e1t\u00ed man\u017eelku do krve, \u017ee od z\u00edt\u0159ka bude nejhodn\u011bj\u0161\u00ed man\u017eel na sv\u011bt\u011b? Pak volte koalici, kter\u00e1 slibuje svobodu a prosperitu, kdy\u017e cel\u00e9 \u010dty\u0159i roky oboje p\u0159ivedla ke kolapsu.<\/p>\n<p>V Brit\u00e1nii zatkli komika, kter\u00fd kritizoval trans. U n\u00e1s u\u017e m\u00e1me podobn\u00fd z\u00e1kon tak\u00e9. Totalita je velmi naka\u017eliv\u00e1 a\u00a0 nebezpe\u010dn\u00e1! Ka\u017ed\u00fd den tam zadr\u017e\u00ed kolem t\u0159iceti lid\u00ed, kte\u0159\u00ed kritizuj\u00ed LGBT na soci\u00e1ln\u00edch s\u00edt\u00edch. Skute\u010dn\u011b pat\u0159\u00edme na takov\u00fd Z\u00e1pad? Nem\u011bli koman\u010di pravdu, kdy\u017e mluvili o negativech Z\u00e1padu?<\/p>\n<p>Objednali byste si dnes a hned zaplatili velmi drah\u00fd po\u010d\u00edta\u010d, kter\u00fd dostanete a\u017e za \u0161est let, kdy u\u017e z n\u011bj bude d\u00edky rychl\u00e9mu v\u00fdvoji elektroniky zastaral\u00fd a nefunk\u010dn\u00ed \u0161rot, a kter\u00fd vyhod\u00edte? P\u0159esn\u011b tak jedn\u00e1 ministryn\u011b v\u00e1lky p\u0159i n\u00e1kupu p\u0159edra\u017een\u00fdch zbran\u00ed. Kdyby 85% voli\u010d\u016f neodm\u00edtalo z\u00e1kon o hmotn\u00e9 odpov\u011bdnosti politik\u016f, byla by tato \u017eena bezdomovkyn\u011b. Bu\u010fte si jisti, \u017ee by t\u011bch bezdomovc\u016f byla pln\u00e1 sn\u011bmovna a sen\u00e1t. Bez tohoto z\u00e1kona se nic nezm\u011bn\u00ed!!!<\/p>\n<p>Brusel na\u0159\u00eddil cenzuru na informace o n\u011bmeck\u00e9m chalif\u00e1tu.<\/p>\n<p>Isl\u00e1msk\u00fd radik\u00e1l se s velk\u00fdm n\u00e1skokem stane starostou v New Yorku d\u00edky v\u011bt\u0161\u00ed p\u0159evaze imigrant\u016f oproti domorodc\u016fm.<\/p>\n<p>Nev\u011b\u0159\u00edc\u00ed pape\u017e podpo\u0159il pr\u016fvod LGBT a jmenoval LGBT &#8222;um\u011blkyni&#8220;, kter\u00e1 po\u0159\u00e1dala obsc\u00e9nn\u00ed v\u00fdstavu, do \u010dela vatik\u00e1nsk\u00e9 akademie v\u00fdtvarn\u00fdch um\u011bn\u00ed. \u0160koda, \u017ee nelze pap\u00e1 odvolat.<\/p>\n<p>Liber\u00e1lov\u00e9 maj\u00ed radost a dokonce se sm\u011bj\u00ed ze smrti mlad\u00e9ho, obl\u00edben\u00e9ho konzervativn\u00edho politika, otce dvou mal\u00fdch d\u011bt\u00ed. Zat\u00edm se vra\u017ed\u00ed jen politici. Mysl\u00edte si, \u017ee liber\u00e1lov\u00e9 se nezastav\u00ed ani p\u0159ed zab\u00edjen\u00edm b\u011b\u017en\u00fdch lid\u00ed s jin\u00fdm n\u00e1zorem? Liberta=svoboda, ne anarchie. To jsem tvrdil u\u017e p\u0159ed dvaceti roky. Mezi sm\u011bj\u00edc\u00ed se bestie pat\u0159\u00ed i jak\u00fdsi M. P\u00e1nek. EP uctil pam\u00e1tku zabit\u00e9ho, levi\u010d\u00e1ci z\u016fstali sed\u011bt&#8230;<\/p>\n<p>SPD je pr\u00fd radik\u00e1ln\u00ed a extremistick\u00e1 strana. P\u0159\u00edznivci kter\u00fdch stran ni\u010d\u00ed st\u00e1nky a plak\u00e1ty a p\u0159i demonstrac\u00edch a p\u0159edvolebn\u00edch setk\u00e1n\u00edch naru\u0161uj\u00ed a provokuj\u00ed? Mysl\u00edte si, \u017ee policie sama od sebe bude odm\u00edtat konat svou z\u00e1kladn\u00ed povinnost? \u017de by riskovali vysok\u00e9 tresty? Bez rozkazu jejich \u0161\u00e9fa by si to nikdy nedovolili. Tak\u017ee kdo je tady v skute\u010dnosti extr\u00e9mista a kter\u00fd politik to podporuje? Mysl\u00edte si, \u017ee z\u016fstanou jen u politik\u016f, pokud jde o provokace a fyzick\u00e9 \u00fatoky? Kter\u00fd politik nejv\u00edc podporuje nen\u00e1vist u lid\u00ed?<\/p>\n<p>Prodava\u010dka mobil\u016f ozna\u010dila ihned Rusy zodpov\u011bdn\u00e9 za dronov\u00e9 \u00fatoky na Polsko bez sebemen\u0161\u00edch d\u016fkaz\u016f. Soudru\u017eka \u010cernochov\u00e1, jako &#8222;\u0161pi\u010dkov\u00e1 odbornice&#8220; na zbran\u011b nev\u00ed, \u017ee drony nemohou z Ruska urazit takovou vzd\u00e1lenost. Nen\u00ed schopna pochopit, \u017ee jde o provokaci Zelen\u00e1\u010de, kter\u00fd chce, by NATO za\u00fato\u010dilo na Rusko. Dokonce ani velmi inteligentn\u00ed Zeman to nepochopil a obvi\u0148uje Rusko. Jak prost\u00e9 Whatsone&#8230;Pro\u010d by Rusko pos\u00edlalo do Polska drony bez n\u00e1lo\u017ee a bomb? NATO ihned vyslalo F 35. Ukrajinci se uml\u00e1tili sm\u00edchy. Podle Ji\u0159inky, kter\u00e1 se boj\u00ed zl\u00e9ho Ruska, jsme stra\u0161n\u011b ohro\u017eeni. Pr\u00fd &#8222;Putin nechce m\u00edr. P\u0159estaneme-li Ukrajinu podporovat, Ukrajina padne a Putin postoup\u00ed a\u017e ke Ko\u0161ic\u00edm.&#8220; Podle Eurohujer\u016f je t\u0159eba Ukrajin\u011b pom\u00e1hat. Pt\u00e1m se, pro\u010d ani jeden jedin\u00fd politik se neozval, kdy\u017e se bombardovala Jugosl\u00e1vie a um\u00edraly desetitis\u00edce d\u011bt\u00ed Opravdu soused\u00edme s Ukrajinou? Ob\u011b ministryn\u011b nejsou tak\u00e9 schopny pochopit, \u017ee Putin je povinen br\u00e1nit sv\u00e9 obyvatele, kte\u0159\u00ed jsou na Ukrajin\u011b vra\u017ed\u011bni a mu\u010deni. A \u017ee jeho dal\u0161\u00ed povinnost je za\u00fato\u010dit na jakoukoli zemi, kter\u00e1 \u00fato\u010d\u00ed proti Rusku. Pr\u00fd &#8222;\u010cesko je schopno se br\u00e1nit, ob\u010dan\u00e9 \u010cR se nemus\u00ed b\u00e1t. V\u00e1lka se t\u00fdk\u00e1 n\u00e1s v\u0161ech&#8230;&#8220;Nev\u011bd\u011bl jsem, \u017ee soused\u00edme s Ukrajinou. &#8222;Vzorn\u011b oholen\u00fd&#8220; sen\u00e1tor, kter\u00fd v\u016fbec nevypad\u00e1 na bezdomovce, s n\u00ed souhlas\u00ed&#8230;<\/p>\n<p>Jist\u00e1 ministryn\u011b na obrazovce vypad\u00e1, jako by si nechala zv\u011bt\u0161it pysky, pardon, rty. Jej\u00ed vzhled mi p\u0159ipom\u00edn\u00e1 Marfu\u0161u, chyb\u00ed jen o\u0159ech v \u00fastech.<\/p>\n<p>Peka\u0159ka se dokonce sm\u00e1la vlastn\u00ed hlouposti, nepochopila, \u017ee modern\u00ed arm\u00e1da pou\u017e\u00edv\u00e1 m\u00edsto tank\u016f drony.<\/p>\n<p>M. \u0160ev\u010dik: &#8222;Bohu\u017eel jsou dnes moud\u0159\u00ed lid\u00e9 uml\u010dov\u00e1ni, aby to, co \u0159\u00edkaj\u00ed, neur\u00e1\u017eelo hlup\u00e1ky.&#8220;<\/p>\n<p>N\u00e1zor na soci\u00e1ln\u00edch s\u00edt\u00edch: &#8222;A\u0165 vl\u00e1dnou lid\u00e9, kte\u0159\u00ed um\u00ed vl\u00e1dnout, jednat, spolupracovat, \u0161\u00ed\u0159it p\u0159\u00e1telstv\u00ed, dohodnout se, kamar\u00e1dit se v\u0161emi, aby se \u017eilo v m\u00edru, aby se pod\u00e1vali ruce, aby se vz\u00e1jemn\u011b kupovalo, vyr\u00e1b\u011blo, nab\u00edzelo a spolupracovalo. Aby se sv\u00edtilo a h\u0159\u00e1lo, ne aby to lidi zab\u00edjelo. Abychom m\u011bli \u010d\u00edm topit a co j\u00edst a po pr\u00e1ci odpo\u010dinek a legraci.&#8220; Odm\u00edtli byste takov\u00fd \u017eivot?<\/p>\n<p><a href=\"https:\/\/www.czechfreepress.cz\/dalsi-blogy\/rakusanuv-sen.html\">Miroslav Petr<\/a><\/p>\n<p><img decoding=\"async\" loading=\"lazy\" class=\"wp-image-86739 aligncenter\" src=\"http:\/\/www.infokuryr.cz\/n\/wp-content\/uploads\/2025\/08\/volby-program-211x300.png\" alt=\"\" width=\"707\" height=\"1005\" srcset=\"https:\/\/www.infokuryr.cz\/n\/wp-content\/uploads\/2025\/08\/volby-program-211x300.png 211w, https:\/\/www.infokuryr.cz\/n\/wp-content\/uploads\/2025\/08\/volby-program-721x1024.png 721w, https:\/\/www.infokuryr.cz\/n\/wp-content\/uploads\/2025\/08\/volby-program-768x1091.png 768w, https:\/\/www.infokuryr.cz\/n\/wp-content\/uploads\/2025\/08\/volby-program-1081x1536.png 1081w, https:\/\/www.infokuryr.cz\/n\/wp-content\/uploads\/2025\/08\/volby-program-1442x2048.png 1442w, https:\/\/www.infokuryr.cz\/n\/wp-content\/uploads\/2025\/08\/volby-program-1024x1455.png 1024w\" sizes=\"(max-width: 707px) 100vw, 707px\" \/><\/p>\n","protected":false},"excerpt":{"rendered":"<p>Advok\u00e1t N\u011bmec v rozhovoru s Redlem \/STAN\/ : &#8222;Na ministerstvu spravedlnosti by m\u011bl b\u00fdt Marek&#8230;<\/p>\n","protected":false},"author":2,"featured_media":46473,"comment_status":"closed","ping_status":"closed","sticky":false,"template":"","format":"standard","meta":[],"categories":[6],"tags":[207,9268,1483],"_links":{"self":[{"href":"https:\/\/www.infokuryr.cz\/n\/wp-json\/wp\/v2\/posts\/87931"}],"collection":[{"href":"https:\/\/www.infokuryr.cz\/n\/wp-json\/wp\/v2\/posts"}],"about":[{"href":"https:\/\/www.infokuryr.cz\/n\/wp-json\/wp\/v2\/types\/post"}],"author":[{"embeddable":true,"href":"https:\/\/www.infokuryr.cz\/n\/wp-json\/wp\/v2\/users\/2"}],"replies":[{"embeddable":true,"href":"https:\/\/www.infokuryr.cz\/n\/wp-json\/wp\/v2\/comments?post=87931"}],"version-history":[{"count":0,"href":"https:\/\/www.infokuryr.cz\/n\/wp-json\/wp\/v2\/posts\/87931\/revisions"}],"wp:featuredmedia":[{"embeddable":true,"href":"https:\/\/www.infokuryr.cz\/n\/wp-json\/wp\/v2\/media\/46473"}],"wp:attachment":[{"href":"https:\/\/www.infokuryr.cz\/n\/wp-json\/wp\/v2\/media?parent=87931"}],"wp:term":[{"taxonomy":"category","embeddable":true,"href":"https:\/\/www.infokuryr.cz\/n\/wp-json\/wp\/v2\/categories?post=87931"},{"taxonomy":"post_tag","embeddable":true,"href":"https:\/\/www.infokuryr.cz\/n\/wp-json\/wp\/v2\/tags?post=87931"}],"curies":[{"name":"wp","href":"https:\/\/api.w.org\/{rel}","templated":true}]}}