{"id":87927,"date":"2025-09-17T00:19:28","date_gmt":"2025-09-16T22:19:28","guid":{"rendered":"https:\/\/www.infokuryr.cz\/n\/?p=87927"},"modified":"2025-09-16T17:16:34","modified_gmt":"2025-09-16T15:16:34","slug":"mohutny-utok-dronu-na-polsko-tak-toto-kopiruje-zpravodaj-ceske-televize-za-nase-penize","status":"publish","type":"post","link":"https:\/\/www.infokuryr.cz\/n\/2025\/09\/17\/mohutny-utok-dronu-na-polsko-tak-toto-kopiruje-zpravodaj-ceske-televize-za-nase-penize\/","title":{"rendered":"Mohutn\u00fd \u00fatok dron\u016f na Polsko. Tak toto kop\u00edruje zpravodaj \u010cesk\u00e9 televize: za na\u0161e pen\u00edze&#8230;"},"content":{"rendered":"<div id=\"fb-root\"><\/div>\n<div class=\"introtext\">\n<h4>\u017de je to zdroj &#8222;politolog bruselsk\u00fd z Polska Jaroslaw Wolski&#8220; na \u00farovni \u0160afra FORUM 24 a Manipul\u00e1tora Cempera \u010cesk\u00e9 televizi v\u00e1\u017en\u011b nevad\u00ed? \u0160pi\u010dkov\u00e9 drony z Ruska pr\u00fd sk\u00e1kaly mezi Polskem a Ukrajinou, proto jsou z Ruska!<\/h4>\n<\/div>\n<div class=\"fulltext\">\n<h3>A takov\u00e9 &#8222;blbe\u010dky \u010di dareb\u00e1ky&#8220; mus\u00edme platit ze z\u00e1kona? Pr\u00fd \u010del\u00ed rusk\u00e9 propagand\u011b.<\/h3>\n<div>Nem\u011bl by si prore\u017eimn\u00ed slouha \u010cesk\u00e9 televize nejd\u0159\u00edve informace ov\u011b\u0159ovat, kdy\u017e plukovn\u00edk Folt\u00fdn to doporu\u010duje ka\u017ed\u00e9mu ob\u010danovi?<\/div>\n<div>Pochybn\u00fd report\u00e9r \u010cesk\u00e9 televize m\u016f\u017ee napsat v\u0161e. M\u00e1 se skv\u011ble. Lid mu povinn\u011b plat\u00ed. Tak\u017ee Rusov\u00e9 vyp\u00e1lili drony, kter\u00e9 let\u011bly p\u0159es celou Ukrajinu sedm hodin, pak si odl\u00e9tli do Polska, kde proti t\u011bmto stra\u0161n\u011b nebezpe\u010dn\u00fdm papundekl\u016fm vyrazily bombard\u00e9ry F-16 a F-35A. A tyto papundekly omotan\u00e9\u00a0 lep\u00edc\u00ed p\u00e1skou sest\u0159elily rakety Sidewinder v cen\u011b kolem 400 tis\u00edc dolar\u016f za kus. A co pro n\u00e1s kop\u00edruje a \u00fadajn\u011b vyvrac\u00ed Papadopulos z \u010cesk\u00e9 televize?<\/div>\n<div><\/div>\n<div>___________<\/div>\n<div>\n<div class=\"explanation wholeWidth\">\n<h4 class=\"explanationTitle\"><span style=\"color: #993366;\">Papadopulos: vyvrac\u00edme proruskou propagandu o dronech<\/span><\/h4>\n<div class=\"explanationContent\"><span style=\"color: #993366;\">7) Drony nemohly p\u0159ilet\u011bt z Ruska, maj\u00ed dolet jenom 300 kilometr\u016f<\/span><\/div>\n<div><span style=\"color: #993366;\">Drony Gerbera byly odp\u00e1leny na Polsko z B\u011bloruska. Bylo jich nejm\u00e9n\u011b 15. Polsk\u00e9 radary AWACS je sledovaly od za\u010d\u00e1tku letu a\u017e do vstupu do vzdu\u0161n\u00e9ho prostoru zem\u011b. Toto jasn\u011b uvedl jak n\u00e1m\u011bstek ministra obrany Cezary Tomczyk, tak n\u00e1\u010deln\u00edk gener\u00e1ln\u00edho \u0161t\u00e1bu gener\u00e1l Wies\u0142aw Kuku\u0142a. (O t\u011bchto 15 dronech nen\u00ed diskuze, nezvratn\u00e9 d\u016fkazy Polsko poskytlo i na mimo\u0159\u00e1dn\u00e9m zased\u00e1n\u00ed RB OSN). Dal\u0161\u00edm aspektem jsou drony \u0160ah\u00edd \u010di Geran-2, kter\u00e9\u00a0<strong>byly odp\u00e1leny z Ruska, n\u00e1sledn\u011b vlet\u011bly nad ukrajinsk\u00e9 \u00fazem\u00ed a posl\u00e9ze do polsk\u00e9ho vzdu\u0161n\u00e9ho prostoru.<\/strong>\u00a0<strong>Pot\u00e9 se (jako mnohokr\u00e1t p\u0159edt\u00edm) m\u011bly oto\u010dit a n\u011bkde na \u00farovni Lvova m\u011bly zam\u00ed\u0159it zp\u011bt na Ukrajinu.<\/strong><em>\u00a0(Neskute\u010dn\u00e9 kecanice o cestov\u00e1n\u00ed dron\u016f, kter\u00e9 se potuluj\u00ed sem a tam)<\/em>\u00a0 Podle v\u0161eho to jsou pr\u00e1v\u011b ty stroje (asi 5 \u010di 6 dron\u016f), kter\u00e9 se staly ter\u010dem polsk\u00fdch F-16 a nizozemsk\u00fdch F-35A.<\/span><\/div>\n<div>_____________<\/div>\n<\/div>\n<\/div>\n<div><\/div>\n<div>Lid\u00e9 se u\u017e t\u0159\u00edskaj\u00ed sm\u00edchy nad stupidn\u00ed propagandou. Mimochodem Papadolupos l\u017ee i v tomto:\u00a0Rusko \u017e\u00e1dalo d\u016fkazy a Polsko, nato\u017e NATO, p\u0159esto\u017ee \u00fadajn\u011b sledovalo p\u0159es AWACS 7 hodin, nedodalo v\u016fbec nic, \u017e\u00e1dn\u00fd z\u00e1znam, \u017e\u00e1dn\u00e1 data,\u00a0jen foti\u010dky n\u011bjak\u00fdch p\u0159iblbl\u00fdch hra\u010dek.<\/div>\n<div><img decoding=\"async\" loading=\"lazy\" class=\"aligncenter\" src=\"https:\/\/www.skrytapravda.cz\/images\/blogy\/2951\/2025\/9zari\/Sn%C3%ADmek_obrazovky_4743_19219.webp\" alt=\"Sn\u00edmek obrazovky 4743 19219\" width=\"667\" height=\"558\" \/><\/div>\n<div>P\u00e1r dn\u00ed p\u0159edt\u00edm dal\u0161\u00ed prore\u017eimn\u00ed slouha napsal toto a je lep\u0161\u00ed screen jako original. Takto popisuje likvidaci rusk\u00fdch dron\u016f dal\u0161\u00ed superzdroj, jak si s t\u00edm poradili skv\u011bl\u00ed Ukrajinci.<\/div>\n<h4><strong>Bohu\u017eel to excelentn\u00edmu veden\u00ed NATO neprozradili, tak n\u00e1s ta sranda st\u00e1la p\u0159es bilion korun v p\u0159epo\u010dtu.\u00a0<\/strong><\/h4>\n<div><img decoding=\"async\" class=\"aligncenter\" src=\"https:\/\/www.skrytapravda.cz\/images\/blogy\/2951\/2025\/9zari\/drony_rusko_27483.webp\" alt=\"drony rusko 27483\" \/><\/div>\n<div><\/div>\n<div><strong>A zde m\u00e1te cel\u00fd text po\u0161ahan\u00e9ho kop\u00edriova\u010de \u010ct, kter\u00fd zpracov\u00e1v\u00e1 d\u016fsledn\u011b propagandu na\u0159\u00edzenou Bruselem z v\u00fdchodu. Vysv\u011btlen\u00ed, \u017ee by se za n\u011b nestyd\u011bl ani dobr\u00fd voj\u00e1k \u0160vejk a poru\u010d\u00edk Dub.\u00a0<\/strong><\/div>\n<div dir=\"auto\">\n<p>Jak to bylo s rusk\u00fdmi drony, kter\u00e9 naru\u0161ily polsk\u00fd vzdu\u0161n\u00fd prostor? Odpov\u011bdi, kter\u00e9 pomohou \u010delit rusk\u00e9 propagand\u011b\u00a0<span class=\"html-span xexx8yu xyri2b x18d9i69 x1c1uobl x1hl2dhg x16tdsg8 x1vvkbs x3nfvp2 x1j61x8r x1fcty0u xdj266r xat24cr xm2jcoa x1mpyi22 xxymvpz xlup9mm x1kky2od\"><img decoding=\"async\" loading=\"lazy\" class=\"xz74otr x15mokao x1ga7v0g x16uus16 xbiv7yw\" src=\"https:\/\/static.xx.fbcdn.net\/images\/emoji.php\/v9\/t4f\/1\/16\/1f447.png\" alt=\"?\" width=\"16\" height=\"16\" \/><\/span><\/p>\n<\/div>\n<div class=\"x14z9mp xat24cr x1lziwak x1vvkbs xtlvy1s x126k92a\">\n<div dir=\"auto\"><strong>1)<\/strong> Pokud \u0161lo o rusk\u00e9 drony, jak to, \u017ee na n\u011b p\u0159edem polskou arm\u00e1du upozornili B\u011blorusov\u00e9?<\/div>\n<\/div>\n<div class=\"x14z9mp xat24cr x1lziwak x1vvkbs xtlvy1s x126k92a\">\n<div dir=\"auto\">Zaprv\u00e9, v\u00edce ne\u017e 21 bezpilotn\u00edch prost\u0159edk\u016f pou\u017eili Rusov\u00e9 proto, aby p\u0159im\u011bli syst\u00e9my polsk\u00e9 arm\u00e1dy i syst\u00e9my NATO k pln\u00e9 bojov\u00e9 pohotovosti.\u00a0Cht\u011bli, aby byly aktivov\u00e1ny ve\u0161ker\u00e9 radary protivzdu\u0161n\u00e9 obrany, letouny AWACS, st\u00edha\u010dky F-16 \u010di F-35A.<strong>\u00a0Pro Rusy to bylo d\u016fle\u017eit\u00e9<\/strong>, proto\u017ee b\u011bhem prob\u00edhaj\u00edc\u00edch cvi\u010den\u00ed ZAPAD 2025 jejich jednotky elektronick\u00e9ho boje rozm\u00edst\u011bn\u00e9 pobl\u00ed\u017e polsk\u00fdch hranic \u201eposlouchaj\u00ed\u201c (tj. klasifikuj\u00ed a shroma\u017e\u010fuj\u00ed) data z radiov\u00e9 komunikace.<\/div>\n<div dir=\"auto\">\n<p>Za druh\u00e9, ono \u201evarov\u00e1n\u00ed\u201c ze strany B\u011blorus\u016f je pln\u011b v souladu s Gerasimovovou doktr\u00ednou takzvan\u00e9 &#8222;strategick\u00e9 nejistoty\u201c, tedy, \u017ee na prvn\u00ed pohled nen\u00ed jasn\u00e9, komu p\u0159ipsat odpov\u011bdnost. V kombinaci s ruskou propagandou jde o mocn\u00fd n\u00e1stroj.<em>(Tak\u017ee B\u011blorusko varovalo, NATO je sledovalo 7 hodin na Ukrajin\u011b a t\u00edm to byla rusk\u00e1 Gerasimova nejistota?<\/em><\/p>\n<\/div>\n<\/div>\n<div class=\"x14z9mp xat24cr x1lziwak x1vvkbs xtlvy1s x126k92a\">\n<div dir=\"auto\"><strong>2)<\/strong> Jak to, \u017ee dron, kter\u00fd spadl na st\u0159echu, ji rozbil, zat\u00edmco jin\u00fd dron p\u0159ist\u00e1l na poli \u010di kr\u00e1l\u00edk\u00e1rn\u011b?<\/div>\n<\/div>\n<div class=\"x14z9mp xat24cr x1lziwak x1vvkbs xtlvy1s x126k92a\">\n<div dir=\"auto\">To, co spadlo na st\u0159echu rodinn\u00e9ho domu\u00a0<strong>z\u0159ejm\u011b<\/strong>\u00a0nebyl samotn\u00fd dron. To u\u017e nep\u0159\u00edmo nazna\u010dila i polsk\u00e1 prokuratura. Ministerstvo obrany by se k tomu m\u011blo v p\u0159\u00ed\u0161t\u00edm t\u00fddnu vyj\u00e1d\u0159it a rodin\u011b by m\u011blo b\u00fdt vyplaceno od\u0161kodn\u00e9. Stalo se to, \u010deho se v\u0161ichni ob\u00e1vali pro p\u0159\u00edpad, \u017ee bude nutn\u00e9 sest\u0159elovat rusk\u00e9 drony nad polsk\u00fdm \u00fazem\u00edm.<\/div>\n<div dir=\"auto\">\n<p>Co se t\u00fdk\u00e1 dron\u016f Gerbera, kter\u00e9 p\u0159ist\u00e1ly na pol\u00edch, pak v\u011b\u0159te, \u017ee jde o ultralehk\u00fd dron, kter\u00fd m\u00e1 bez paliva hmotnost zhruba 5-10-15 kilogram\u016f (z\u00e1le\u017e\u00ed na p\u0159\u00eddavn\u00e9 n\u00e1dr\u017ei a verzi dronu). V p\u0159\u00edpad\u011b, \u017ee tomuto dronu dojde palivo, tak prost\u011b &#8222;<strong>doklou\u017ee<\/strong>&#8220; a\u017e na zem a dopade &#8222;na b\u0159icho&#8220;. Drony Gerbera jsou tak lehk\u00e9, \u017ee \u010dasto mohou uv\u00e1znout t\u0159eba v korun\u011b stromu.<\/p>\n<\/div>\n<\/div>\n<div class=\"x14z9mp xat24cr x1lziwak x1vvkbs xtlvy1s x126k92a\">\n<div dir=\"auto\"><strong>3)<\/strong> Pro\u010d na vir\u00e1ln\u00ed map\u011b, kter\u00e1 kolovala internetem, byl vid\u011bt p\u0159\u00edlet dron\u016f z Ukrajiny a ne z B\u011bloruska (odkud jich \u010d\u00e1st byla taky vyp\u00e1lena)?<\/div>\n<\/div>\n<div class=\"x14z9mp xat24cr x1lziwak x1vvkbs xtlvy1s x126k92a\">\n<div dir=\"auto\">\n<p>Mapa, kter\u00e1 kolovala internetem, nen\u00ed ofici\u00e1ln\u00ed mapou, n\u00fdbr\u017e projektem OSINT nad\u0161enc\u016f, kte\u0159\u00ed vyu\u017e\u00edvaj\u00ed bu\u010f historick\u00e1 data, nebo data z protileteck\u00fdch alarm\u016f na Ukrajin\u011b p\u0159\u00edpadn\u011b nejr\u016fzn\u011bj\u0161\u00ed senzory. Nen\u00ed to ale mapa ofici\u00e1ln\u011b vyd\u00e1van\u00e1 ukrajinskou arm\u00e1dou a to, jak je poka\u017ed\u00e9 sestavov\u00e1na, neumo\u017e\u0148uje, aby zachycovala n\u00e1let dron\u016f z B\u011bloruska na Polsko.<\/p>\n<\/div>\n<\/div>\n<div class=\"x14z9mp xat24cr x1lziwak x1vvkbs xtlvy1s x126k92a\">\n<div dir=\"auto\"><strong>4)<\/strong> Co nad Polskem ve chv\u00edli n\u00e1letu dron\u016f d\u011blala letadla A330 apod.?<\/div>\n<\/div>\n<div class=\"x14z9mp xat24cr x1lziwak x1vvkbs xtlvy1s x126k92a\">\n<div dir=\"auto\">\n<p>Nejhloup\u011bj\u0161\u00ed z argument\u016f. Minim\u00e1ln\u011b od za\u010d\u00e1tku rusk\u00e9 agrese na Ukrajin\u011b v roce 2022 je\u00a0ve vzduchu nad Polskem ka\u017ed\u00fd den obrovsk\u00e9 mno\u017estv\u00ed stroj\u016f, kter\u00e9 monitoruj\u00ed a chr\u00e1n\u00ed tamn\u00ed vzdu\u0161n\u00ed prostor.\u00a0(<em>Tak\u017ee to monitoruj\u00ed a p\u0159esto nev\u011bd\u00ed, \u017ee jsou to letad\u00fdlka z papundeklu a p\u0159ekli\u017eky?<\/em>\u00a0Jsou ve vzduchu ka\u017ed\u00fd den \u010dty\u0159iadvacet hodin. Jejich pohotovost v dob\u011b rusk\u00e9ho dronov\u00e9ho n\u00e1letu na Polsko neznamen\u00e1 nic jin\u00e9ho, ne\u017e \u017ee NATO je na m\u00edst\u011b a chr\u00e1n\u00ed n\u00e1s.<\/p>\n<\/div>\n<\/div>\n<div class=\"x14z9mp xat24cr x1lziwak x1vvkbs xtlvy1s x126k92a\">\n<div dir=\"auto\"><strong>5)<\/strong> Pro\u010d ukrajinsk\u00e1 PVO nesest\u0159elila ty drony, kter\u00e9 na Polsko\u00a0let\u011bly\u00a0p\u0159es ukrajinsk\u00e9 \u00fazem\u00ed?<\/div>\n<\/div>\n<div class=\"x14z9mp xat24cr x1lziwak x1vvkbs xtlvy1s x126k92a\">\n<div dir=\"auto\">Proto\u017ee nem\u011bly \u010d\u00edm a nem\u011bly ani zp\u016fsob jak to ud\u011blat.\u00a0<em><strong>(To je vtip?)<\/strong><\/em>\u00a0Ukrajinsk\u00e1 PVO je dlouhodob\u011b nastaven\u00e1 tak, \u017ee chr\u00e1n\u00ed kritick\u00e1 m\u00edsta a infrastrukturu. Rusov\u00e9 naprogramovali drony tak, aby se vyhnuly oblastem, v nich\u017e je ukrajinsk\u00e1 PVO aktivn\u00ed.<\/div>\n<div dir=\"auto\">Zat\u00edm to vypad\u00e1 tak, \u017ee drony \u0160ah\u00edd, kter\u00e9 napadly Polsko, let\u011bly nad \u00fazem\u00edm &#8222;nikoho&#8220;, tedy nad oblastmi, v nich\u017e nejsou \u017e\u00e1dn\u00e9 strategick\u00e9 c\u00edle a kter\u00e9 tak jsou kv\u016fli nedostatku kapacity ukrajinsk\u00e9 PVO nechr\u00e1n\u011bn\u00e9.<\/div>\n<div dir=\"auto\">\n<p>Co se t\u00fdk\u00e1 dron\u016f Gerbera, tak u nich to je jednodu\u0161\u0161\u00ed. Ty let\u011bly pod\u00e9l b\u011blorusko-ukrajinsk\u00e9 hranice a do polsk\u00e9ho vzdu\u0161n\u00e9ho prostoru se dostaly z B\u011bloruska, p\u0159i\u010dem\u017e Ukrajinu minuly.<\/p>\n<\/div>\n<\/div>\n<div class=\"x14z9mp xat24cr x1lziwak x1vvkbs xtlvy1s x126k92a\">\n<div dir=\"auto\"><strong>6)<\/strong> Pro\u010d byly drony &#8222;olepen\u00e9&#8220; kobercovou lep\u00edc\u00ed p\u00e1skou?<\/div>\n<\/div>\n<div class=\"x14z9mp xat24cr x1lziwak x1vvkbs xtlvy1s x126k92a\">\n<div dir=\"auto\">\n<p>Droby Gerbera jsou po napln\u011bn\u00ed palivem a p\u0159\u00edprav\u011b k letu b\u011b\u017en\u011b takovouto p\u00e1skou olepov\u00e1ny. Dokazuj\u00ed to\u00a0fotografie t\u011bchto typ\u016f dron\u016f zachycen\u00e9 za letu, (A p\u0159esto nevid\u011bli, \u017ee tam n\u00e1lo\u017ee nejsou?) nebo t\u011bch, kter\u00e9 v minulosti nap\u0159\u00edklad havarovaly. Metoda zalepov\u00e1n\u00ed dron\u016f kobercovou lep\u00edc\u00ed p\u00e1skou je levn\u00e1 &#8211; a dron Gerbera je navr\u017een\u00fd tak, aby byla jeho v\u00fdroba co nejlevn\u011bj\u0161\u00ed.<\/p>\n<\/div>\n<\/div>\n<div class=\"x14z9mp xat24cr x1lziwak x1vvkbs xtlvy1s x126k92a\">\n<div dir=\"auto\"><strong>7)<\/strong> Drony nemohly p\u0159ilet\u011bt z Ruska, maj\u00ed dolet jenom 300 kilometr\u016f<\/div>\n<\/div>\n<div class=\"x14z9mp xat24cr x1lziwak x1vvkbs xtlvy1s x126k92a\">\n<div dir=\"auto\">Drony Gerbera byly odp\u00e1leny na Polsko z B\u011bloruska. Bylo jich nejm\u00e9n\u011b 15. Polsk\u00e9 radary AWACS je sledovaly od za\u010d\u00e1tku letu a\u017e do vstupu do vzdu\u0161n\u00e9ho prostoru zem\u011b. Toto jasn\u011b uvedl jak n\u00e1m\u011bstek ministra obrany Cezary Tomczyk, tak n\u00e1\u010deln\u00edk gener\u00e1ln\u00edho \u0161t\u00e1bu gener\u00e1l Wies\u0142aw Kuku\u0142a. (O t\u011bchto 15 dronech nen\u00ed diskuze, nezvratn\u00e9 d\u016fkazy Polsko poskytlo i na mimo\u0159\u00e1dn\u00e9m zased\u00e1n\u00ed RB OSN).<\/div>\n<div dir=\"auto\">Dal\u0161\u00edm aspektem jsou drony \u0160ah\u00edd \u010di Geran-2, kter\u00e9 byly odp\u00e1leny z Ruska, n\u00e1sledn\u011b vlet\u011bly nad ukrajinsk\u00e9 \u00fazem\u00ed a posl\u00e9ze do polsk\u00e9ho vzdu\u0161n\u00e9ho prostoru. Pot\u00e9 se (jako mnohokr\u00e1t p\u0159edt\u00edm) m\u011bly oto\u010dit a n\u011bkde na \u00farovni Lvova m\u011bly zam\u00ed\u0159it zp\u011bt na Ukrajinu.\u00a0Podle v\u0161eho to jsou pr\u00e1v\u011b ty stroje (asi 5 \u010di 6 dron\u016f), kter\u00e9 se staly ter\u010dem polsk\u00fdch F-16 a nizozemsk\u00fdch F-35A.<\/div>\n<\/div>\n<div class=\"x14z9mp xat24cr x1lziwak x1vvkbs xtlvy1s x126k92a\">\n<div dir=\"auto\"><em>Zdroj: polsk\u00fd analytik Jaroslaw Wolski<\/em><\/div>\n<h3>Je\u0161t\u011b jednou a v\u0161\u00edmejte si, jak se ty drony produc\u00edrovaly. A tyto idiotsk\u00e9 p\u0159\u00edb\u011bhy n\u00e1m p\u0159ipravuje \u010cesk\u00e1 televize?<\/h3>\n<p><strong><span style=\"color: #993366;\">\u0160ah\u00edd \u010di Geran-2, kter\u00e9 byly odp\u00e1leny z Ruska, n\u00e1sledn\u011b vlet\u011bly nad ukrajinsk\u00e9 \u00fazem\u00ed a posl\u00e9ze do polsk\u00e9ho vzdu\u0161n\u00e9ho prostoru. Pot\u00e9 se (jako mnohokr\u00e1t p\u0159edt\u00edm) m\u011bly oto\u010dit a n\u011bkde na \u00farovni Lvova m\u011bly zam\u00ed\u0159it zp\u011bt na Ukrajinu, zve\u0159ejnil redaktor \u010ct.\u00a0<\/span><\/strong><\/p>\n<div>Kdy\u017e si to p\u0159e\u010dtete dvakr\u00e1t, t\u0159ikr\u00e1t, vid\u00edte, \u017ee si vyvrac\u00ed podvodn\u00edk v\u0161e dokonce v n\u011bkolika odstavc\u00edch. A kdy\u017e mu to nap\u00ed\u0161ete na zdi, tak ten dareb\u00e1k, placen\u00fd z na\u0161ich pen\u011bz, v\u0161echna seriozn\u00ed vyvr\u00e1cen\u00ed sma\u017ee, \u010di rovnou zablokuje. Drony klou\u017eou, p\u0159esto\u017ee byly z p\u0159ekli\u017eky a v\u011bt\u0161ina ofici\u00e1ln\u00edch zdroj\u016f ukazuje p\u0159ekli\u017ekov\u00e1 a papundeklov\u00e1 prd\u00edtka, omotan\u00e1 leukoplast\u00ed, co si d\u011blaj\u00ed d\u011bti u dron\u016f na zahr\u00e1dce. P\u0159i rychlosti max 200 km\/hod, kdy let\u011bly \u00fadajn\u011b p\u0159es Ukrajinu sedm hodin, a pouh\u00fdm okem muselo b\u00fdt vid\u011bt, \u017ee \u017e\u00e1dn\u00e9 bomby a n\u00e1lo\u017ee nemaj\u00ed, dramaticky vystarovaly bombard\u00e9ry NATO a ta sranda st\u00e1la parti\u010dku NATO 1,2 bilionu korun.<\/div>\n<p>No a co, zelen\u00fdm palic\u00edm plukovn\u00edka Folt\u00fdna se nic nestane: zaplat\u00edme 5% z rozpo\u010dtu ze z\u00e1kona a zelen\u00e9 mozky mohou utratit, co cht\u011bj\u00ed, a je\u0161t\u011b zbyde na kampeli\u010dky a dozimetry vl\u00e1dn\u00ed P\u011btidestrukce.<\/p>\n<p><strong>U\u017e jsme se k t\u00e9 stupidn\u00ed &#8222;dronov\u00e9&#8220; srand\u011b zelen\u00fdch palic NATO vyjad\u0159ovat necht\u011bli, proto\u017ee n\u011bco tak stupidn\u00edho by vymysleli snad jen absolventi kurzu v Bohnic\u00edch, ale kdy\u017e to op\u011bt zve\u0159ejnil g\u00e9nius z \u010cesk\u00e9 televize, ne\u0161lo prost\u011b na to nereagovat.\u00a0<\/strong><\/p>\n<p><a href=\"https:\/\/www.skrytapravda.cz\/z-domova\/2772-tak-toto-kopiruje-zpravodaj-ceske-televize-a-mainstream-to-bere-jako-verohodne\">Petr Pokorn\u00fd<\/a><\/p>\n<p><img decoding=\"async\" loading=\"lazy\" class=\"wp-image-86739 aligncenter\" src=\"http:\/\/www.infokuryr.cz\/n\/wp-content\/uploads\/2025\/08\/volby-program-211x300.png\" alt=\"\" width=\"668\" height=\"950\" srcset=\"https:\/\/www.infokuryr.cz\/n\/wp-content\/uploads\/2025\/08\/volby-program-211x300.png 211w, https:\/\/www.infokuryr.cz\/n\/wp-content\/uploads\/2025\/08\/volby-program-721x1024.png 721w, https:\/\/www.infokuryr.cz\/n\/wp-content\/uploads\/2025\/08\/volby-program-768x1091.png 768w, https:\/\/www.infokuryr.cz\/n\/wp-content\/uploads\/2025\/08\/volby-program-1081x1536.png 1081w, https:\/\/www.infokuryr.cz\/n\/wp-content\/uploads\/2025\/08\/volby-program-1442x2048.png 1442w, https:\/\/www.infokuryr.cz\/n\/wp-content\/uploads\/2025\/08\/volby-program-1024x1455.png 1024w\" sizes=\"(max-width: 668px) 100vw, 668px\" \/><\/p>\n<\/div>\n<\/div>\n","protected":false},"excerpt":{"rendered":"<p>\u017de je to zdroj &#8222;politolog bruselsk\u00fd z Polska Jaroslaw Wolski&#8220; na \u00farovni \u0160afra FORUM 24&#8230;<\/p>\n","protected":false},"author":2,"featured_media":87928,"comment_status":"closed","ping_status":"closed","sticky":false,"template":"","format":"standard","meta":[],"categories":[6],"tags":[47,28,2856],"_links":{"self":[{"href":"https:\/\/www.infokuryr.cz\/n\/wp-json\/wp\/v2\/posts\/87927"}],"collection":[{"href":"https:\/\/www.infokuryr.cz\/n\/wp-json\/wp\/v2\/posts"}],"about":[{"href":"https:\/\/www.infokuryr.cz\/n\/wp-json\/wp\/v2\/types\/post"}],"author":[{"embeddable":true,"href":"https:\/\/www.infokuryr.cz\/n\/wp-json\/wp\/v2\/users\/2"}],"replies":[{"embeddable":true,"href":"https:\/\/www.infokuryr.cz\/n\/wp-json\/wp\/v2\/comments?post=87927"}],"version-history":[{"count":1,"href":"https:\/\/www.infokuryr.cz\/n\/wp-json\/wp\/v2\/posts\/87927\/revisions"}],"predecessor-version":[{"id":87929,"href":"https:\/\/www.infokuryr.cz\/n\/wp-json\/wp\/v2\/posts\/87927\/revisions\/87929"}],"wp:featuredmedia":[{"embeddable":true,"href":"https:\/\/www.infokuryr.cz\/n\/wp-json\/wp\/v2\/media\/87928"}],"wp:attachment":[{"href":"https:\/\/www.infokuryr.cz\/n\/wp-json\/wp\/v2\/media?parent=87927"}],"wp:term":[{"taxonomy":"category","embeddable":true,"href":"https:\/\/www.infokuryr.cz\/n\/wp-json\/wp\/v2\/categories?post=87927"},{"taxonomy":"post_tag","embeddable":true,"href":"https:\/\/www.infokuryr.cz\/n\/wp-json\/wp\/v2\/tags?post=87927"}],"curies":[{"name":"wp","href":"https:\/\/api.w.org\/{rel}","templated":true}]}}