{"id":87919,"date":"2025-09-17T00:13:52","date_gmt":"2025-09-16T22:13:52","guid":{"rendered":"https:\/\/www.infokuryr.cz\/n\/?p=87919"},"modified":"2025-09-16T17:00:13","modified_gmt":"2025-09-16T15:00:13","slug":"nadacni-fond-albert-podporil-deti-a-potrebne-pohybem-charitativni-beh-prinesl-tri-sta-tisic-korun","status":"publish","type":"post","link":"https:\/\/www.infokuryr.cz\/n\/2025\/09\/17\/nadacni-fond-albert-podporil-deti-a-potrebne-pohybem-charitativni-beh-prinesl-tri-sta-tisic-korun\/","title":{"rendered":"Nada\u010dn\u00ed fond Albert podpo\u0159il d\u011bti a pot\u0159ebn\u00e9 pohybem. Charitativn\u00ed b\u011bh p\u0159inesl t\u0159i sta tis\u00edc korun"},"content":{"rendered":"<div id=\"fb-root\"><\/div>\n<p><strong>Leto\u0161n\u00edho ro\u010dn\u00edku tradi\u010dn\u00edho Charitativn\u00edho b\u011bhu pro Nada\u010dn\u00ed fond Albert se v Praze a\u00a0Olomouci z\u00fa\u010dastnilo v\u00edce ne\u017e 700 zam\u011bstnanc\u016f spole\u010dnosti Albert, kte\u0159\u00ed spole\u010dn\u011b vyb\u011bhali 316 tis\u00edc korun. Za ka\u017ed\u00fd ub\u011bhnut\u00fd kilometr daroval Nada\u010dn\u00ed fond Albert 100\u00a0K\u010d vybran\u00fdm charitativn\u00edm organizac\u00edm. V\u00fdnosy z b\u011bhu poputuj\u00ed do d\u011btsk\u00fdch domov\u016f, n\u00edzkoprahov\u00fdch center a dal\u0161\u00edch charitativn\u00edch organizac\u00ed. <\/strong><\/p>\n<p>Dev\u00e1t\u00fd ro\u010dn\u00edk B\u011bhu pro Nada\u010dn\u00ed fond Albert je ji\u017e neodmysliteln\u011b spojen\u00fd s\u00a0m\u011bs\u00edcem zdrav\u00ed. Za posledn\u00edch osm ro\u010dn\u00edk\u016f zam\u011bstnanci nab\u011bhali p\u0159es 19 tis\u00edc kilometr\u016f, \u010d\u00edm\u017e p\u0159isp\u011bli v\u00edce ne\u017e 1,9 milionu korun na podporu d\u011btsk\u00fdch domov\u016f a dal\u0161\u00edch organizac\u00ed. Letos byla \u010d\u00e1stka rozd\u011blena mezi d\u011btsk\u00e9 domovy Hranice, Bojkovice, Uhersk\u00e9 Hradi\u0161t\u011b a Uhersk\u00fd Ostroh, d\u00e1le mezi spolek Pomocn\u00e9 ruce a projekt Sanitka spln\u011bn\u00fdch sn\u016f. \u010c\u00e1st v\u00fdt\u011b\u017eku sm\u011b\u0159ovala tak\u00e9 do Charity Jind\u0159ich\u016fv Hradec, organizace Elpida a Diamant.<\/p>\n<p>\u201e<em>Spole\u010dn\u011b se n\u00e1m poda\u0159ilo uk\u00e1zat, \u017ee kdy\u017e se spoj\u00edme, dok\u00e1\u017eeme velk\u00e9 v\u011bci. D\u011bkujeme v\u0161em zam\u011bstnanc\u016fm, kte\u0159\u00ed se zapojili v Olomouci i v\u00a0Praze.<\/em> <em>Ka\u017ed\u00fd z\u00a0nich ud\u011blal nejen n\u011bco pro sv\u00e9 zdrav\u00ed, ale z\u00e1rove\u0148 podpo\u0159il d\u011bti z\u00a0d\u011btsk\u00fdch domov\u016f, n\u00edzkoprahov\u00fdch center a dal\u0161\u00ed charitativn\u00ed organizace<\/em>,\u201c \u0159\u00edk\u00e1 <strong>Alena Paldusov\u00e1, mana\u017eerka Nada\u010dn\u00edho fondu Albert<\/strong>.<\/p>\n<p><img decoding=\"async\" loading=\"lazy\" class=\"wp-image-87920 aligncenter\" src=\"http:\/\/www.infokuryr.cz\/n\/wp-content\/uploads\/2025\/09\/Celkem-zamestnanci-Albertu-vybehali-pres-tri-sta-tisic-korun-300x200.jpg\" alt=\"\" width=\"917\" height=\"611\" srcset=\"https:\/\/www.infokuryr.cz\/n\/wp-content\/uploads\/2025\/09\/Celkem-zamestnanci-Albertu-vybehali-pres-tri-sta-tisic-korun-300x200.jpg 300w, https:\/\/www.infokuryr.cz\/n\/wp-content\/uploads\/2025\/09\/Celkem-zamestnanci-Albertu-vybehali-pres-tri-sta-tisic-korun-1024x683.jpg 1024w, https:\/\/www.infokuryr.cz\/n\/wp-content\/uploads\/2025\/09\/Celkem-zamestnanci-Albertu-vybehali-pres-tri-sta-tisic-korun-768x512.jpg 768w, https:\/\/www.infokuryr.cz\/n\/wp-content\/uploads\/2025\/09\/Celkem-zamestnanci-Albertu-vybehali-pres-tri-sta-tisic-korun-1536x1024.jpg 1536w, https:\/\/www.infokuryr.cz\/n\/wp-content\/uploads\/2025\/09\/Celkem-zamestnanci-Albertu-vybehali-pres-tri-sta-tisic-korun-2048x1365.jpg 2048w\" sizes=\"(max-width: 917px) 100vw, 917px\" \/><\/p>\n<p>Finance budou nyn\u00ed rozd\u011bleny mezi vybran\u00e9 charitativn\u00ed organizace a d\u011btsk\u00e9 domovy. Ty je vyu\u017eij\u00ed nap\u0159\u00edklad na realizaci aktivit pro d\u011bti, zaji\u0161t\u011bn\u00ed odborn\u00fdch lektor\u016f a stravy. Ka\u017ed\u00fd dar se tak p\u0159\u00edmo prom\u011bn\u00ed v konkr\u00e9tn\u00ed z\u00e1\u017eitky a podporu d\u011bt\u00ed, kter\u00e9 pot\u0159ebuj\u00ed bezpe\u010dn\u00e9 prost\u0159ed\u00ed pro sv\u016fj rozvoj.<\/p>\n<p>\u201e<em>Pomoc Nada\u010dn\u00edho fondu Albert pro n\u00e1s znamen\u00e1 velkou oporu a jistotu, \u017ee m\u016f\u017eeme d\u011btem z n\u00e1hradn\u00edch rodin nab\u00eddnout z\u00e1\u017eitky, kter\u00e9 by jinak neza\u017eily. D\u00edky podpo\u0159e m\u016f\u017eeme pravideln\u011b a kvalitn\u011b organizovat terapeutick\u00e9 a rozvojov\u00e9 programy, co\u017e posiluje na\u0161i odbornou \u010dinnost a d\u016fv\u011bru rodin i instituc\u00ed. Tato stabilita n\u00e1m umo\u017e\u0148uje pl\u00e1novat dlouhodob\u011b, roz\u0161i\u0159ovat na\u0161e slu\u017eby a neust\u00e1le zlep\u0161ovat p\u00e9\u010di o d\u011bti<\/em>,\u201c uv\u00e1d\u00ed <strong>Vladislava Knettig, pracovnice neziskov\u00e9 organizace Diamant<\/strong>, kter\u00e1 podporujeme n\u00e1hradn\u00ed rodiny.<\/p>\n<p><strong>Podpora organizac\u00ed i vlastn\u00ed projekty<\/strong><\/p>\n<p>Nada\u010dn\u00ed fond Albert vznikl v roce 2009, aby zast\u0159e\u0161il dlouhodob\u00e9 charitativn\u00ed aktivity obchod\u016f Albert. Podporuje zdrav\u00fd \u017eivotn\u00ed styl d\u011bt\u00ed i rodi\u010d\u016f, vzd\u011bl\u00e1v\u00e1n\u00ed, integraci a rozvoj d\u011bt\u00ed ze soci\u00e1ln\u011b znev\u00fdhodn\u011bn\u00e9ho prost\u0159ed\u00ed. Za dobu sv\u00e9ho p\u016fsoben\u00ed rozd\u011blil v\u00edce ne\u017e 160 milion\u016f korun a\u00a0podpo\u0159il p\u0159es 400 neziskov\u00fdch organizac\u00ed po cel\u00e9 \u010cR.<\/p>\n<p>Vedle podpory projekt\u016f realizuje fond i vlastn\u00ed iniciativy, jako jsou Obch\u016fdky s Albertem pro d\u011bti z d\u011btsk\u00fdch domov\u016f \u010di program brig\u00e1d a volno\u010dasov\u00fdch aktivit pro star\u0161\u00ed ml\u00e1de\u017e. Sou\u010d\u00e1st\u00ed aktivit je i vzd\u011bl\u00e1vac\u00ed program Zdrav\u00e1 5, kter\u00fd u\u010d\u00ed d\u011bti zdrav\u00e9mu \u017eivotn\u00edmu stylu. T\u00edmto programem pro\u0161lo u\u017e v\u00edce ne\u017e 700 tis\u00edc d\u011bt\u00ed a ka\u017edoro\u010dn\u011b se do n\u011bj zapojuje i p\u0159ibli\u017en\u011b 7 tis\u00edc zam\u011bstnanc\u016f Albert.<\/p>\n<p><img decoding=\"async\" loading=\"lazy\" class=\"alignnone size-full wp-image-1185\" src=\"http:\/\/www.infokuryr.cz\/n\/wp-content\/uploads\/2021\/04\/kuryr-podpis.png\" alt=\"\" width=\"84\" height=\"24\" \/><\/p>\n<p><img decoding=\"async\" loading=\"lazy\" class=\"wp-image-86739 aligncenter\" src=\"http:\/\/www.infokuryr.cz\/n\/wp-content\/uploads\/2025\/08\/volby-program-211x300.png\" alt=\"\" width=\"684\" height=\"973\" srcset=\"https:\/\/www.infokuryr.cz\/n\/wp-content\/uploads\/2025\/08\/volby-program-211x300.png 211w, https:\/\/www.infokuryr.cz\/n\/wp-content\/uploads\/2025\/08\/volby-program-768x1091.png 768w, https:\/\/www.infokuryr.cz\/n\/wp-content\/uploads\/2025\/08\/volby-program-1081x1536.png 1081w, https:\/\/www.infokuryr.cz\/n\/wp-content\/uploads\/2025\/08\/volby-program-1024x1455.png 1024w\" sizes=\"(max-width: 684px) 100vw, 684px\" \/><\/p>\n","protected":false},"excerpt":{"rendered":"<p>Leto\u0161n\u00edho ro\u010dn\u00edku tradi\u010dn\u00edho Charitativn\u00edho b\u011bhu pro Nada\u010dn\u00ed fond Albert se v Praze a\u00a0Olomouci z\u00fa\u010dastnilo v\u00edce&#8230;<\/p>\n","protected":false},"author":2,"featured_media":87921,"comment_status":"closed","ping_status":"closed","sticky":false,"template":"","format":"standard","meta":[],"categories":[6],"tags":[9771,245,45],"_links":{"self":[{"href":"https:\/\/www.infokuryr.cz\/n\/wp-json\/wp\/v2\/posts\/87919"}],"collection":[{"href":"https:\/\/www.infokuryr.cz\/n\/wp-json\/wp\/v2\/posts"}],"about":[{"href":"https:\/\/www.infokuryr.cz\/n\/wp-json\/wp\/v2\/types\/post"}],"author":[{"embeddable":true,"href":"https:\/\/www.infokuryr.cz\/n\/wp-json\/wp\/v2\/users\/2"}],"replies":[{"embeddable":true,"href":"https:\/\/www.infokuryr.cz\/n\/wp-json\/wp\/v2\/comments?post=87919"}],"version-history":[{"count":0,"href":"https:\/\/www.infokuryr.cz\/n\/wp-json\/wp\/v2\/posts\/87919\/revisions"}],"wp:featuredmedia":[{"embeddable":true,"href":"https:\/\/www.infokuryr.cz\/n\/wp-json\/wp\/v2\/media\/87921"}],"wp:attachment":[{"href":"https:\/\/www.infokuryr.cz\/n\/wp-json\/wp\/v2\/media?parent=87919"}],"wp:term":[{"taxonomy":"category","embeddable":true,"href":"https:\/\/www.infokuryr.cz\/n\/wp-json\/wp\/v2\/categories?post=87919"},{"taxonomy":"post_tag","embeddable":true,"href":"https:\/\/www.infokuryr.cz\/n\/wp-json\/wp\/v2\/tags?post=87919"}],"curies":[{"name":"wp","href":"https:\/\/api.w.org\/{rel}","templated":true}]}}