{"id":87918,"date":"2025-09-17T00:24:46","date_gmt":"2025-09-16T22:24:46","guid":{"rendered":"https:\/\/www.infokuryr.cz\/n\/?p=87918"},"modified":"2025-09-16T09:23:59","modified_gmt":"2025-09-16T07:23:59","slug":"americke-firmy-volaji-po-zruseni-protiruskych-sankci","status":"publish","type":"post","link":"https:\/\/www.infokuryr.cz\/n\/2025\/09\/17\/americke-firmy-volaji-po-zruseni-protiruskych-sankci\/","title":{"rendered":"Americk\u00e9 firmy volaj\u00ed po zru\u0161en\u00ed protirusk\u00fdch sankc\u00ed"},"content":{"rendered":"<div id=\"fb-root\"><\/div>\n<p class=\"lead\"><strong><span dir=\"auto\">Z\u00e1stupci americk\u00e9ho byznysu \u017e\u00e1daj\u00ed sou\u010dasnou washingtonskou administrativu o zm\u00edrn\u011bn\u00ed nebo zru\u0161en\u00ed protirusk\u00fdch sankc\u00ed zaveden\u00fdch za demokrat\u016f.<\/span><\/strong><\/p>\n<p><span dir=\"auto\">V rozhovoru pro agenturu TASS to uvedl \u0161\u00e9f Americk\u00e9 obchodn\u00ed komory v Rusku (AmCham Russia)\u00a0<\/span><strong><span dir=\"auto\">Robert Agee<\/span><\/strong><span dir=\"auto\">\u00a0. Vysv\u011btlil, \u017ee se jedn\u00e1 o omezen\u00ed, kter\u00e1 zp\u016fsobuj\u00ed nejv\u011bt\u0161\u00ed \u0161kody podnikatel\u016fm v USA. V prvn\u00ed \u0159ad\u011b se jedn\u00e1 o z\u00e1kaz investic do rusk\u00e9 ekonomiky.<\/span><\/p>\n<p><span dir=\"auto\">Komora se rovn\u011b\u017e zasazuje o zru\u0161en\u00ed omezen\u00ed spolupr\u00e1ce s \u0159adou bank \u201eza \u00fa\u010delem zaveden\u00ed platebn\u00edho styku\u201c. Americk\u00e9 obchodn\u00ed kruhy maj\u00ed tak\u00e9 z\u00e1jem o zaji\u0161t\u011bn\u00ed \u201ebezpe\u010dnosti let\u016f\u201c a povolen\u00ed n\u00e1kupu zbo\u017e\u00ed v oblasti energetiky, letectv\u00ed, \u0161pi\u010dkov\u00fdch technologi\u00ed, ale i luxusn\u00edho zbo\u017e\u00ed a kosmetiky.<\/span><\/p>\n<p><em><span dir=\"auto\">\u201eP\u0159ipravili jsme analytick\u00fd dokument s n\u00e1zvem B\u00edl\u00e1 kniha, ve kter\u00e9m jsme uvedli v\u0161echny sankce, kter\u00e9 po\u0161kozuj\u00ed americk\u00e9 spole\u010dnosti, je\u017e nad\u00e1le p\u016fsob\u00ed v Rusku, nebo spole\u010dnosti, kter\u00e9 byly kv\u016fli sankc\u00edm USA a EU nuceny odej\u00edt,\u201c<\/span><span class=\"after-quote\"><span dir=\"auto\"> \u2013 \u0159ekl Eiji.<\/span><\/span><\/em><\/p>\n<p><span dir=\"auto\">Zd\u016fraznil, \u017ee protirusk\u00e9 sankce po\u0161kozuj\u00ed p\u0159edev\u0161\u00edm zahrani\u010dn\u00ed podniky, kter\u00e9 v Rusku nad\u00e1le p\u016fsob\u00ed, zat\u00edmco rusk\u00e1 ekonomika se omezen\u00edm p\u0159izp\u016fsobila.<\/span><\/p>\n<p><span dir=\"auto\">\u0160\u00e9f asociace pouk\u00e1zal na to, \u017ee \u0159ada firem ze Spojen\u00fdch st\u00e1t\u016f form\u00e1ln\u011b nem\u016f\u017ee v Rusku p\u016fsobit kv\u016fli p\u0159\u00edm\u00fdm omezen\u00edm, ale r\u00e1da by se na rusk\u00fd trh vr\u00e1tila.<\/span><\/p>\n<p><span dir=\"auto\">Podnikatel odhadl p\u0159\u00edm\u00e9 ztr\u00e1ty v d\u016fsledku odchodu z Rusk\u00e9 federace na p\u0159ibli\u017en\u011b 100 miliard dolar\u016f. S p\u0159ihl\u00e9dnut\u00edm ke ztr\u00e1t\u011b pod\u00edlu na trhu, u\u0161l\u00e9mu zisku a dal\u0161\u00edm faktor\u016fm se v\u0161ak toto \u010d\u00edslo zvy\u0161uje na 300 miliard dolar\u016f, domn\u00edv\u00e1 se Agee.<\/span><\/p>\n<p><span dir=\"auto\">Jak informovala m\u00e9dia<\/span><span dir=\"auto\">\u00a0, Robert Agee\u00a0<\/span><a href=\"https:\/\/eadaily.com\/ru\/news\/2025\/06\/19\/torgovaya-palata-ssha-v-rf-klyuchevye-kompanii-shtatov-hotyat-vernutsya-v-rossiyu\" target=\"_blank\" rel=\"noopener\"><span dir=\"auto\">ji\u017e d\u0159\u00edve potvrdil<\/span><\/a><span dir=\"auto\">\u00a0, \u017ee by se \u0159ada kl\u00ed\u010dov\u00fdch americk\u00fdch spole\u010dnost\u00ed r\u00e1da vr\u00e1tila na rusk\u00fd trh a obnovila tam provoz.<\/span><\/p>\n<p><img decoding=\"async\" loading=\"lazy\" class=\"alignnone size-full wp-image-1185\" src=\"http:\/\/www.infokuryr.cz\/n\/wp-content\/uploads\/2021\/04\/kuryr-podpis.png\" alt=\"\" width=\"84\" height=\"24\" \/><\/p>\n<p><img decoding=\"async\" loading=\"lazy\" class=\"wp-image-86739 aligncenter\" src=\"http:\/\/www.infokuryr.cz\/n\/wp-content\/uploads\/2025\/08\/volby-program-211x300.png\" alt=\"\" width=\"712\" height=\"1012\" srcset=\"https:\/\/www.infokuryr.cz\/n\/wp-content\/uploads\/2025\/08\/volby-program-211x300.png 211w, https:\/\/www.infokuryr.cz\/n\/wp-content\/uploads\/2025\/08\/volby-program-721x1024.png 721w, https:\/\/www.infokuryr.cz\/n\/wp-content\/uploads\/2025\/08\/volby-program-768x1091.png 768w, https:\/\/www.infokuryr.cz\/n\/wp-content\/uploads\/2025\/08\/volby-program-1081x1536.png 1081w, https:\/\/www.infokuryr.cz\/n\/wp-content\/uploads\/2025\/08\/volby-program-1442x2048.png 1442w, https:\/\/www.infokuryr.cz\/n\/wp-content\/uploads\/2025\/08\/volby-program-1024x1455.png 1024w\" sizes=\"(max-width: 712px) 100vw, 712px\" \/><\/p>\n","protected":false},"excerpt":{"rendered":"<p>Z\u00e1stupci americk\u00e9ho byznysu \u017e\u00e1daj\u00ed sou\u010dasnou washingtonskou administrativu o zm\u00edrn\u011bn\u00ed nebo zru\u0161en\u00ed protirusk\u00fdch sankc\u00ed zaveden\u00fdch za&#8230;<\/p>\n","protected":false},"author":2,"featured_media":75297,"comment_status":"closed","ping_status":"closed","sticky":false,"template":"","format":"standard","meta":[],"categories":[7],"tags":[22,125,37],"_links":{"self":[{"href":"https:\/\/www.infokuryr.cz\/n\/wp-json\/wp\/v2\/posts\/87918"}],"collection":[{"href":"https:\/\/www.infokuryr.cz\/n\/wp-json\/wp\/v2\/posts"}],"about":[{"href":"https:\/\/www.infokuryr.cz\/n\/wp-json\/wp\/v2\/types\/post"}],"author":[{"embeddable":true,"href":"https:\/\/www.infokuryr.cz\/n\/wp-json\/wp\/v2\/users\/2"}],"replies":[{"embeddable":true,"href":"https:\/\/www.infokuryr.cz\/n\/wp-json\/wp\/v2\/comments?post=87918"}],"version-history":[{"count":0,"href":"https:\/\/www.infokuryr.cz\/n\/wp-json\/wp\/v2\/posts\/87918\/revisions"}],"wp:featuredmedia":[{"embeddable":true,"href":"https:\/\/www.infokuryr.cz\/n\/wp-json\/wp\/v2\/media\/75297"}],"wp:attachment":[{"href":"https:\/\/www.infokuryr.cz\/n\/wp-json\/wp\/v2\/media?parent=87918"}],"wp:term":[{"taxonomy":"category","embeddable":true,"href":"https:\/\/www.infokuryr.cz\/n\/wp-json\/wp\/v2\/categories?post=87918"},{"taxonomy":"post_tag","embeddable":true,"href":"https:\/\/www.infokuryr.cz\/n\/wp-json\/wp\/v2\/tags?post=87918"}],"curies":[{"name":"wp","href":"https:\/\/api.w.org\/{rel}","templated":true}]}}