{"id":87914,"date":"2025-09-17T00:23:26","date_gmt":"2025-09-16T22:23:26","guid":{"rendered":"https:\/\/www.infokuryr.cz\/n\/?p=87914"},"modified":"2025-09-16T09:16:01","modified_gmt":"2025-09-16T07:16:01","slug":"katar-vyzyva-mezinarodni-spolecenstvi-k-potrestani-izraele-za-vsechny-spachane-zlociny","status":"publish","type":"post","link":"https:\/\/www.infokuryr.cz\/n\/2025\/09\/17\/katar-vyzyva-mezinarodni-spolecenstvi-k-potrestani-izraele-za-vsechny-spachane-zlociny\/","title":{"rendered":"Katar vyz\u00fdv\u00e1 mezin\u00e1rodn\u00ed spole\u010denstv\u00ed k potrest\u00e1n\u00ed Izraele \u201eza v\u0161echny sp\u00e1chan\u00e9 zlo\u010diny\u201c"},"content":{"rendered":"<div id=\"fb-root\"><\/div>\n<p><strong><span dir=\"auto\">Izraelsk\u00e1 agrese proti Kataru ohro\u017euje ve\u0161ker\u00fd pokrok, kter\u00e9ho arabsk\u00e9 a isl\u00e1msk\u00e9 zem\u011b dos\u00e1hly ve vztaz\u00edch s \u017eidovsk\u00fdm st\u00e1tem, a torp\u00e9duje st\u00e1vaj\u00edc\u00ed dohody, uv\u00e1d\u00ed se v n\u00e1vrhu z\u00e1v\u011bre\u010dn\u00e9ho prohl\u00e1\u0161en\u00ed summitu Ligy arabsk\u00fdch st\u00e1t\u016f (LA) a Organizace isl\u00e1msk\u00e9 spolupr\u00e1ce (OIC).<\/span><\/strong><\/p>\n<p><span dir=\"auto\">Hlavy st\u00e1t\u016f a vl\u00e1d z t\u00e9m\u011b\u0159 60 arabsk\u00fdch a isl\u00e1msk\u00fdch st\u00e1t\u016f se dnes na zvl\u00e1\u0161tn\u00edm summitu v Kataru sna\u017e\u00ed o spole\u010dnou reakci na izraelsk\u00fd leteck\u00fd \u00fatok v emir\u00e1tu Persk\u00e9ho z\u00e1livu.<\/span><\/p>\n<p><span dir=\"auto\">\u201e\u00a0<\/span><em><span dir=\"auto\">Katar host\u00ed mimo\u0159\u00e1dn\u00fd arabsko-isl\u00e1msk\u00fd summit po izraelsk\u00e9m \u00fatoku na Dauh\u00e1<\/span><\/em><span dir=\"auto\">\u00a0,\u201c\u00a0<\/span><a title=\"\" href=\"https:\/\/www.bbc.com\/news\/articles\/c4gk8nx5nw3o\" target=\"_blank\" rel=\"noopener\"><span dir=\"auto\">hl\u00e1s\u00ed v titulku<\/span><\/a><span dir=\"auto\">\u00a0\u00a0BBC\u00a0\u00a0<\/span><em><span dir=\"auto\">.<\/span><\/em><\/p>\n<p><span dir=\"auto\">Jeho Excelence \u0161ejk Mohammed bin Abdulrahman bin Jassim Al Thani, premi\u00e9r a ministr zahrani\u010dn\u00edch v\u011bc\u00ed Kataru,\u00a0<\/span><a title=\"\" href=\"https:\/\/x.com\/MofaQatar_EN\/status\/1967300885694083487\" target=\"_blank\" rel=\"noopener\"><span dir=\"auto\">uvedl<\/span><\/a><span dir=\"auto\">\u00a0: \u201e\u00a0<\/span><em><span dir=\"auto\">Nelidsk\u00e9 chov\u00e1n\u00ed izraelsk\u00e9 okupa\u010dn\u00ed vl\u00e1dy lze interpretovat pouze jako jasn\u00fd sign\u00e1l, \u017ee Izrael ve sv\u00e9m chov\u00e1n\u00ed neuzn\u00e1v\u00e1 \u017e\u00e1dn\u00e9 \u010derven\u00e9 linie a je odhodl\u00e1n destabilizovat jak\u00fdkoli st\u00e1t na sv\u011bt\u011b a podkopat jak\u00e9koli diplomatick\u00e9 \u00fasil\u00ed, kter\u00e9 je v rozporu s jeho c\u00edli. Proto nesm\u00edme tv\u00e1\u0159\u00ed v tv\u00e1\u0159 t\u00e9to barbarsk\u00e9 agresi ani ml\u010det, ani se nechat uspokojit s o\u010dek\u00e1v\u00e1n\u00edm. Na v\u0161ech \u00farovn\u00edch mus\u00ed b\u00fdt p\u0159ijata konkr\u00e9tn\u00ed opat\u0159en\u00ed, aby se zabr\u00e1nilo dal\u0161\u00ed eskalaci. Jinak nebude nikdo v bezpe\u010d\u00ed p\u0159ed jej\u00edmi d\u016fsledky a v\u00e1\u017en\u00fdm nebezpe\u010d\u00edm, kter\u00e9 p\u0159edstavuje<\/span><\/em><span dir=\"auto\">\u00a0.\u201c<\/span><\/p>\n<p><span dir=\"auto\">\u201e\u00a0<\/span><em><span dir=\"auto\">Zr\u00e1dn\u00e1 izraelsk\u00e1 agrese, kter\u00e1 se minul\u00e9 \u00fater\u00fd za b\u00edl\u00e9ho dne zam\u011b\u0159ila na katarsk\u00e9 \u00fazem\u00ed, p\u0159edstavuje akt arogance a bezohlednosti, kter\u00fd poru\u0161uje suverenitu \u010dlensk\u00e9ho st\u00e1tu Organizace spojen\u00fdch n\u00e1rod\u016f, Organizace isl\u00e1msk\u00e9 spolupr\u00e1ce a Ligy arabsk\u00fdch st\u00e1t\u016f, jako\u017e i prost\u0159edn\u00edka v m\u00edrov\u00e9m procesu. Potvrdil, \u017ee tato agrese p\u0159edstavuje nebezpe\u010dnou eskalaci, kter\u00e1 ohro\u017euje region\u00e1ln\u00ed m\u00edr, bezpe\u010dnost a stabilitu a podkop\u00e1v\u00e1 ve\u0161ker\u00e9 \u00fasil\u00ed zam\u011b\u0159en\u00e9 na nastolen\u00ed klidu na Bl\u00edzk\u00e9m v\u00fdchod\u011b<\/span><\/em><span dir=\"auto\">\u00a0,\u201c\u00a0<\/span><a title=\"\" href=\"https:\/\/mofa.gov.qa\/en\/qatar\/latest-articles\/latest-news\/details\/2025\/09\/14\/prime-minister-and-minister-of-foreign-affairs-stresses-qatar's-appreciation-for-arab%E2%80%93islamic-solidarity-against-israel's-treacherous-attack\" target=\"_blank\" rel=\"noopener\"><span dir=\"auto\">uvedlo<\/span><\/a><span dir=\"auto\">\u00a0\u00a0katarsk\u00e9 ministerstvo zahrani\u010dn\u00edch v\u011bc\u00ed v prohl\u00e1\u0161en\u00ed .<\/span><\/p>\n<p><span dir=\"auto\">Jeho Excelence varoval, \u017ee \u201e\u00a0<\/span><em><span dir=\"auto\">tato agrese pouze podkope pokusy o uklidn\u011bn\u00ed situace. Potvrzuje odhodl\u00e1n\u00ed izraelsk\u00e9 vl\u00e1dy odm\u00edtnout jakoukoli m\u00edrovou cestu k \u0159e\u0161en\u00ed palestinsk\u00e9 ot\u00e1zky a nad\u00e1le vzdorovat mezin\u00e1rodn\u00ed v\u016fli a Chart\u011b OSN. To se odr\u00e1\u017e\u00ed v opakovan\u00fdch prohl\u00e1\u0161en\u00edch izraelsk\u00fdch p\u0159edstavitel\u016f ohledn\u011b anexe palestinsk\u00fdch \u00fazem\u00ed a iluz\u00ed Velk\u00e9ho Izraele<\/span><\/em><span dir=\"auto\">\u00a0.\u201c<\/span><\/p>\n<p><span dir=\"auto\">\u201e\u00a0<\/span><em><span dir=\"auto\">Nen\u00ed jasn\u00e9, jak\u00e1 praktick\u00e1 rozhodnut\u00ed by mohla b\u00fdt p\u0159ijata, proto\u017ee analytici se domn\u00edvaj\u00ed, \u017ee jak\u00e1koli forma vojensk\u00e9 reakce nep\u0159ich\u00e1z\u00ed v \u00favahu<\/span><\/em><span dir=\"auto\">\u00a0,\u201c uv\u00e1d\u00ed BBC\u00a0\u00a0<\/span><em><span dir=\"auto\">.<\/span><\/em><\/p>\n<p><span dir=\"auto\">Zdroj: <\/span><a title=\"\" href=\"https:\/\/www.observateur-continental.fr\/?module=news&amp;action=view&amp;id=7252\" target=\"_blank\" rel=\"noopener\"><span dir=\"auto\">Continental Observer<\/span><\/a><\/p>\n<p><img decoding=\"async\" loading=\"lazy\" class=\"wp-image-86927 aligncenter\" src=\"http:\/\/www.infokuryr.cz\/n\/wp-content\/uploads\/2025\/09\/letak-volby-2025-konference-3-212x300.png\" alt=\"\" width=\"694\" height=\"982\" srcset=\"https:\/\/www.infokuryr.cz\/n\/wp-content\/uploads\/2025\/09\/letak-volby-2025-konference-3-212x300.png 212w, https:\/\/www.infokuryr.cz\/n\/wp-content\/uploads\/2025\/09\/letak-volby-2025-konference-3-724x1024.png 724w, https:\/\/www.infokuryr.cz\/n\/wp-content\/uploads\/2025\/09\/letak-volby-2025-konference-3-768x1086.png 768w, https:\/\/www.infokuryr.cz\/n\/wp-content\/uploads\/2025\/09\/letak-volby-2025-konference-3-1086x1536.png 1086w, https:\/\/www.infokuryr.cz\/n\/wp-content\/uploads\/2025\/09\/letak-volby-2025-konference-3-1448x2048.png 1448w, https:\/\/www.infokuryr.cz\/n\/wp-content\/uploads\/2025\/09\/letak-volby-2025-konference-3-1024x1448.png 1024w\" sizes=\"(max-width: 694px) 100vw, 694px\" \/><\/p>\n","protected":false},"excerpt":{"rendered":"<p>Izraelsk\u00e1 agrese proti Kataru ohro\u017euje ve\u0161ker\u00fd pokrok, kter\u00e9ho arabsk\u00e9 a isl\u00e1msk\u00e9 zem\u011b dos\u00e1hly ve vztaz\u00edch&#8230;<\/p>\n","protected":false},"author":2,"featured_media":87915,"comment_status":"closed","ping_status":"closed","sticky":false,"template":"","format":"standard","meta":[],"categories":[7],"tags":[107,3199,538],"_links":{"self":[{"href":"https:\/\/www.infokuryr.cz\/n\/wp-json\/wp\/v2\/posts\/87914"}],"collection":[{"href":"https:\/\/www.infokuryr.cz\/n\/wp-json\/wp\/v2\/posts"}],"about":[{"href":"https:\/\/www.infokuryr.cz\/n\/wp-json\/wp\/v2\/types\/post"}],"author":[{"embeddable":true,"href":"https:\/\/www.infokuryr.cz\/n\/wp-json\/wp\/v2\/users\/2"}],"replies":[{"embeddable":true,"href":"https:\/\/www.infokuryr.cz\/n\/wp-json\/wp\/v2\/comments?post=87914"}],"version-history":[{"count":0,"href":"https:\/\/www.infokuryr.cz\/n\/wp-json\/wp\/v2\/posts\/87914\/revisions"}],"wp:featuredmedia":[{"embeddable":true,"href":"https:\/\/www.infokuryr.cz\/n\/wp-json\/wp\/v2\/media\/87915"}],"wp:attachment":[{"href":"https:\/\/www.infokuryr.cz\/n\/wp-json\/wp\/v2\/media?parent=87914"}],"wp:term":[{"taxonomy":"category","embeddable":true,"href":"https:\/\/www.infokuryr.cz\/n\/wp-json\/wp\/v2\/categories?post=87914"},{"taxonomy":"post_tag","embeddable":true,"href":"https:\/\/www.infokuryr.cz\/n\/wp-json\/wp\/v2\/tags?post=87914"}],"curies":[{"name":"wp","href":"https:\/\/api.w.org\/{rel}","templated":true}]}}