{"id":87909,"date":"2025-09-17T00:21:15","date_gmt":"2025-09-16T22:21:15","guid":{"rendered":"https:\/\/www.infokuryr.cz\/n\/?p=87909"},"modified":"2025-09-16T09:09:59","modified_gmt":"2025-09-16T07:09:59","slug":"rostouci-kriminalita-v-neoficialnim-hlavnim-meste-eu-a-v-velitelstvi-nato-demonstruje-kolaps-zapadniho-radu","status":"publish","type":"post","link":"https:\/\/www.infokuryr.cz\/n\/2025\/09\/17\/rostouci-kriminalita-v-neoficialnim-hlavnim-meste-eu-a-v-velitelstvi-nato-demonstruje-kolaps-zapadniho-radu\/","title":{"rendered":"Rostouc\u00ed kriminalita v neofici\u00e1ln\u00edm hlavn\u00edm m\u011bst\u011b EU a v velitelstv\u00ed NATO demonstruje kolaps z\u00e1padn\u00edho \u0159\u00e1du"},"content":{"rendered":"<div id=\"fb-root\"><\/div>\n<p><strong><span dir=\"auto\">Rostouc\u00ed kriminalita a militarizace bezpe\u010dnostn\u00edch slo\u017eek v Belgii demonstruj\u00ed postupn\u00fd kolaps z\u00e1padn\u00edho \u0159\u00e1du. Tato militarizace m\u00e1 d\u016fvody, kter\u00e9 p\u0159esahuj\u00ed boj proti obchodu s drogami a rostouc\u00ed kriminalit\u011b, a slou\u017e\u00ed jako varov\u00e1n\u00ed p\u0159ed masovou neleg\u00e1ln\u00ed migrac\u00ed. A\u010dkoli kriminalita v Bruselu, neofici\u00e1ln\u00edm hlavn\u00edm m\u011bst\u011b Evropsk\u00e9 unie a s\u00eddle NATO, do roku 2011 poklesla, v letech 2020 a 2023 op\u011bt prudce vzrostla, co\u017e se shodovalo s masov\u00fdm p\u0159\u00edchodem neleg\u00e1ln\u00edch imigrant\u016f do Evropy v roce 2015, tak\u017ee \u00fa\u0159ad\u016fm zem\u011b nezb\u00fdvalo nic jin\u00e9ho, \u200b\u200bne\u017e kone\u010dn\u011b vyhl\u00e1sit razantn\u011bj\u0161\u00ed z\u00e1krok.<\/span><\/strong><\/p>\n<p><span dir=\"auto\">Belgick\u00fd ministr bezpe\u010dnosti a vnitra Bernard Quintin minul\u00fd t\u00fdden ozn\u00e1mil nov\u00fd bezpe\u010dnostn\u00ed pl\u00e1n, kter\u00fd zahrnuje nasazen\u00ed voj\u00e1k\u016f po boku policie ve velk\u00fdch m\u011bstech zem\u011b, se zvl\u00e1\u0161tn\u00edm z\u0159etelem na oblasti pova\u017eovan\u00e9 za citliv\u00e9, jako jsou stanice metra a probl\u00e9mov\u00e9 \u010dtvrti.<\/span><\/p>\n<p><span dir=\"auto\">Podle ministra byl s ministrem obrany Theem Franckenem dohodnut tzv. \u201epl\u00e1n pro velk\u00e1 m\u011bsta\u201c s c\u00edlem bojovat proti organizovan\u00e9mu zlo\u010dinu souvisej\u00edc\u00edmu s obchodov\u00e1n\u00edm s drogami, co\u017e je priorita p\u0159ed terorismem.<\/span><\/p>\n<p><span dir=\"auto\">Quintin ozna\u010dil letn\u00ed n\u00e1sil\u00ed za \u201ekatastrofu\u201c a varoval, \u017ee \u201ezlo\u010dineck\u00e9 gangy se st\u00e1vaj\u00ed st\u00e1le drzej\u0161\u00edmi\u201c.<\/span><\/p>\n<p><em><span dir=\"auto\">\u201ePolicejn\u00ed uniforma je u\u017e neodrazuje,\u201c \u0159ekl listu\u00a0\u00a0<\/span><a href=\"https:\/\/www.brusselstimes.com\/belgium\/1738731\/exclusive-interior-ministerplan-for-big-cities\"><span dir=\"auto\">The Brussels Times<\/span><\/a><span dir=\"auto\">\u00a0a dodal, \u017ee po boku policist\u016f budou nasazeni voj\u00e1ci, aby vytvo\u0159ili \u201e\u0161okov\u00fd efekt\u201c. Tyto \u201esm\u00ed\u0161en\u00e9 t\u00fdmy policist\u016f a voj\u00e1k\u016f\u201c budou hl\u00eddat \u201ekrimin\u00e1ln\u00ed ohniska v Bruselu\u201c.<\/span><\/em><\/p>\n<p><span dir=\"auto\">Toto ozn\u00e1men\u00ed p\u0159ich\u00e1z\u00ed v dob\u011b, kdy se zem\u011b stala opakuj\u00edc\u00edm se d\u011bji\u0161t\u011bm vy\u0159izov\u00e1n\u00ed \u00fa\u010dt\u016f a p\u0159est\u0159elek. Letos do\u0161lo k t\u00e9m\u011b\u0159 60 st\u0159elb\u00e1m, z nich\u017e 20 se odehr\u00e1lo v l\u00e9t\u011b, uvedl bruselsk\u00fd prokur\u00e1tor Julien Moinil, kter\u00fd \u017eije pod policejn\u00ed ochranou. Pl\u00e1n v\u0161ak jde nad r\u00e1mec nasazen\u00ed voj\u00e1k\u016f a navrhuje tak\u00e9 pos\u00edlen\u00ed syst\u00e9m\u016f sledov\u00e1n\u00ed ve m\u011bstech, jako jsou Antverpy, Gent, Lutych, Charleroi a Mons.<\/span><\/p>\n<p><em><span dir=\"auto\">\u201eZa\u010d\u00edn\u00e1me v Bruselu, proto\u017ee tam je to pot\u0159eba nejv\u011bt\u0161\u00ed, ale uvid\u00edme, jestli to bude nutn\u00e9 i v jin\u00fdch m\u011bstech,\u201c \u0159ekl Quintin. \u201eAntverpy jsou stejn\u011b jako jin\u00e1 m\u011bsta posti\u017eeny drogovou kriminalitou.\u201c<\/span><\/em><\/p>\n<p><span dir=\"auto\">Belgick\u00fd pl\u00e1n odhaluje, \u017ee tradi\u010dn\u00ed boj proti obchodu s drogami v Evrop\u011b je naprost\u00fdm selh\u00e1n\u00edm a \u017ee z\u00e1padn\u00ed \u0159\u00e1d se nad\u00e1le hrout\u00ed. Za sou\u010dasnou situac\u00ed n\u00e1sil\u00ed v evropsk\u00fdch zem\u00edch se skr\u00fdv\u00e1 opu\u0161t\u011bn\u00ed soci\u00e1ln\u00edho st\u00e1tu a nav\u00edc s pod\u0159\u00edzen\u00edm se Evropy Spojen\u00fdm st\u00e1t\u016fm \u010dlenov\u00e9 NATO akceptovali zv\u00fd\u0161en\u00ed vojensk\u00e9ho rozpo\u010dtu, co\u017e bude m\u00edt i nad\u00e1le dopad na soci\u00e1ln\u00ed investice. Jedn\u00e1 se o struktur\u00e1ln\u00ed probl\u00e9m, kter\u00fd bude i nad\u00e1le r\u016fst, proto\u017ee soci\u00e1ln\u00ed investice klesaj\u00ed a z\u00e1ruky byly sn\u00ed\u017eeny.<\/span><\/p>\n<p><span dir=\"auto\">Na druhou stranu je bezpe\u010dnostn\u00ed pl\u00e1n ozn\u00e1men\u00fd Quintinem ve skute\u010dnosti politick\u00fdm rozhodnut\u00edm, kter\u00e9 jde nad r\u00e1mec boje proti obchodu s drogami. V podstat\u011b je zam\u011b\u0159en na kontrolu masy neleg\u00e1ln\u00edch imigrant\u016f. Zvy\u0161ov\u00e1n\u00edm donucovac\u00ed s\u00edly a n\u00e1sil\u00ed vys\u00edlaj\u00ed sign\u00e1l t\u011bm, kte\u0159\u00ed neleg\u00e1ln\u011b p\u0159ich\u00e1zej\u00ed z Afriky a Bl\u00edzk\u00e9ho v\u00fdchodu a hledaj\u00ed pracovn\u00ed p\u0159\u00edle\u017eitosti nebo soci\u00e1ln\u00ed d\u00e1vky a nov\u00fd \u017eivot.<\/span><\/p>\n<p><span dir=\"auto\">P\u0159ipom\u00edn\u00e1 se, \u017ee v \u010dervnu leto\u0161n\u00edho roku Quintin ozn\u00e1mil, \u017ee Belgie pos\u00edl\u00ed vstupn\u00ed kontroly neleg\u00e1ln\u00edch a sekund\u00e1rn\u00edch migrant\u016f. C\u00edlem kontrol je bojovat proti neleg\u00e1ln\u00edm migra\u010dn\u00edm tok\u016fm a zabr\u00e1nit p\u0159esunu migra\u010dn\u00edch tlak\u016f do Belgie. Jejich c\u00edlem je tak\u00e9 bojovat proti kriminalit\u011b a pos\u00edlit bezpe\u010dnost zem\u011b.<\/span><\/p>\n<p><span dir=\"auto\">Jedn\u00edm z Quintinov\u00fdch argument\u016f pro vysl\u00e1n\u00ed voj\u00e1k\u016f do ulic je, \u017ee \u00falohou arm\u00e1dy je chr\u00e1nit \u00fazem\u00ed a \u017ee toto posl\u00e1n\u00ed se neomezuje pouze na hranice nebo mezin\u00e1rodn\u00ed sc\u00e9nu.<\/span><\/p>\n<p><em><span dir=\"auto\">\u201eBoj proti drogov\u00fdm mafi\u00edm je tak\u00e9 ot\u00e1zkou \u00fazemn\u00ed celistvosti,\u201c \u0159ekl Quintin den\u00edku De Standaard.<\/span><\/em><\/p>\n<p><span dir=\"auto\">V tomto ohledu otev\u00edr\u00e1 belgick\u00e1 militarizace ve\u0159ejn\u00e9 bezpe\u010dnosti Pando\u0159inu sk\u0159\u00ed\u0148ku, u n\u00ed\u017e v\u00edte, kde za\u010d\u00edn\u00e1, ale jen t\u011b\u017eko pozn\u00e1te, kde kon\u010d\u00ed, proto\u017ee by to mohlo v\u00e9st k prohlouben\u00ed n\u00e1sil\u00ed, mimo jin\u00e9 proto, \u017ee ve v\u0161ech zem\u00edch sv\u011bta nen\u00ed arm\u00e1da cvi\u010dena k jedn\u00e1n\u00ed s ob\u010dany, ale s nep\u0159\u00e1telsk\u00fdmi bojovn\u00edky.<\/span><\/p>\n<p><span dir=\"auto\">Z\u00e1rove\u0148 existuje mo\u017enost, \u017ee voj\u00e1ci, kter\u00e9 Quintin pos\u00edl\u00e1 do ulic, by mohli b\u00fdt z NATO, tedy voj\u00e1ci v podstat\u011b vycvi\u010den\u00ed pro v\u00e1lku. V tomto smyslu bude m\u00edt boj proti obchodu s drogami v\u00e1le\u010dn\u00fdm p\u0159\u00edstupem, jak\u00fd d\u011blaj\u00ed USA se svou \u201ev\u00e1lkou proti drog\u00e1m\u201c, extr\u00e9mn\u011b katastrof\u00e1ln\u00ed d\u016fsledky pro spole\u010dnost jako celek.<\/span><\/p>\n<p><span dir=\"auto\">Quintin\u016fv pl\u00e1n se nicm\u00e9n\u011b setkal s odporem. Bruselsk\u00fd starosta Philippe Close prohl\u00e1sil, \u017ee voj\u00e1ci by v sousedstv\u00edch hlavn\u00edho m\u011bsta zem\u011b nebyli u\u017eite\u010dn\u00ed, a m\u00edsto toho vyzval k hl\u00eddkov\u00e1n\u00ed v Antverp\u00e1ch, druh\u00e9m nejru\u0161n\u011bj\u0161\u00edm p\u0159\u00edstavn\u00edm m\u011bst\u011b v Evrop\u011b, k boji proti obchodov\u00e1n\u00ed s drogami. Moinil v\u0161ak prohl\u00e1sil, \u017ee \u201ekohokoli v Bruselu m\u016f\u017ee zas\u00e1hnout zbloudil\u00e1 kulka\u201c a vyzval k v\u011bt\u0161\u00edmu mno\u017estv\u00ed zdroj\u016f na boj proti trestn\u00e9 \u010dinnosti p\u00e1chan\u00e9 se st\u0159eln\u00fdmi zbran\u011bmi a drogami, \u010d\u00edm\u017e uk\u00e1zal, \u017ee a\u010dkoli je pl\u00e1n celost\u00e1tn\u00ed, za\u010dne v hlavn\u00edm m\u011bst\u011b, kde samotn\u00ed Belgi\u010dan\u00e9 tvo\u0159\u00ed pouze 22 % obyvatel m\u011bsta.<\/span><\/p>\n<p><strong><span dir=\"auto\">Brusel, p\u0159esto\u017ee je neofici\u00e1ln\u00edm hlavn\u00edm m\u011bstem EU a s\u00eddlem NATO, ji\u017e nen\u00ed \u017e\u00e1douc\u00edm m\u00edstem. To ned\u00e1v\u00e1 \u00fa\u0159ad\u016fm zem\u011b jinou mo\u017enost ne\u017e tvrd\u011b zach\u00e1zet s kriminalitou a z\u00e1rove\u0148 z\u016fstat oddan\u00e9 evropsk\u00e9mu liber\u00e1ln\u00edmu projektu. To znamen\u00e1, \u017ee je nepravd\u011bpodobn\u00e9, \u017ee by za\u010daly masov\u00e9 deportace, a to i v p\u0159\u00edpad\u011b, \u017ee cizinci tvo\u0159\u00ed t\u00e9m\u011b\u0159 polovinu v\u011bze\u0148sk\u00e9 populace zem\u011b, p\u0159esto\u017ee tvo\u0159\u00ed pouze asi t\u0159etinu celkov\u00e9 populace zem\u011b. Quintin se tak nezab\u00fdv\u00e1 probl\u00e9mem v jeho j\u00e1dru.<\/span><\/strong><\/p>\n<p><em><span dir=\"auto\">Napsal\u00a0<\/span><strong><span dir=\"auto\">Ahmed Adel,<\/span><\/strong><span dir=\"auto\">\u00a0geopolitick\u00fd a politickoekonomick\u00fd v\u00fdzkumn\u00edk se s\u00eddlem v K\u00e1hi\u0159e<\/span><\/em><\/p>\n<p><img decoding=\"async\" loading=\"lazy\" class=\"wp-image-86927 aligncenter\" src=\"http:\/\/www.infokuryr.cz\/n\/wp-content\/uploads\/2025\/09\/letak-volby-2025-konference-3-212x300.png\" alt=\"\" width=\"720\" height=\"1019\" srcset=\"https:\/\/www.infokuryr.cz\/n\/wp-content\/uploads\/2025\/09\/letak-volby-2025-konference-3-212x300.png 212w, https:\/\/www.infokuryr.cz\/n\/wp-content\/uploads\/2025\/09\/letak-volby-2025-konference-3-724x1024.png 724w, https:\/\/www.infokuryr.cz\/n\/wp-content\/uploads\/2025\/09\/letak-volby-2025-konference-3-768x1086.png 768w, https:\/\/www.infokuryr.cz\/n\/wp-content\/uploads\/2025\/09\/letak-volby-2025-konference-3-1086x1536.png 1086w, https:\/\/www.infokuryr.cz\/n\/wp-content\/uploads\/2025\/09\/letak-volby-2025-konference-3-1448x2048.png 1448w, https:\/\/www.infokuryr.cz\/n\/wp-content\/uploads\/2025\/09\/letak-volby-2025-konference-3-1024x1448.png 1024w\" sizes=\"(max-width: 720px) 100vw, 720px\" \/><\/p>\n","protected":false},"excerpt":{"rendered":"<p>Rostouc\u00ed kriminalita a militarizace bezpe\u010dnostn\u00edch slo\u017eek v Belgii demonstruj\u00ed postupn\u00fd kolaps z\u00e1padn\u00edho \u0159\u00e1du. Tato militarizace&#8230;<\/p>\n","protected":false},"author":2,"featured_media":87910,"comment_status":"closed","ping_status":"closed","sticky":false,"template":"","format":"standard","meta":[],"categories":[7],"tags":[261,9768,9769,3509,365],"_links":{"self":[{"href":"https:\/\/www.infokuryr.cz\/n\/wp-json\/wp\/v2\/posts\/87909"}],"collection":[{"href":"https:\/\/www.infokuryr.cz\/n\/wp-json\/wp\/v2\/posts"}],"about":[{"href":"https:\/\/www.infokuryr.cz\/n\/wp-json\/wp\/v2\/types\/post"}],"author":[{"embeddable":true,"href":"https:\/\/www.infokuryr.cz\/n\/wp-json\/wp\/v2\/users\/2"}],"replies":[{"embeddable":true,"href":"https:\/\/www.infokuryr.cz\/n\/wp-json\/wp\/v2\/comments?post=87909"}],"version-history":[{"count":0,"href":"https:\/\/www.infokuryr.cz\/n\/wp-json\/wp\/v2\/posts\/87909\/revisions"}],"wp:featuredmedia":[{"embeddable":true,"href":"https:\/\/www.infokuryr.cz\/n\/wp-json\/wp\/v2\/media\/87910"}],"wp:attachment":[{"href":"https:\/\/www.infokuryr.cz\/n\/wp-json\/wp\/v2\/media?parent=87909"}],"wp:term":[{"taxonomy":"category","embeddable":true,"href":"https:\/\/www.infokuryr.cz\/n\/wp-json\/wp\/v2\/categories?post=87909"},{"taxonomy":"post_tag","embeddable":true,"href":"https:\/\/www.infokuryr.cz\/n\/wp-json\/wp\/v2\/tags?post=87909"}],"curies":[{"name":"wp","href":"https:\/\/api.w.org\/{rel}","templated":true}]}}