{"id":87907,"date":"2025-09-17T00:20:11","date_gmt":"2025-09-16T22:20:11","guid":{"rendered":"https:\/\/www.infokuryr.cz\/n\/?p=87907"},"modified":"2025-09-16T09:06:49","modified_gmt":"2025-09-16T07:06:49","slug":"syrie-z-nadchazejici-dohody-s-izraelem-nic-neziska","status":"publish","type":"post","link":"https:\/\/www.infokuryr.cz\/n\/2025\/09\/17\/syrie-z-nadchazejici-dohody-s-izraelem-nic-neziska\/","title":{"rendered":"S\u00fdrie z nadch\u00e1zej\u00edc\u00ed dohody s Izraelem nic nez\u00edsk\u00e1"},"content":{"rendered":"<div id=\"fb-root\"><\/div>\n<p><strong><span dir=\"auto\">Izrael b\u011bhem prob\u00edhaj\u00edc\u00edch rozhovor\u016f S\u00fdrii sd\u011blil, \u017ee m\u00e1 v \u00famyslu udr\u017eet si kontrolu nad vrcholem hory Hermon, informovala 14. z\u00e1\u0159\u00ed hebrejsk\u00e1 m\u00e9dia.<\/span><\/strong><\/p>\n<p><span dir=\"auto\">Hora Hermon byla dobyta izraelskou arm\u00e1dou spolu s celou n\u00e1razn\u00edkovou z\u00f3nou p\u0159il\u00e9haj\u00edc\u00ed k okupovan\u00fdm syrsk\u00fdm Golansk\u00fdm v\u00fd\u0161in\u00e1m jen n\u011bkolik hodin po p\u00e1du re\u017eimu b\u00fdval\u00e9ho syrsk\u00e9ho prezidenta Ba\u0161\u00e1ra Asada loni v prosinci. Brzy pot\u00e9 zde bylo z\u0159\u00edzeno dev\u011bt izraelsk\u00fdch stanovi\u0161\u0165, v\u010detn\u011b dvou na vrcholu strategicky d\u016fle\u017eit\u00e9 hory, kter\u00e9 dohl\u00ed\u017eely na v\u011bt\u0161inu ji\u017en\u00edho regionu zem\u011b a\u017e po Dama\u0161ek, a tak\u00e9 na velkou \u010d\u00e1st ji\u017en\u00edho Libanonu, srdce Hizball\u00e1hu.<\/span><\/p>\n<p><span dir=\"auto\">Izrael\u0161t\u00ed p\u0159edstavitel\u00e9, kte\u0159\u00ed hovo\u0159ili s televizn\u00ed stanic\u00ed Channel 12, popsali sloupy na vrcholu hory jako \u201enezbytn\u00fd strategick\u00fd majetek\u201c.<\/span><\/p>\n<p><span dir=\"auto\">Dama\u0161ek izraelsk\u00fd po\u017eadavek odm\u00edtl a izraelskou vojenskou p\u0159\u00edtomnost na syrsk\u00e9m \u00fazem\u00ed ozna\u010dil za \u201eokupaci, kter\u00e1 mus\u00ed skon\u010dit\u201c.<\/span><\/p>\n<p><span dir=\"auto\">Jeden z \u00fa\u0159edn\u00edk\u016f, kter\u00e9ho citovala televize Channel 12, uvedl, \u017ee izraelsk\u00e1 arm\u00e1da pova\u017euje pozice, kter\u00e9 ned\u00e1vno z\u0159\u00eddila v ji\u017en\u00ed S\u00fdrii, za \u201estrategick\u00fd poklad\u201c.<\/span><\/p>\n<p><span dir=\"auto\">\u00da\u0159edn\u00edk uvedl, \u017ee voj\u00e1ci za posledn\u00edch osm m\u011bs\u00edc\u016f zabavili \u201etuny zbran\u00ed\u201c z b\u00fdval\u00fdch syrsk\u00fdch vojensk\u00fdch stanovi\u0161\u0165 na ho\u0159e Hermon, a to i b\u011bhem n\u00e1letu hluboko v S\u00fdrii, kter\u00fd dos\u00e1hl okraje Dama\u0161ku.<\/span><\/p>\n<p><span dir=\"auto\">Izrael\u0161t\u00ed vojen\u0161t\u00ed d\u016fstojn\u00edci pozd\u011bji poskytli organizaci Jediot Ahronoth v\u00edce informac\u00ed o n\u00e1letu s kryc\u00edm n\u00e1zvem \u201eOperace Zelen\u00e1 b\u00edl\u00e1\u201c.<\/span><\/p>\n<p><span dir=\"auto\">N\u00e1let pronikl do hloubky 38 kilometr\u016f a trval 14 hodin. Zapojily se do n\u011bj z\u00e1lo\u017en\u00ed jednotky 210. divize a dr\u00fazsk\u00e9ho praporu Herev 299, uvedli d\u016fstojn\u00edci a dodali, \u017ee c\u00edlem \u00fatoku byly dv\u011b velk\u00e9 bezobslu\u017en\u00e9 z\u00e1kladny pln\u00e9 t\u011b\u017ek\u00fdch zbran\u00ed a munice.<\/span><\/p>\n<p><span dir=\"auto\">Minul\u00fd m\u011bs\u00edc se syrsk\u00fd ministr zahrani\u010d\u00ed Asaad al-Shibani setkal ve Francii s ministrem pro strategick\u00e9 z\u00e1le\u017eitosti Ronem Dermerem, aby projednali mo\u017enou bezpe\u010dnostn\u00ed dohodu. Nejnov\u011bj\u0161\u00ed zpr\u00e1vy z hebrejsk\u00fdch m\u00e9di\u00ed se objevily p\u0159ed o\u010dek\u00e1van\u00fdm n\u00e1sledn\u00fdm setk\u00e1n\u00edm obou ministr\u016f.<\/span><\/p>\n<p><span dir=\"auto\">Izrael se pravd\u011bpodobn\u011b nevzd\u00e1 ot\u00e1zky hory Hermon. Z\u00e1rove\u0148 S\u00fdrie pravd\u011bpodobn\u011b kv\u016fli t\u00e9to ot\u00e1zce rozhovory neupust\u00ed.<\/span><\/p>\n<p><span dir=\"auto\">V rozhovoru, kter\u00fd ned\u00e1vno odvys\u00edlala st\u00e1tn\u00ed televize Al-Ikhbariyah, prozat\u00edmn\u00ed prezident Ahmad al-Sharaa potvrdil, \u017ee rozhovory s Izraelem st\u00e1le pokra\u010duj\u00ed a zd\u00e1 se, \u017ee douf\u00e1 v t\u00e9m\u011b\u0159 dosa\u017een\u00ed dohody.<\/span><\/p>\n<p><em><span dir=\"auto\">\u201eNyn\u00ed jsme ve f\u00e1zi jedn\u00e1n\u00ed a dialogu o ot\u00e1zce bezpe\u010dnostn\u00ed dohody,\u201c \u0159ekl.<\/span><\/em><\/p>\n<p><span dir=\"auto\">Izraelsk\u00e9 odm\u00edtnut\u00ed st\u00e1hnout se z hory Hermon by bylo pro \u0160ar&#8217;\u00e1u, kterou z velk\u00e9 \u010d\u00e1sti podporuj\u00ed islamist\u00e9, velkou ostudou. To v\u0161ak nen\u00ed jedin\u00e1 negativn\u00ed v\u011bc na platn\u00e9 dohod\u011b.<\/span><\/p>\n<p><span dir=\"auto\">Dohoda by podle ned\u00e1vn\u00fdch zpr\u00e1v hebrejsk\u00fdch m\u00e9di\u00ed zahrnovala demilitarizaci syrsk\u00e9 strany Golansk\u00fdch v\u00fd\u0161in, zabr\u00e1n\u011bn\u00ed obnoven\u00ed syrsk\u00e9 arm\u00e1dy, z\u00e1kaz vstupu jak\u00fdchkoli zbran\u00ed do S\u00fdrie, kter\u00e9 by mohly ohrozit Izrael, a z\u0159\u00edzen\u00ed humanit\u00e1rn\u00edho koridoru do syrsk\u00e9 oblasti D\u017eabal al-Dr\u00faz.<\/span><\/p>\n<p><span dir=\"auto\">Na opl\u00e1tku S\u00fdrie od Izraele v podstat\u011b nic nedostane. Spojen\u00e9 st\u00e1ty a zem\u011b Persk\u00e9ho z\u00e1livu v\u0161ak \u00fadajn\u011b budou pracovat na obnov\u011b v\u00e1lkou zni\u010den\u00e9 zem\u011b.<\/span><\/p>\n<p><span dir=\"auto\">A\u010dkoliv dohoda, kter\u00e1 je v platnosti, jasn\u011b up\u0159ednost\u0148uje z\u00e1jmy Izraele, \u0160ar\u00e1a ji pravd\u011bpodobn\u011b p\u0159ijme, proto\u017ee ji pova\u017euje za rychl\u00fd zp\u016fsob, jak legitimizovat a zajistit svou vl\u00e1du.<\/span><\/p>\n<p><img decoding=\"async\" loading=\"lazy\" class=\"alignnone size-full wp-image-1185\" src=\"http:\/\/www.infokuryr.cz\/n\/wp-content\/uploads\/2021\/04\/kuryr-podpis.png\" alt=\"\" width=\"84\" height=\"24\" \/><\/p>\n<p><img decoding=\"async\" loading=\"lazy\" class=\"wp-image-86927 aligncenter\" src=\"http:\/\/www.infokuryr.cz\/n\/wp-content\/uploads\/2025\/09\/letak-volby-2025-konference-3-212x300.png\" alt=\"\" width=\"634\" height=\"897\" srcset=\"https:\/\/www.infokuryr.cz\/n\/wp-content\/uploads\/2025\/09\/letak-volby-2025-konference-3-212x300.png 212w, https:\/\/www.infokuryr.cz\/n\/wp-content\/uploads\/2025\/09\/letak-volby-2025-konference-3-724x1024.png 724w, https:\/\/www.infokuryr.cz\/n\/wp-content\/uploads\/2025\/09\/letak-volby-2025-konference-3-768x1086.png 768w, https:\/\/www.infokuryr.cz\/n\/wp-content\/uploads\/2025\/09\/letak-volby-2025-konference-3-1086x1536.png 1086w, https:\/\/www.infokuryr.cz\/n\/wp-content\/uploads\/2025\/09\/letak-volby-2025-konference-3-1448x2048.png 1448w, https:\/\/www.infokuryr.cz\/n\/wp-content\/uploads\/2025\/09\/letak-volby-2025-konference-3-1024x1448.png 1024w\" sizes=\"(max-width: 634px) 100vw, 634px\" \/><\/p>\n","protected":false},"excerpt":{"rendered":"<p>Izrael b\u011bhem prob\u00edhaj\u00edc\u00edch rozhovor\u016f S\u00fdrii sd\u011blil, \u017ee m\u00e1 v \u00famyslu udr\u017eet si kontrolu nad vrcholem&#8230;<\/p>\n","protected":false},"author":2,"featured_media":87908,"comment_status":"closed","ping_status":"closed","sticky":false,"template":"","format":"standard","meta":[],"categories":[7],"tags":[924,107,147],"_links":{"self":[{"href":"https:\/\/www.infokuryr.cz\/n\/wp-json\/wp\/v2\/posts\/87907"}],"collection":[{"href":"https:\/\/www.infokuryr.cz\/n\/wp-json\/wp\/v2\/posts"}],"about":[{"href":"https:\/\/www.infokuryr.cz\/n\/wp-json\/wp\/v2\/types\/post"}],"author":[{"embeddable":true,"href":"https:\/\/www.infokuryr.cz\/n\/wp-json\/wp\/v2\/users\/2"}],"replies":[{"embeddable":true,"href":"https:\/\/www.infokuryr.cz\/n\/wp-json\/wp\/v2\/comments?post=87907"}],"version-history":[{"count":0,"href":"https:\/\/www.infokuryr.cz\/n\/wp-json\/wp\/v2\/posts\/87907\/revisions"}],"wp:featuredmedia":[{"embeddable":true,"href":"https:\/\/www.infokuryr.cz\/n\/wp-json\/wp\/v2\/media\/87908"}],"wp:attachment":[{"href":"https:\/\/www.infokuryr.cz\/n\/wp-json\/wp\/v2\/media?parent=87907"}],"wp:term":[{"taxonomy":"category","embeddable":true,"href":"https:\/\/www.infokuryr.cz\/n\/wp-json\/wp\/v2\/categories?post=87907"},{"taxonomy":"post_tag","embeddable":true,"href":"https:\/\/www.infokuryr.cz\/n\/wp-json\/wp\/v2\/tags?post=87907"}],"curies":[{"name":"wp","href":"https:\/\/api.w.org\/{rel}","templated":true}]}}