{"id":87900,"date":"2025-09-17T00:16:16","date_gmt":"2025-09-16T22:16:16","guid":{"rendered":"https:\/\/www.infokuryr.cz\/n\/?p=87900"},"modified":"2025-09-16T08:52:14","modified_gmt":"2025-09-16T06:52:14","slug":"nemecka-podlezava-elita-a-nadchazejici-ekonomicky-krach","status":"publish","type":"post","link":"https:\/\/www.infokuryr.cz\/n\/2025\/09\/17\/nemecka-podlezava-elita-a-nadchazejici-ekonomicky-krach\/","title":{"rendered":"N\u011bmeck\u00e1 podl\u00e9zav\u00e1 elita a nadch\u00e1zej\u00edc\u00ed ekonomick\u00fd krach"},"content":{"rendered":"<div id=\"fb-root\"><\/div>\n<div class=\"elementor-element elementor-element-1fb4c2c elementor-widget elementor-widget-theme-post-content\" data-id=\"1fb4c2c\" data-element_type=\"widget\" data-widget_type=\"theme-post-content.default\">\n<div class=\"elementor-widget-container\">\n<p><span dir=\"auto\">Pokud jde o p\u0159\u00ed\u010diny kolapsu N\u011bmecka, panuje v p\u0159edstavenstvech korporac\u00ed i v politice kamenn\u00e9 ticho. Usadili se v zelen\u00e9 dota\u010dn\u00ed Valhalle. Mezit\u00edm se zd\u00e1, \u017ee kancl\u00e9\u0159 je se svou politikou spokojen\u00fd a v\u011brn\u011b se dr\u017e\u00ed komunika\u010dn\u00edch vzorc\u016f minulosti.<\/span><\/p>\n<p><span dir=\"auto\">Z pohledu medi\u00e1ln\u00ed politiky se Friedrich Merz podob\u00e1 dinosaurovi. Jeho ch\u00e1p\u00e1n\u00ed medi\u00e1ln\u00ed pr\u00e1ce se \u0159\u00edd\u00ed rutinou 90. let. Kdy\u017e vznikne deficit soci\u00e1ln\u00edho zabezpe\u010den\u00ed, Merz hlasit\u011b po\u017eaduje \u0161krty v rozpo\u010dtu. Kdy\u017e se odv\u011btv\u00ed dostane do krize, m\u00e1 \u201esummit\u201c poskytnout \u00falevu. Koali\u010dn\u00ed konflikty se \u0159e\u0161\u00ed p\u0159ed kamerami u piva. Pro st\u00e1le m\u00e9n\u011b anga\u017eovan\u00e9 publikum je to pomal\u00e1 komunikace \u2013 pokus potla\u010dit bolestiv\u00e9 p\u0159\u00edznaky ne\u00fasp\u011b\u0161n\u00e9 politick\u00e9 agendy, kter\u00e1 p\u0159erostla schopnost politik\u016f ji kontrolovat.<\/span><\/p>\n<h3><strong><span dir=\"auto\">Usm\u011bvav\u00fd a spokojen\u00fd<\/span><\/strong><\/h3>\n<p><span dir=\"auto\">A tak v p\u00e1tek r\u00e1no kancl\u00e9\u0159 prohl\u00e1sil, \u017ee je s rozhodnut\u00edmi sv\u00e9 vl\u00e1dy celkov\u011b spokojen \u2013 vesele, optimisticky a sebest\u0159edn\u011b. Jen komunikace, jak Merz \u0159ekl v \u201eCDU.TV\u201c, nech\u00e1vala n\u011bco schv\u00e1ln\u011b. V\u011brn\u00fd mottu: Pokud neexistuje politick\u00fd obsah, m\u011bl by alespo\u0148 styl p\u016fsobit harmonicky a slu\u0161n\u011b.<\/span><\/p>\n<p><span dir=\"auto\">Ministr financ\u00ed, kter\u00fd je\u0161t\u011b p\u0159ed p\u00e1r m\u011bs\u00edci prohl\u00e1sil, \u017ee \u201ep\u0159evzal kontrolu nad zem\u00ed\u201c, si tak s\u00e1m vynesl skv\u011bl\u00e9 vysv\u011bd\u010den\u00ed. Pro\u010d by se m\u011bl starat o skute\u010dn\u00fd stav n\u00e1roda, kter\u00fd je dlouhodob\u011b ozna\u010dov\u00e1n za syst\u00e9mov\u011b k\u0159ehk\u00fd z ekonomick\u00e9ho i dom\u00e1c\u00edho hlediska?<\/span><\/p>\n<p><span dir=\"auto\">V tuzemsku Merz ji\u017e selhal kv\u016fli skute\u010dnostem vytvo\u0159en\u00fdm n\u011bmeck\u00fdm stranick\u00fdm st\u00e1tem: nekontrolovan\u00e9 migraci a ideologick\u00e9mu p\u0159eprogramov\u00e1n\u00ed ekonomiky. V zahrani\u010d\u00ed je jeho nejv\u011bt\u0161\u00edm \u00fasp\u011bchem z\u00edsk\u00e1v\u00e1n\u00ed pen\u011bz na z\u00e1stupnou v\u00e1lku na Ukrajin\u011b a ob\u010dasn\u00e9 p\u00f3zov\u00e1n\u00ed p\u0159ed kamerami v Kyjev\u011b. Merz zt\u011bles\u0148uje kancl\u00e9\u0159e z minul\u00e9 \u00e9ry, kdy se zd\u00e1lo, \u017ee je v\u0161echno ovladateln\u00e9. V dne\u0161n\u00edm sv\u011bt\u011b se jeho hran\u00ed rol\u00ed jev\u00ed neohraban\u011b, bezc\u00edln\u011b a postr\u00e1d\u00e1 strategickou vizi, kterou na\u0161e doba vy\u017eaduje.<\/span><\/p>\n<h3><strong><span dir=\"auto\">N\u011bmecko nem\u00e1 \u017e\u00e1dn\u00e9 elity<\/span><\/strong><\/h3>\n<p><span dir=\"auto\">Merz se ve spole\u010dnosti nesetk\u00e1v\u00e1 s \u017e\u00e1dn\u00fdm v\u00e1\u017en\u00fdm odporem, proto\u017ee N\u011bmecku chyb\u00ed d\u016fv\u011bryhodn\u00e9 elity. Skute\u010dn\u00e1 elita \u2013 a\u0165 u\u017e v politice nebo v podnik\u00e1n\u00ed \u2013 by m\u011bla pochopit \u0161ir\u0161\u00ed politickou agendu, hluboce porozum\u011bt \u00fast\u0159edn\u00edm ot\u00e1zk\u00e1m spole\u010densk\u00e9ho pokroku a p\u0159edlo\u017eit je ve\u0159ejnosti k st\u0159\u00edzliv\u00e9 diskusi.<\/span><\/p>\n<p><span dir=\"auto\">Kritika elit se neomezuje pouze na jejich ml\u010den\u00ed o ekologick\u00e9m socialismu, kter\u00fd se spole\u010dnost\u00ed prohnal jako mor. Etick\u00fd z\u00e1klad skute\u010dn\u00e9 elity zahrnuje d\u016fslednou anal\u00fdzu konflikt\u016f a problematick\u00e9ho v\u00fdvoje. Zeptejte se sami sebe, pro\u010d v N\u011bmecku \u2013 a v cel\u00e9 Evrop\u011b \u2013 neprob\u00edh\u00e1 ani sebemen\u0161\u00ed ve\u0159ejn\u00e1 debata o na\u0161em m\u011bnov\u00e9m syst\u00e9mu a jeho syst\u00e9mov\u00e9m ni\u010den\u00ed kupn\u00ed s\u00edly.<\/span><\/p>\n<p><span dir=\"auto\">M\u011bnov\u00e1 politika vede temnou existenci a pravda o politick\u00e9m veden\u00ed je jen z\u0159\u00eddka tak jasn\u00e1 jako v p\u0159\u00edpad\u011b naprost\u00e9ho selh\u00e1n\u00ed Ursuly von der Leyen v obchodn\u00edch jedn\u00e1n\u00edch se Spojen\u00fdmi st\u00e1ty. Geostrategick\u00e1 budoucnost EU le\u017e\u00ed v rukou diletant\u016f a ideologicky zaslepen\u00fdch amat\u00e9r\u016f.<\/span><\/p>\n<p><span dir=\"auto\">Skute\u010dn\u00e1 elita by se sna\u017eila zasadit N\u011bmecko do reorganizuj\u00edc\u00edho se sv\u011bta se st\u00e1ty BRICS, otev\u0159\u00edt obchodn\u00ed cesty a vy\u0159e\u0161it fat\u00e1ln\u00ed zapojen\u00ed do z\u00e1stupn\u00e9 v\u00e1lky na Ukrajin\u011b. Nic z toho se ned\u011bje.<\/span><\/p>\n<h3><strong><span dir=\"auto\">Polovi\u010dn\u00ed znalosti na odyseji<\/span><\/strong><\/h3>\n<p><span dir=\"auto\">A p\u0159esto tlak z ulic pomalu dol\u00e9h\u00e1 do Berl\u00edna. Exploduj\u00edc\u00ed bankroty ji\u017e zanech\u00e1vaj\u00ed stopy na trhu pr\u00e1ce a ve fondech soci\u00e1ln\u00edho zabezpe\u010den\u00ed \u2013 a brzy zp\u016fsob\u00ed zmatek i ve ve\u0159ejn\u00fdch financ\u00edch.<\/span><\/p>\n<p><span dir=\"auto\">V obc\u00edch, kter\u00e9 nejv\u00edce utrp\u011bly infantiln\u00ed transforma\u010dn\u00ed politikou \u2013 sta\u010d\u00ed vzpomenout na Stuttgart, b\u00fdval\u00e9 srdce n\u011bmeck\u00e9ho automobilov\u00e9ho pr\u016fmyslu \u2013 jsou obecn\u00ed pokladny ji\u017e vy\u010derpan\u00e9.<\/span><\/p>\n<p><span dir=\"auto\">Bavorsk\u00fd ministersk\u00fd p\u0159edseda Markus S\u00f6der v p\u00e1tek vyzval k \u201emal\u00e9 revoluci\u201c: n\u00e1vratu spalovac\u00edho motoru. Z\u00e1rove\u0148 v\u0161ak trval na pokra\u010duj\u00edc\u00ed podpo\u0159e elektromobility. S\u00f6der nech\u00e1pal, co je ve skute\u010dnosti v s\u00e1zce: jeho pr\u00e1ce a budoucnost jeho vlastn\u00edch d\u011bt\u00ed.<\/span><\/p>\n<p><span dir=\"auto\">Je nejlep\u0161\u00edm p\u0159\u00edkladem probl\u00e9mu elit: Jen matn\u011b vn\u00edmaj\u00ed souvislosti, ale opakovan\u011b vyvozuj\u00ed chybn\u00e9 z\u00e1v\u011bry, proto\u017ee jsou p\u0159\u00edli\u0161 hluboce zapleteny do s\u00edt\u00ed Bruselu, Berl\u00edna a mocensk\u00e9ho apar\u00e1tu lobbistick\u00fdch z\u00e1jm\u016f.<\/span><\/p>\n<h3><strong><span dir=\"auto\">Soci\u00e1ln\u00ed podnikatel<\/span><\/strong><\/h3>\n<p><span dir=\"auto\">Vezm\u011bte si lobbisty sol\u00e1rn\u00edho pr\u016fmyslu \u2013 nebo obecn\u011bji zelen\u00e9 transformace a krach ekonomiky. I zde vid\u00edme korporativismus: t\u011bsn\u00e9 propojen\u00ed politiky a byznysu do kartelu se spole\u010dn\u00fdmi z\u00e1jmy. Je to historick\u00fd, opakuj\u00edc\u00ed se jev, kter\u00fd obvykle ozna\u010duje z\u00e1v\u011bre\u010dnou kapitolu soci\u00e1ln\u00edch a ekonomick\u00fdch cykl\u016f. Motto zn\u00ed: Vezmi si, co m\u016f\u017ee\u0161 dostat, a k \u010dertu s t\u00edm, co p\u0159ijde potom \u2013\u00a0<\/span><em><span dir=\"auto\">po mn\u011b potopa<\/span><\/em><span dir=\"auto\">\u00a0!<\/span><\/p>\n<p><span dir=\"auto\">Skute\u010dn\u00e9 elity vytv\u00e1\u0159ej\u00ed hodnotu sv\u00fdmi vlastn\u00edmi \u010diny \u2013 bez od\u010derp\u00e1v\u00e1n\u00ed anonymn\u00edch finan\u010dn\u00edch prost\u0159edk\u016f prost\u0159ednictv\u00edm politick\u00fdch slib\u016f nebo donucovac\u00edho apar\u00e1tu st\u00e1tu.<\/span><\/p>\n<p><span dir=\"auto\">Zelen\u00e1 politika EU dala vzniknout podnikateli v oblasti dotac\u00ed. Tento politick\u00fd akt\u00e9r se v podstat\u011b podob\u00e1 p\u0159\u00edjemci soci\u00e1ln\u00edch d\u00e1vek, kter\u00fd se spol\u00e9h\u00e1 na ve\u0159ejn\u00e9 d\u00e1vky a spole\u010dnost vn\u00edm\u00e1 pouze jako pokladn\u00edka za svou zbyte\u010dnou \u010dinnost. Nevyr\u00e1b\u00ed \u017e\u00e1dn\u00e9 zbo\u017e\u00ed ani slu\u017eby, po kter\u00fdch by byl trh \u017e\u00e1dan\u00fd, a proto nikdy nedos\u00e1hne statusu ekonomick\u00e9 elity, kter\u00e1 se mus\u00ed legitimizovat prost\u0159ednictv\u00edm \u00fasp\u011bch\u016f a v\u00fdkon\u016f.<\/span><\/p>\n<h3><strong><span dir=\"auto\">P\u0159\u00edprava na n\u00e1sledky<\/span><\/strong><\/h3>\n<p><span dir=\"auto\">Mo\u017en\u00e1 si n\u011bkte\u0159\u00ed z v\u00e1s je\u0161t\u011b pamatuj\u00ed to rann\u00ed setk\u00e1n\u00ed u k\u00e1vy, kter\u00e9 kancl\u00e9\u0159 nazval \u201einvesti\u010dn\u00edm summitem\u201c, kde se s n\u00edm setkalo 61 n\u011bmeck\u00fdch gener\u00e1ln\u00edch \u0159editel\u016f, aby si ud\u011blali fotku. M\u00e9dia ho prezentovala jako \u201eVyrobeno pro N\u011bmecko\u201c, ale ve skute\u010dnosti to byl symbol korpor\u00e1tn\u00edho status quo. V\u0161echno to bylo zinscenovan\u00e9; nikdo se neodv\u00e1\u017eil porazit jedno ze zlat\u00fdch telat politiky \u2013 jako nap\u0159\u00edklad Zelenou dohodu \u2013 aby signalizoval skute\u010dn\u011b nov\u00fd za\u010d\u00e1tek.<\/span><\/p>\n<p><span dir=\"auto\">Skute\u010dn\u00fd investi\u010dn\u00ed summit by musel nechat politiku stranou. Spojil by p\u0159edn\u00ed korporace a \u2013 ide\u00e1ln\u011b \u2013 st\u0159edn\u00ed podniky (kter\u00fdch je v N\u011bmecku m\u00e1lo), aby vypracovaly jasn\u00fd seznam po\u017eadavk\u016f a vyvinuly tlak na politiky. N\u011bmeck\u00e1 ekonomika u\u017e d\u00e1vno p\u0159ekro\u010dila bod, odkud nen\u00ed n\u00e1vratu. Krize je nevyhnuteln\u00e1, a\u0165 u\u017e se nyn\u00ed pokus\u00edme o jak\u00e9koli reformy.<\/span><\/p>\n<p><span dir=\"auto\">Plach\u00e9 st\u00ed\u017enosti gener\u00e1ln\u00edho \u0159editele Mercedes-Benz Oly K\u00e4lleniuse nebo odborov\u00e9ho svazu chemick\u00fdch pracovn\u00edk\u016f IGBCE na vysok\u00e9 ceny energi\u00ed na tom nic nem\u011bn\u00ed. Vyh\u00fdbaj\u00ed se jmenov\u00e1n\u00ed skute\u010dn\u00e9 p\u0159\u00ed\u010diny: zelen\u00e9 transformace a nespoutan\u00e9ho ekosocialismu, kter\u00fd zemi paralyzuje.<\/span><\/p>\n<p><span dir=\"auto\">Podnikatel\u00e9 by v\u0161ak mohli rozhoduj\u00edc\u00edm zp\u016fsobem p\u0159isp\u011bt nast\u00edn\u011bn\u00edm ekonomick\u00e9ho r\u00e1mce pro obdob\u00ed po krizi \u2013 stejn\u011b jako byl Brettonwoodsk\u00fd syst\u00e9m vytvo\u0159en p\u0159ed koncem druh\u00e9 sv\u011btov\u00e9 v\u00e1lky.<\/span><\/p>\n<p><span dir=\"auto\">Tento r\u00e1mec je jednoduch\u00fd: N\u011bmecko se mus\u00ed vr\u00e1tit k voln\u00fdm trh\u016fm a soukrom\u00e9mu vlastnictv\u00ed a sm\u011b\u0159ovat k minim\u00e1ln\u00edmu st\u00e1tu, kter\u00fd se z\u0159ekne intervencionismu a ideologick\u00e9 kontroly.<\/span><\/p>\n<p><span dir=\"auto\">D\u016fle\u017eitost vylou\u010den\u00ed politiky \u2013 kter\u00e1 m\u00e1 sklony k ideologick\u00fdm exces\u016fm a intelektu\u00e1ln\u00ed redukci ekonomick\u00e9 slo\u017eitosti \u2013 z formov\u00e1n\u00ed tohoto r\u00e1mce a jeho omezen\u00ed na implementaci dokazuje katastrofa, do kter\u00e9 n\u00e1s tito ideologov\u00e9 ji\u017e uvrhli.<\/span><\/p>\n<p><span dir=\"auto\">*<\/span><\/p>\n<p><em><span dir=\"auto\"><strong>O autorovi: Thomas Kolbe,<\/strong> n\u011bmeck\u00fd ekonom, pracoval jako novin\u00e1\u0159 a medi\u00e1ln\u00ed producent pro klienty z r\u016fzn\u00fdch odv\u011btv\u00ed a obchodn\u00edch sdru\u017een\u00ed. Jako publicista se zam\u011b\u0159uje na ekonomick\u00e9 procesy a sleduje geopolitick\u00fd v\u00fdvoj z pohledu kapit\u00e1lov\u00fdch trh\u016f. Jeho publikace se \u0159\u00edd\u00ed filozofi\u00ed, kter\u00e1 se zam\u011b\u0159uje na jednotlivce a jeho pr\u00e1vo na sebeur\u010den\u00ed.<\/span><\/em><\/p>\n<\/div>\n<\/div>\n<div class=\"elementor-element elementor-element-8c57238 quelle dc-has-condition dc-condition-empty elementor-widget elementor-widget-heading\" data-id=\"8c57238\" data-element_type=\"widget\" data-widget_type=\"heading.default\">\n<div class=\"elementor-widget-container\">\n<h3 class=\"elementor-heading-title elementor-size-default\"><span style=\"font-size: 10pt;\"><a href=\"https:\/\/www.zerohedge.com\/markets\/germanys-sycophantic-elite-and-coming-economic-crash\" target=\"_blank\" rel=\"nofollow noopener\"><span dir=\"auto\">Zdroj<\/span><\/a><\/span><\/h3>\n<p><img decoding=\"async\" loading=\"lazy\" class=\"wp-image-86927 aligncenter\" src=\"http:\/\/www.infokuryr.cz\/n\/wp-content\/uploads\/2025\/09\/letak-volby-2025-konference-3-212x300.png\" alt=\"\" width=\"767\" height=\"1085\" srcset=\"https:\/\/www.infokuryr.cz\/n\/wp-content\/uploads\/2025\/09\/letak-volby-2025-konference-3-212x300.png 212w, https:\/\/www.infokuryr.cz\/n\/wp-content\/uploads\/2025\/09\/letak-volby-2025-konference-3-724x1024.png 724w, https:\/\/www.infokuryr.cz\/n\/wp-content\/uploads\/2025\/09\/letak-volby-2025-konference-3-768x1086.png 768w, https:\/\/www.infokuryr.cz\/n\/wp-content\/uploads\/2025\/09\/letak-volby-2025-konference-3-1086x1536.png 1086w, https:\/\/www.infokuryr.cz\/n\/wp-content\/uploads\/2025\/09\/letak-volby-2025-konference-3-1448x2048.png 1448w, https:\/\/www.infokuryr.cz\/n\/wp-content\/uploads\/2025\/09\/letak-volby-2025-konference-3-1024x1448.png 1024w\" sizes=\"(max-width: 767px) 100vw, 767px\" \/><\/p>\n<\/div>\n<\/div>\n","protected":false},"excerpt":{"rendered":"<p>Pokud jde o p\u0159\u00ed\u010diny kolapsu N\u011bmecka, panuje v p\u0159edstavenstvech korporac\u00ed i v politice kamenn\u00e9 ticho&#8230;.<\/p>\n","protected":false},"author":2,"featured_media":59018,"comment_status":"closed","ping_status":"closed","sticky":false,"template":"","format":"standard","meta":[],"categories":[7],"tags":[1042,59,371,84],"_links":{"self":[{"href":"https:\/\/www.infokuryr.cz\/n\/wp-json\/wp\/v2\/posts\/87900"}],"collection":[{"href":"https:\/\/www.infokuryr.cz\/n\/wp-json\/wp\/v2\/posts"}],"about":[{"href":"https:\/\/www.infokuryr.cz\/n\/wp-json\/wp\/v2\/types\/post"}],"author":[{"embeddable":true,"href":"https:\/\/www.infokuryr.cz\/n\/wp-json\/wp\/v2\/users\/2"}],"replies":[{"embeddable":true,"href":"https:\/\/www.infokuryr.cz\/n\/wp-json\/wp\/v2\/comments?post=87900"}],"version-history":[{"count":0,"href":"https:\/\/www.infokuryr.cz\/n\/wp-json\/wp\/v2\/posts\/87900\/revisions"}],"wp:featuredmedia":[{"embeddable":true,"href":"https:\/\/www.infokuryr.cz\/n\/wp-json\/wp\/v2\/media\/59018"}],"wp:attachment":[{"href":"https:\/\/www.infokuryr.cz\/n\/wp-json\/wp\/v2\/media?parent=87900"}],"wp:term":[{"taxonomy":"category","embeddable":true,"href":"https:\/\/www.infokuryr.cz\/n\/wp-json\/wp\/v2\/categories?post=87900"},{"taxonomy":"post_tag","embeddable":true,"href":"https:\/\/www.infokuryr.cz\/n\/wp-json\/wp\/v2\/tags?post=87900"}],"curies":[{"name":"wp","href":"https:\/\/api.w.org\/{rel}","templated":true}]}}